{"id":37999,"date":"2025-04-20T04:33:12","date_gmt":"2025-04-20T04:33:12","guid":{"rendered":"https:\/\/www.europesays.com\/fr\/37999\/"},"modified":"2025-04-20T04:33:12","modified_gmt":"2025-04-20T04:33:12","slug":"le-chocolat-sous-toutes-ses-formes","status":"publish","type":"post","link":"https:\/\/www.europesays.com\/fr\/37999\/","title":{"rendered":"le chocolat sous toutes ses formes"},"content":{"rendered":"<p>Le week-end pascal fait toujours le bonheur des fous de chocolat, qu\u2019ils soient petits ou grands. Et m\u00eame si <a href=\"https:\/\/www.estrepublicain.fr\/economie\/2025\/04\/07\/paques-pourquoi-vos-lapins-en-chocolat-vous-couteront-plus-cher-cette-annee\" target=\"_blank\" rel=\"noopener\">le prix du chocolat s\u2019envole<\/a> , cela n\u2019emp\u00eachera pas les amateurs de d\u00e9guster des millions de moulages ce week-end. Mais derri\u00e8re chaque \u0153uf, poule, lapin ou cloche en chocolat, il y a toujours des moules, ces moules que les boulangers-p\u00e2tissiers et chocolatiers utilisent pour donner diff\u00e9rentes formes \u00e0 leurs chocolats.<\/p>\n<p>\u00ab\u00a0Les professionnels anticipent beaucoup\u00a0\u00bb<\/p>\n<p>A Ludres, dans l\u2019agglom\u00e9ration de Nancy, <a href=\"https:\/\/www.estrepublicain.fr\/economie\/2024\/07\/19\/la-maison-meon-s-installe-sur-le-dynapole\" target=\"_blank\" rel=\"noopener\">les \u00e9tablissements Charles-M\u00e9on,<\/a> dirig\u00e9s par Didier Willaume, vendent des milliers de produits \u00e0 tous les professionnels des m\u00e9tiers de bouche dans toute la Lorraine et au Luxembourg. Avant P\u00e2ques, les moules pour r\u00e9alisations en chocolat font \u00e9videmment partie de leurs listes d\u2019emplettes. \u00ab\u00a0Les professionnels anticipent beaucoup\u00a0\u00bb, observe Alice Villa, g\u00e9rante du magasin M\u00e9on 1890 et p\u00e2tissi\u00e8re, \u00ab\u00a0il y a des chocolatiers ou p\u00e2tissiers qui se mettent d\u00e9j\u00e0 sur P\u00e2ques d\u00e8s que les&#8230;<\/p>\n","protected":false},"excerpt":{"rendered":"Le week-end pascal fait toujours le bonheur des fous de chocolat, qu\u2019ils soient petits ou grands. Et m\u00eame&hellip;\n","protected":false},"author":2,"featured_media":38000,"comment_status":"","ping_status":"","sticky":false,"template":"","format":"standard","meta":{"footnotes":""},"categories":[9635],"tags":[1111,11,4406,130,1687,33,1707,1704,1777,674,1011,27,775,11413,9649,1702,12,2661,5889,25,104,216],"class_list":{"0":"post-37999","1":"post","2":"type-post","3":"status-publish","4":"format-standard","5":"has-post-thumbnail","7":"category-nancy","8":"tag-actu","9":"tag-actualites","10":"tag-commerce-et-services","11":"tag-consommation","12":"tag-culture-loisirs","13":"tag-economie","14":"tag-edition-luneville","15":"tag-edition-nancy-et-agglomeration","16":"tag-eu","17":"tag-europe","18":"tag-fr","19":"tag-france","20":"tag-grand-est","21":"tag-ludres","22":"tag-metropole-du-grand-nancy-54b2","23":"tag-nancy","24":"tag-news","25":"tag-patrimoine-culturel","26":"tag-religion-croyance","27":"tag-republique-francaise","28":"tag-societe","29":"tag-vie-des-entreprises"},"share_on_mastodon":{"url":"https:\/\/pubeurope.com\/@fr\/114368427108892087","error":""},"_links":{"self":[{"href":"https:\/\/www.europesays.com\/fr\/wp-json\/wp\/v2\/posts\/37999","targetHints":{"allow":["GET"]}}],"collection":[{"href":"https:\/\/www.europesays.com\/fr\/wp-json\/wp\/v2\/posts"}],"about":[{"href":"https:\/\/www.europesays.com\/fr\/wp-json\/wp\/v2\/types\/post"}],"author":[{"embeddable":true,"href":"https:\/\/www.europesays.com\/fr\/wp-json\/wp\/v2\/users\/2"}],"replies":[{"embeddable":true,"href":"https:\/\/www.europesays.com\/fr\/wp-json\/wp\/v2\/comments?post=37999"}],"version-history":[{"count":0,"href":"https:\/\/www.europesays.com\/fr\/wp-json\/wp\/v2\/posts\/37999\/revisions"}],"wp:featuredmedia":[{"embeddable":true,"href":"https:\/\/www.europesays.com\/fr\/wp-json\/wp\/v2\/media\/38000"}],"wp:attachment":[{"href":"https:\/\/www.europesays.com\/fr\/wp-json\/wp\/v2\/media?parent=37999"}],"wp:term":[{"taxonomy":"category","embeddable":true,"href":"https:\/\/www.europesays.com\/fr\/wp-json\/wp\/v2\/categories?post=37999"},{"taxonomy":"post_tag","embeddable":true,"href":"https:\/\/www.europesays.com\/fr\/wp-json\/wp\/v2\/tags?post=37999"}],"curies":[{"name":"wp","href":"https:\/\/api.w.org\/{rel}","templated":true}]}}