{"id":379999,"date":"2025-09-10T10:11:11","date_gmt":"2025-09-10T10:11:11","guid":{"rendered":"https:\/\/www.europesays.com\/fr\/379999\/"},"modified":"2025-09-10T10:11:11","modified_gmt":"2025-09-10T10:11:11","slug":"48-heures-avec-laure-lavalette-a-toulon","status":"publish","type":"post","link":"https:\/\/www.europesays.com\/fr\/379999\/","title":{"rendered":"48 heures avec Laure Lavalette \u00e0 Toulon"},"content":{"rendered":"<p>Laure Lavalette, 47 ans, d\u00e9put\u00e9e du Var, est devenue une des personnalit\u00e9s politiques incontournables du Rassemblement National. D\u00e9couverte par le grand public lors de la derni\u00e8re \u00e9lection pr\u00e9sidentielle, Lavalette s\u2019est forg\u00e9e une solide r\u00e9putation de puncheuse, sur les plateaux t\u00e9l\u00e9, comme \u00e0 l\u2019Assembl\u00e9e nationale. D\u2019abord originaire de Bordeaux, l\u2019\u00e9lue a pos\u00e9 ses valises \u00e0 Toulon il y a 28 ans et nous re\u00e7oit dans sa ville pour nous pr\u00e9senter les coins embl\u00e9matiques toulonnais.<\/p>\n<p><a href=\"https:\/\/www.valeursactuelles.com\/politique\/municipales-2026-laure-lavalette-donnee-tres-largement-en-tete-a-toulon\" class=\"h-flex h-align-items-center h-border-tb h-ptb-15\" target=\"_blank\" rel=\"noopener\">A\u00a0LIRE\u00a0Municipales 2026 : Laure Lavalette donn\u00e9e tr\u00e8s largement en t\u00eate \u00e0 Toulon<\/a><\/p>\n<p>\u00a0<\/p>\n","protected":false},"excerpt":{"rendered":"Laure Lavalette, 47 ans, d\u00e9put\u00e9e du Var, est devenue une des personnalit\u00e9s politiques incontournables du Rassemblement National. D\u00e9couverte&hellip;\n","protected":false},"author":2,"featured_media":380000,"comment_status":"","ping_status":"","sticky":false,"template":"","format":"standard","meta":{"footnotes":""},"categories":[9619],"tags":[1111,11,1777,674,1011,27,36671,6128,430,12,882,1078,25,2310,29721,7506],"class_list":{"0":"post-379999","1":"post","2":"type-post","3":"status-publish","4":"format-standard","5":"has-post-thumbnail","7":"category-toulon","8":"tag-actu","9":"tag-actualites","10":"tag-eu","11":"tag-europe","12":"tag-fr","13":"tag-france","14":"tag-laure-lavalette","15":"tag-marine","16":"tag-marine-le-pen","17":"tag-news","18":"tag-provence-alpes-cote-dazur","19":"tag-rassemblement-national","20":"tag-republique-francaise","21":"tag-toulon","22":"tag-va","23":"tag-var"},"share_on_mastodon":{"url":"https:\/\/pubeurope.com\/@fr\/115179466530715445","error":""},"_links":{"self":[{"href":"https:\/\/www.europesays.com\/fr\/wp-json\/wp\/v2\/posts\/379999","targetHints":{"allow":["GET"]}}],"collection":[{"href":"https:\/\/www.europesays.com\/fr\/wp-json\/wp\/v2\/posts"}],"about":[{"href":"https:\/\/www.europesays.com\/fr\/wp-json\/wp\/v2\/types\/post"}],"author":[{"embeddable":true,"href":"https:\/\/www.europesays.com\/fr\/wp-json\/wp\/v2\/users\/2"}],"replies":[{"embeddable":true,"href":"https:\/\/www.europesays.com\/fr\/wp-json\/wp\/v2\/comments?post=379999"}],"version-history":[{"count":0,"href":"https:\/\/www.europesays.com\/fr\/wp-json\/wp\/v2\/posts\/379999\/revisions"}],"wp:featuredmedia":[{"embeddable":true,"href":"https:\/\/www.europesays.com\/fr\/wp-json\/wp\/v2\/media\/380000"}],"wp:attachment":[{"href":"https:\/\/www.europesays.com\/fr\/wp-json\/wp\/v2\/media?parent=379999"}],"wp:term":[{"taxonomy":"category","embeddable":true,"href":"https:\/\/www.europesays.com\/fr\/wp-json\/wp\/v2\/categories?post=379999"},{"taxonomy":"post_tag","embeddable":true,"href":"https:\/\/www.europesays.com\/fr\/wp-json\/wp\/v2\/tags?post=379999"}],"curies":[{"name":"wp","href":"https:\/\/api.w.org\/{rel}","templated":true}]}}