{"id":38001,"date":"2025-04-20T04:34:13","date_gmt":"2025-04-20T04:34:13","guid":{"rendered":"https:\/\/www.europesays.com\/fr\/38001\/"},"modified":"2025-04-20T04:34:13","modified_gmt":"2025-04-20T04:34:13","slug":"lorraine-nez-bouche-et-sil-sagissait-dune-polypose-nasale-une-journee-de-sensibilisation-au-chru-de-nancy","status":"publish","type":"post","link":"https:\/\/www.europesays.com\/fr\/38001\/","title":{"rendered":"Lorraine. Nez bouch\u00e9, et s\u2019il s\u2019agissait d\u2019une polypose nasale\u00a0? Une journ\u00e9e de sensibilisation au CHRU de Nancy"},"content":{"rendered":"<p>Le service ORL du CHRU de Nancy se mobilise le mardi 22\u00a0avril pour sensibiliser le public \u00e0 la polypose nasale. C\u2019est une maladie si grave qu\u2019elle m\u00e9rite une journ\u00e9e mondiale\u00a0?<\/p>\n<p><strong>Pr C\u00e9cile Rumeau\u00a0:<\/strong> \u00ab\u00a0Grave, non. Ce n\u2019est pas une maladie qui peut d\u00e9g\u00e9n\u00e9rer en cancer. Mais, elle peut devenir invalidante avec le temps et avoir des cons\u00e9quences plus g\u00e9n\u00e9rales sur l\u2019\u00e9tat de sant\u00e9. Elle va, notamment, jouer sur la qualit\u00e9 du sommeil. Une polypose avanc\u00e9e peut \u00eatre associ\u00e9e \u00e0 de <a href=\"https:\/\/www.estrepublicain.fr\/sante\/2025\/03\/14\/apnee-du-sommeil-le-nombre-de-patients-atteints-augmente-d-annee-en-annee\" target=\"_blank\" rel=\"noopener\">l\u2019apn\u00e9e du sommeil<\/a>. Et puis, on estime qu\u2019elle touche tout de m\u00eame entre 2 et 4\u00a0% de la population g\u00e9n\u00e9rale.\u00a0\u00bb<\/p>\n<blockquote class=\"question\"><p>D\u00e9crivez-nous cette maladie.<\/p><\/blockquote>\n<p>\u00ab\u00a0La polypose nasale est souvent assimil\u00e9e aux sinusites chroniques. C\u2019est&#8230;<\/p>\n","protected":false},"excerpt":{"rendered":"Le service ORL du CHRU de Nancy se mobilise le mardi 22\u00a0avril pour sensibiliser le public \u00e0 la&hellip;\n","protected":false},"author":2,"featured_media":38002,"comment_status":"","ping_status":"","sticky":false,"template":"","format":"standard","meta":{"footnotes":""},"categories":[9635],"tags":[1111,11,1704,1777,674,107,1011,27,775,5362,224,3457,1702,1703,12,3456,25,71],"class_list":{"0":"post-38001","1":"post","2":"type-post","3":"status-publish","4":"format-standard","5":"has-post-thumbnail","7":"category-nancy","8":"tag-actu","9":"tag-actualites","10":"tag-edition-nancy-et-agglomeration","11":"tag-eu","12":"tag-europe","13":"tag-fil-info","14":"tag-fr","15":"tag-france","16":"tag-grand-est","17":"tag-magazine-sante","18":"tag-medecine","19":"tag-meurthe-et-moselle","20":"tag-nancy","21":"tag-nancy-ville-54b","22":"tag-news","23":"tag-region-lorraine","24":"tag-republique-francaise","25":"tag-sante"},"share_on_mastodon":{"url":"https:\/\/pubeurope.com\/@fr\/114368431098404316","error":""},"_links":{"self":[{"href":"https:\/\/www.europesays.com\/fr\/wp-json\/wp\/v2\/posts\/38001","targetHints":{"allow":["GET"]}}],"collection":[{"href":"https:\/\/www.europesays.com\/fr\/wp-json\/wp\/v2\/posts"}],"about":[{"href":"https:\/\/www.europesays.com\/fr\/wp-json\/wp\/v2\/types\/post"}],"author":[{"embeddable":true,"href":"https:\/\/www.europesays.com\/fr\/wp-json\/wp\/v2\/users\/2"}],"replies":[{"embeddable":true,"href":"https:\/\/www.europesays.com\/fr\/wp-json\/wp\/v2\/comments?post=38001"}],"version-history":[{"count":0,"href":"https:\/\/www.europesays.com\/fr\/wp-json\/wp\/v2\/posts\/38001\/revisions"}],"wp:featuredmedia":[{"embeddable":true,"href":"https:\/\/www.europesays.com\/fr\/wp-json\/wp\/v2\/media\/38002"}],"wp:attachment":[{"href":"https:\/\/www.europesays.com\/fr\/wp-json\/wp\/v2\/media?parent=38001"}],"wp:term":[{"taxonomy":"category","embeddable":true,"href":"https:\/\/www.europesays.com\/fr\/wp-json\/wp\/v2\/categories?post=38001"},{"taxonomy":"post_tag","embeddable":true,"href":"https:\/\/www.europesays.com\/fr\/wp-json\/wp\/v2\/tags?post=38001"}],"curies":[{"name":"wp","href":"https:\/\/api.w.org\/{rel}","templated":true}]}}