{"id":380013,"date":"2025-09-10T10:18:09","date_gmt":"2025-09-10T10:18:09","guid":{"rendered":"https:\/\/www.europesays.com\/fr\/380013\/"},"modified":"2025-09-10T10:18:09","modified_gmt":"2025-09-10T10:18:09","slug":"entre-crises-sanitaires-eau-et-sage-vilaine-la-fdsea-dille-et-vilaine-alerte-sur-les-urgences-agricoles","status":"publish","type":"post","link":"https:\/\/www.europesays.com\/fr\/380013\/","title":{"rendered":"Entre crises sanitaires, eau et SAGE Vilaine, la FDSEA d&rsquo;Ille et Vilaine alerte sur les urgences agricoles"},"content":{"rendered":"<p>            Par<br \/>\n        <strong><br \/>\n            <a href=\"https:\/\/actu.fr\/auteur\/bertrand-dumarche\" title=\"Consulter tous les articles de Bertrand Dumarch\u00e9\" target=\"_blank\" rel=\"noopener\">Bertrand Dumarch\u00e9<\/a><br \/>\n        <\/strong><\/p>\n<p>        Publi\u00e9 le<\/p>\n<p>            10 sept. 2025 \u00e0 12h06        <\/p>\n<p data-end=\"750\">\u00ab Le syndicalisme majoritaire doit \u00eatre entendu \u00bb, a rappel\u00e9 <b>C\u00e9dric Henry, pr\u00e9sident de la FDSEA 35<\/b>, en ouvrant la conf\u00e9rence de presse de rentr\u00e9e. L\u2019organisation se dit pr\u00eate \u00e0 d\u00e9fendre \u00ab tous les mod\u00e8les de production et tous les circuits, \u00e0 condition que les projets soient coh\u00e9rents \u00bb.<\/p>\n<p>MAEC : une dynamique frein\u00e9e par le manque de moyens<\/p>\n<p data-end=\"1150\" class=\" wall-content\">Premier dossier \u00e9voqu\u00e9 : les <b>mesures agro-environnementales et climatiques (MAEC)<\/b>. En Bretagne, 1 350 demandes ont \u00e9t\u00e9 d\u00e9pos\u00e9es en 2025, mais seules 837 seront financ\u00e9es. \u00ab Nous saluons la dynamique, mais il faut que l\u2019\u00c9tat suive \u00bb, insiste <b>La\u00ebtitia Bouvier.<\/b> Pour le syndicat, l\u2019absence d\u2019ambition et de financement freine la transition.<\/p>\n<p>Sanitaire : la FCO explose, vigilance en aviculture<\/p>\n<p data-end=\"1845\" class=\" wall-content\">La situation sanitaire reste pr\u00e9occupante. \u00ab <b>La FCO s\u00e9rotypes 3 et 8 explose<\/b>, quasiment tous les \u00e9leveurs sont touch\u00e9s \u00bb, constate la FDSEA. Peu d\u2019impact imm\u00e9diat sur la collecte, mais les avortements r\u00e9p\u00e9t\u00e9s inqui\u00e8tent pour l\u2019avenir du veau de boucherie. \u00ab Un seul mot d\u2019ordre : il faut vacciner \u00bb, mart\u00e8le l\u2019organisation, qui demande la prise en charge des campagnes par l\u2019\u00c9tat.<\/p>\n<p class=\" wall-content\">C\u00f4t\u00e9 volaille, la grippe aviaire n\u2019a pas touch\u00e9 les \u00e9levages, mais la vigilance reste de mise apr\u00e8s la d\u00e9couverte d\u2019oiseaux sauvages morts. Dans les serres de tomates, les insectes compliquent aussi la production.<\/p>\n<p>Loi Duplomb-M\u00e9nonville<\/p>\n<p class=\" wall-content\">La FDSEA soutient cette loi. Concernant l\u2019ac\u00e9tamipride, rien n\u2019est\u00a0r\u00e9gl\u00e9, des produits \u00e9trangers trait\u00e9s \u00e0 l\u2019ac\u00e9tamipride\u00a0continuent d\u2019entrer sur le march\u00e9 fran\u00e7ais.<\/p>\n<p>Vid\u00e9os : en ce moment sur Actu<\/p>\n<p class=\" wall-content\">Sur les ICPE, C\u00e9dric Henry se f\u00e9licite du rel\u00e8vement des seuils de d\u00e9claration-ICPE pour les \u00e9levages. Cela veut dire \u00ab moins de proc\u00e9dures lourdes pour les projets d\u2019agrandissement ou de cr\u00e9ation de b\u00e2timents \u00bb.<\/p>\n<p class=\" wall-content\">Au sujet de l\u2019eau : priorit\u00e9 \u00e0 l\u2019abreuvement et reconnaissance des retenues.\u00a0Le r\u00e9chauffement climatique rend la gestion de l\u2019eau centrale. \u00ab Nous avons eu une ann\u00e9e embl\u00e9matique, avec inondations puis s\u00e9cheresse \u00bb, rappelle La\u00ebtitia Bouvier. La FDSEA demande que le stockage soit reconnu d\u2019int\u00e9r\u00eat g\u00e9n\u00e9ral et que l\u2019abreuvement du b\u00e9tail reste prioritaire. La loi Duplomb-M\u00e9nonville a permis une avanc\u00e9e en inscrivant ce droit dans le code de l\u2019environnement.<\/p>\n<p>Votre r\u00e9gion, votre actu !<\/p>\n<p>Recevez chaque jour les infos qui comptent pour vous.<\/p>\n<p>\t<a href=\"https:\/\/actu.fr\/newsletter\" class=\"ac-btn ac-btn--corner ac-btn--medium ac-btn--blue800\" target=\"_blank\" rel=\"noopener\">S&rsquo;incrire<\/a><br \/>\nSAGE Vilaine : un non ferme<\/p>\n<p data-end=\"2866\" class=\" wall-content\">Autre sujet sensible : la r\u00e9vision du <b>SAGE Vilaine<\/b>. \u00ab Sur 14 r\u00e8gles, 13 concernent directement l\u2019agriculture \u00bb, d\u00e9nonce la FDSEA, qui regrette une repr\u00e9sentation insuffisante des agriculteurs au sein de la CLE (4 sur 70). Le syndicat refuse une interdiction brutale des herbicides en ma\u00efs et r\u00e9clame \u00ab dix ans d\u2019adaptation, de la transparence sur la qualit\u00e9 de l\u2019eau et une v\u00e9ritable \u00e9tude d\u2019impact \u00e9conomique \u00bb. La nouvelle mouture sera pr\u00e9sent\u00e9e le 26\u00a0septembre avant consultation publique.<\/p>\n<p>Gibiers : les d\u00e9g\u00e2ts persistent<\/p>\n<p data-end=\"3351\" class=\" wall-content\">Enfin, la FDSEA a rappel\u00e9 l\u2019ampleur des d\u00e9g\u00e2ts de gibiers. En 2024, 7 000 pr\u00e9l\u00e8vements de sangliers ont \u00e9t\u00e9 r\u00e9alis\u00e9s en Ille-et-Vilaine, mais les d\u00e9g\u00e2ts sur ma\u00efs et prairies persistent, pour un montant indemnis\u00e9 de 500 000\u00a0\u20ac. Beaucoup d\u2019agriculteurs ne d\u00e9clarent plus. \u00ab Nous demandons aux chasseurs de poursuivre les efforts et un assouplissement des r\u00e8gles \u00bb, souligne le syndicat, qui prend en charge le permis de chasse pour ses adh\u00e9rents.<\/p>\n<p class=\" wall-content\">Personnalisez votre actualit\u00e9 en ajoutant vos villes et m\u00e9dias en favori avec <a href=\"https:\/\/moncompte.actu.fr\" title=\"D\u00e9couvez Mon Actu\" rel=\"nofollow noopener\" data-trk=\"{&quot;cta&quot;:{&quot;action&quot;:&quot;https:\\\/\\\/moncompte.actu.fr&quot;,&quot;category&quot;:&quot;mon compte&quot;,&quot;from&quot;:&quot;article footer&quot;,&quot;name&quot;:&quot;Mon actu&quot;,&quot;type&quot;:&quot;cta&quot;}}\" target=\"_blank\">Mon Actu<\/a>.<\/p>\n","protected":false},"excerpt":{"rendered":"Par Bertrand Dumarch\u00e9 Publi\u00e9 le 10 sept. 2025 \u00e0 12h06 \u00ab Le syndicalisme majoritaire doit \u00eatre entendu \u00bb,&hellip;\n","protected":false},"author":2,"featured_media":380014,"comment_status":"","ping_status":"","sticky":false,"template":"","format":"standard","meta":{"footnotes":""},"categories":[2821],"tags":[1111,11,327,829,1777,674,1011,27,12,584,25,104,3427],"class_list":{"0":"post-380013","1":"post","2":"type-post","3":"status-publish","4":"format-standard","5":"has-post-thumbnail","7":"category-rennes","8":"tag-actu","9":"tag-actualites","10":"tag-agriculture","11":"tag-bretagne","12":"tag-eu","13":"tag-europe","14":"tag-fr","15":"tag-france","16":"tag-news","17":"tag-rennes","18":"tag-republique-francaise","19":"tag-societe","20":"tag-syndicats"},"share_on_mastodon":{"url":"https:\/\/pubeurope.com\/@fr\/115179494094339687","error":""},"_links":{"self":[{"href":"https:\/\/www.europesays.com\/fr\/wp-json\/wp\/v2\/posts\/380013","targetHints":{"allow":["GET"]}}],"collection":[{"href":"https:\/\/www.europesays.com\/fr\/wp-json\/wp\/v2\/posts"}],"about":[{"href":"https:\/\/www.europesays.com\/fr\/wp-json\/wp\/v2\/types\/post"}],"author":[{"embeddable":true,"href":"https:\/\/www.europesays.com\/fr\/wp-json\/wp\/v2\/users\/2"}],"replies":[{"embeddable":true,"href":"https:\/\/www.europesays.com\/fr\/wp-json\/wp\/v2\/comments?post=380013"}],"version-history":[{"count":0,"href":"https:\/\/www.europesays.com\/fr\/wp-json\/wp\/v2\/posts\/380013\/revisions"}],"wp:featuredmedia":[{"embeddable":true,"href":"https:\/\/www.europesays.com\/fr\/wp-json\/wp\/v2\/media\/380014"}],"wp:attachment":[{"href":"https:\/\/www.europesays.com\/fr\/wp-json\/wp\/v2\/media?parent=380013"}],"wp:term":[{"taxonomy":"category","embeddable":true,"href":"https:\/\/www.europesays.com\/fr\/wp-json\/wp\/v2\/categories?post=380013"},{"taxonomy":"post_tag","embeddable":true,"href":"https:\/\/www.europesays.com\/fr\/wp-json\/wp\/v2\/tags?post=380013"}],"curies":[{"name":"wp","href":"https:\/\/api.w.org\/{rel}","templated":true}]}}