{"id":380015,"date":"2025-09-10T10:19:12","date_gmt":"2025-09-10T10:19:12","guid":{"rendered":"https:\/\/www.europesays.com\/fr\/380015\/"},"modified":"2025-09-10T10:19:12","modified_gmt":"2025-09-10T10:19:12","slug":"ils-sont-entres-et-ont-tout-saccage-ce-que-lon-sait-du-bus-brule-a-rennes","status":"publish","type":"post","link":"https:\/\/www.europesays.com\/fr\/380015\/","title":{"rendered":"\u00ab\u00a0Ils sont entr\u00e9s et ont tout saccag\u00e9\u00a0\u00bb\u2026 Ce que l\u2019on sait du bus br\u00fbl\u00e9 \u00e0 Rennes"},"content":{"rendered":"<p>C\u2019est l\u2019une des <a href=\"https:\/\/www.20minutes.fr\/societe\/greve\/4172191-20250910-direct-bloquons-tout-10-septembre-premier-ministre-lecornu-deja-epreuve-feu-colere-sociale\" class=\"c-link c-link--is-underlined\" target=\"_blank\" rel=\"noopener\">images marquantes de cette matin\u00e9e de mobilisation<\/a>. Ce mercredi matin, un bus a \u00e9t\u00e9 incendi\u00e9 sur la rocade de Rennes, o\u00f9 des centaines de manifestants \u00e9taient r\u00e9unis dans le cadre de la journ\u00e9e <a href=\"https:\/\/www.20minutes.fr\/politique\/4172058-20250909-bloquons-tout-10-septembre-debut-mouvement-fin-emmanuel-macron\" class=\"c-link c-link--is-underlined\" target=\"_blank\" rel=\"noopener\">\u00ab\u00a0Bloquons tout\u00a0\u00bb<\/a> pr\u00e9vue ce mercredi 10\u00a0septembre. Le feu s\u2019est d\u00e9clar\u00e9 aux alentours de 8h30 alors que le bus <a href=\"https:\/\/www.20minutes.fr\/societe\/4172222-20250910-bloquons-tout-30-secondes-pres-passais-naufrages-route-bloques-rocade-rennes\" class=\"c-link c-link--is-underlined\" target=\"_blank\" rel=\"noopener\">\u00e9tait coinc\u00e9 sur la rocade ext\u00e9rieure<\/a>. Immobilis\u00e9 sous le pont de l\u2019Alma, le v\u00e9hicule a \u00e9t\u00e9 enti\u00e8rement d\u00e9truit par les flammes. Un immense nuage de fum\u00e9e s\u2019est \u00e9lev\u00e9 au-dessus de la capitale bretonne. Les pompiers ont \u00e9t\u00e9 d\u00e9ploy\u00e9s pour ma\u00eetriser les flammes.<\/p>\n<p class=\"mb-xxl@xs color-ultramarine font-weight-semi-bold@xs font-source-serif-pro heading-s@xs\">L\u2019acc\u00e8s \u00e0 ce contenu a \u00e9t\u00e9 bloqu\u00e9 afin de respecter votre choix de consentement<\/p>\n<p class=\"mb-m@xs text-l@xs\">En cliquant sur\u00ab J\u2019accepte \u00bb, vous acceptez le d\u00e9p\u00f4t de cookies par des services externes et aurez ainsi acc\u00e8s aux contenus de nos partenaires.<\/p>\n<p class=\"mb-xl@xs text-s@xs\">Plus d\u2019informations sur la page<a href=\"https:\/\/www.20minutes.fr\/gestion-cookies\" class=\"mx-xxs@xs color-ultramarine\" target=\"_blank\" rel=\"noopener\">Politique de gestion des cookies<\/a><\/p>\n<p>J\u2019accepte<\/p>\n<p>Le bus appartenait au r\u00e9seau Keolis. Parti \u00e0 vide du d\u00e9p\u00f4t de Saint-Jacques-de-la-Lande, il devait officier sur la ligne 13 quand il a \u00e9t\u00e9 bloqu\u00e9 par les manifestants. Le chauffeur aurait alors \u00e9t\u00e9 invit\u00e9 \u00e0 quitter son v\u00e9hicule. \u00ab\u00a0Des manifestants sont entr\u00e9s dans le bus et lui ont demand\u00e9 de sortir, ce qu\u2019il a fait. Ils ont tout saccag\u00e9 le bus et l\u2019ont caillass\u00e9\u00a0\u00bb, explique la direction de <a href=\"https:\/\/www.20minutes.fr\/dossier\/keolis\" class=\"c-link c-link--is-underlined\" target=\"_blank\" rel=\"noopener\">Keolis<\/a>, qui a pu recueillir le t\u00e9moignage de son conducteur. Ce dernier n\u2019a pas \u00e9t\u00e9 bless\u00e9 mais reste \u00ab\u00a0choqu\u00e9\u00a0\u00bb par ce violent incendie. On ignore pour l\u2019heure ce qui a pu causer le feu.<\/p>\n<p>Une plainte va \u00eatre d\u00e9pos\u00e9e<\/p>\n<p>Dans la bouche de certains manifestants, on \u00e9voquait un feu \u00ab\u00a0caus\u00e9 par les forces de l\u2019ordre\u00a0\u00bb. Une information d\u00e9mentie par les sources officielles. La pr\u00e9fecture d\u00e9nonce \u00ab\u00a0des violences inadmissibles\u00a0\u00bb de la part des manifestants. Une plainte va \u00eatre d\u00e9pos\u00e9e par Keolis.<\/p>\n<p><img decoding=\"async\" alt=\"Des barricades ont \u00e9t\u00e9 \u00e9rig\u00e9es sur la rocade par des manifestants mobilis\u00e9s dans le cadre de la journ\u00e9e &quot;Bloquons tout&quot; \u00e0 Rennes. \" class=\"c-img\" loading=\"lazy\" fetchpriority=\"auto\" width=\"718\"  src=\"https:\/\/img.20mn.fr\/awsmanTDSJilaGF1wb3imCk\/718x0\" \/>Des barricades ont \u00e9t\u00e9 \u00e9rig\u00e9es sur la rocade par des manifestants mobilis\u00e9s dans le cadre de la journ\u00e9e \u00ab\u00a0Bloquons tout\u00a0\u00bb \u00e0 Rennes. \u2002-\u00a0D. Meyer\/AFP<\/p>\n<p>L\u2019incendie s\u2019\u00e9tant d\u00e9roul\u00e9 sous le pont de l\u2019Alma, il va maintenant falloir proc\u00e9der \u00e0 un \u00ab\u00a0diagnostic technique\u00a0\u00bb de l\u2019ouvrage \u00ab\u00a0afin de v\u00e9rifier son \u00e9tat\u00a0\u00bb pr\u00e9vient la Direction interd\u00e9partementale des routes (DIR) Ouest. La rocade va donc devoir rester ferm\u00e9e sur sa partie sud (entre les portes de Br\u00e9quigny et d\u2019Angers). La RN137 reliant Rennes \u00e0 Nantes est \u00e9galement ferm\u00e9e entre l\u2019\u00e9changeur RD34 et le giratoire d\u2019Alma. Le secteur est \u00e0 \u00e9viter.<\/p>\n","protected":false},"excerpt":{"rendered":"C\u2019est l\u2019une des images marquantes de cette matin\u00e9e de mobilisation. Ce mercredi matin, un bus a \u00e9t\u00e9 incendi\u00e9&hellip;\n","protected":false},"author":2,"featured_media":380016,"comment_status":"","ping_status":"","sticky":false,"template":"","format":"standard","meta":{"footnotes":""},"categories":[2821],"tags":[1111,47,11,7551,829,7048,1777,674,7641,1011,27,848,1310,4999,1272,12,584,25,4797,104,2216],"class_list":{"0":"post-380015","1":"post","2":"type-post","3":"status-publish","4":"format-standard","5":"has-post-thumbnail","7":"category-rennes","8":"tag-actu","9":"tag-actualite","10":"tag-actualites","11":"tag-blocage","12":"tag-bretagne","13":"tag-bus","14":"tag-eu","15":"tag-europe","16":"tag-faits-divers-rennes","17":"tag-fr","18":"tag-france","19":"tag-ille-et-vilaine","20":"tag-incendie","21":"tag-keolis","22":"tag-manifestations","23":"tag-news","24":"tag-rennes","25":"tag-republique-francaise","26":"tag-rocade","27":"tag-societe","28":"tag-transports-en-commun"},"share_on_mastodon":{"url":"https:\/\/pubeurope.com\/@fr\/115179498023644733","error":""},"_links":{"self":[{"href":"https:\/\/www.europesays.com\/fr\/wp-json\/wp\/v2\/posts\/380015","targetHints":{"allow":["GET"]}}],"collection":[{"href":"https:\/\/www.europesays.com\/fr\/wp-json\/wp\/v2\/posts"}],"about":[{"href":"https:\/\/www.europesays.com\/fr\/wp-json\/wp\/v2\/types\/post"}],"author":[{"embeddable":true,"href":"https:\/\/www.europesays.com\/fr\/wp-json\/wp\/v2\/users\/2"}],"replies":[{"embeddable":true,"href":"https:\/\/www.europesays.com\/fr\/wp-json\/wp\/v2\/comments?post=380015"}],"version-history":[{"count":0,"href":"https:\/\/www.europesays.com\/fr\/wp-json\/wp\/v2\/posts\/380015\/revisions"}],"wp:featuredmedia":[{"embeddable":true,"href":"https:\/\/www.europesays.com\/fr\/wp-json\/wp\/v2\/media\/380016"}],"wp:attachment":[{"href":"https:\/\/www.europesays.com\/fr\/wp-json\/wp\/v2\/media?parent=380015"}],"wp:term":[{"taxonomy":"category","embeddable":true,"href":"https:\/\/www.europesays.com\/fr\/wp-json\/wp\/v2\/categories?post=380015"},{"taxonomy":"post_tag","embeddable":true,"href":"https:\/\/www.europesays.com\/fr\/wp-json\/wp\/v2\/tags?post=380015"}],"curies":[{"name":"wp","href":"https:\/\/api.w.org\/{rel}","templated":true}]}}