{"id":380021,"date":"2025-09-10T10:22:09","date_gmt":"2025-09-10T10:22:09","guid":{"rendered":"https:\/\/www.europesays.com\/fr\/380021\/"},"modified":"2025-09-10T10:22:09","modified_gmt":"2025-09-10T10:22:09","slug":"tres-attendue-lenseigne-grand-frais-inaugure-un-nouveau-magasin-pres-de-nice","status":"publish","type":"post","link":"https:\/\/www.europesays.com\/fr\/380021\/","title":{"rendered":"Tr\u00e8s attendue, l&rsquo;enseigne Grand Frais inaugure un nouveau magasin pr\u00e8s de Nice"},"content":{"rendered":"<p>            Par<br \/>\n        <strong><br \/>\n            <a href=\"https:\/\/actu.fr\/auteur\/manon-reinhardt\" title=\"Consulter tous les articles de Manon Reinhardt\" target=\"_blank\" rel=\"noopener\">Manon Reinhardt<\/a><br \/>\n        <\/strong><\/p>\n<p>        Publi\u00e9 le<\/p>\n<p>            10 sept. 2025 \u00e0 11h41        <\/p>\n<p>Il ouvre enfin ce mercredi 10\u00a0septembre 2025\u2009! L\u2019enseigne Grand Frais prend ses quartiers dans cette commune limitrophe de <a href=\"https:\/\/actu.fr\/provence-alpes-cote-d-azur\/nice_06088\" target=\"_blank\" rel=\"noopener\">Nice<\/a> (<a href=\"https:\/\/actu.fr\/provence-alpes-cote-d-azur\/alpes-maritimes_06\" target=\"_blank\" rel=\"noopener\">Alpes-Maritimes<\/a>), avec <strong>l\u2019ouverture d\u2019un tout nouveau magasin<\/strong>. Il s\u2019agit du quatri\u00e8me dans le d\u00e9partement, apr\u00e8s le dernier \u00e0 Promenade Shopping Riviera d\u00e9but 2024. L\u2019inauguration est pr\u00e9vue cet apr\u00e8s-midi avec les \u00e9quipes et les partenaires. Il \u00e9tait tr\u00e8s attendu par les habitants. Voici ce qu\u2019il faut savoir.<\/p>\n<p>Le quatri\u00e8me magasin dans le d\u00e9partement<\/p>\n<p class=\" wall-content\">C\u2019est officiel, Grand Frais d\u00e9barque \u00e0 la\u00a0Trinit\u00e9, \u00e0 quelques kilom\u00e8tres de la cit\u00e9 azur\u00e9enne. Il s\u2019agit du quatri\u00e8me magasin de l\u2019enseigne \u00e0 s\u2019implanter dans les Alpes-Maritimes, apr\u00e8s celui \u00e0 Lingosti\u00e8re, Villeneuve-Loubet et <a href=\"https:\/\/actu.fr\/provence-alpes-cote-d-azur\/cagnes-sur-mer_06027\/pres-de-nice-grand-frais-a-ouvert-a-polygone-riviera-voici-pourquoi-ca-change-tout_60653068.html\" target=\"_blank\" rel=\"noopener\">Shopping Promenade Riviera<\/a>.<\/p>\n<p class=\" wall-content\">\u00ab\u2009Le magasin Grand Frais La\u00a0Trinit\u00e9, dont le mod\u00e8le consiste \u00e0 <strong>reprendre les codes des halles traditionnelles<\/strong> et des march\u00e9s couverts, regroupe cinq professionnels de l\u2019alimentation\u2009: un primeur, un boucher-charcutier, un cr\u00e9mier-fromager, une \u00e9picerie d\u2019ici et d\u2019ailleurs, un poissonnier et un caviste\u2009\u00bb, mentionne le communiqu\u00e9.<\/p>\n<p class=\" wall-content\"><a href=\"https:\/\/www.instagram.com\/p\/DOaZ7mylW1P\/embed\" title=\"Ouvrir le lien sur Instagram\" target=\"_blank\" rel=\"noopener\">Visualiser le contenu sur Instagram<\/a><\/p>\n<p class=\" wall-content\">C\u2019est le maire de La\u00a0Trinit\u00e9 lui-m\u00eame, Ladislas Polski, qui en avait fait l\u2019annonce. \u00ab\u2009\u00c7a fait trois ans qu\u2019on travaille avec eux, notamment pour avoir une architecture la plus qualitative\u2009\u00bb, avait-il confi\u00e9 \u00e0 <a href=\"https:\/\/www.nicematin.com\/conso-shopping\/cette-enseigne-de-produits-frais-va-sinstaller-dans-cette-commune-a-lest-de-nice-921321\" target=\"_blank\" rel=\"noopener\">Nice-Matin<\/a>. En effet, les travaux ont dur\u00e9 de nombreux mois.<\/p>\n<p>Cinq postes toujours \u00e0 pourvoir<\/p>\n<p class=\" wall-content\">L\u2019inauguration est pr\u00e9vue \u00e0 14h, ce mercredi 10\u00a0septembre 2025, avec les \u00e9quipes. \u00ab\u2009Cette nouvelle ouverture souligne la volont\u00e9 de l\u2019enseigne d\u2019\u00eatre au plus pr\u00e8s de ses clients. D\u00e9j\u00e0 bien implant\u00e9e en France, elle entend poursuivre son d\u00e9ploiement dans les ann\u00e9es \u00e0 venir\u2009\u00bb, souligne le groupe.<\/p>\n<p>    <a href=\"https:\/\/www.google.com\/maps\/embed?pb=!4v1757496335317!6m8!1m7!1s3w_K7-nNYkeO7iH1tAYhBw!2m2!1d43.74282159080081!2d7.321302260008556!3f188.90178399459904!4f-5.191400004083349!5f0.7820865974627469\" title=\"Ouvrie le lien\" target=\"_blank\" rel=\"noopener\">Cliquez ici pour visualiser le contenu<\/a><\/p>\n<p class=\" wall-content\">Plusieurs postes sont toujours \u00e0 pourvoir. Un vendeur en boucherie, un vendeur en fruits et l\u00e9gumes, deux vendeurs en cr\u00e9merie et fromages ainsi qu\u2019un caissier central et responsable adjoint des caisses. Les candidats peuvent postuler directement sur le site internet de Grand Frais, <a href=\"https:\/\/recrutement.grandfrais.com\/nous-rejoindre\/\" target=\"_blank\" rel=\"noopener\">dans l\u2019onglet recrutement<\/a>.<\/p>\n<p class=\" wall-content\">Personnalisez votre actualit\u00e9 en ajoutant vos villes et m\u00e9dias en favori avec <a href=\"https:\/\/moncompte.actu.fr\" title=\"D\u00e9couvez Mon Actu\" rel=\"nofollow noopener\" data-trk=\"{&quot;cta&quot;:{&quot;action&quot;:&quot;https:\\\/\\\/moncompte.actu.fr&quot;,&quot;category&quot;:&quot;mon compte&quot;,&quot;from&quot;:&quot;article footer&quot;,&quot;name&quot;:&quot;Mon actu&quot;,&quot;type&quot;:&quot;cta&quot;}}\" target=\"_blank\">Mon Actu<\/a>.<\/p>\n<p>                    <script async src=\"\/\/www.instagram.com\/embed.js\"><\/script><\/p>\n","protected":false},"excerpt":{"rendered":"Par Manon Reinhardt Publi\u00e9 le 10 sept. 2025 \u00e0 11h41 Il ouvre enfin ce mercredi 10\u00a0septembre 2025\u2009! L\u2019enseigne&hellip;\n","protected":false},"author":2,"featured_media":380022,"comment_status":"","ping_status":"","sticky":false,"template":"","format":"standard","meta":{"footnotes":""},"categories":[2819],"tags":[1111,11,258,215,1777,674,1011,27,12,2401,3147,882,25,104],"class_list":{"0":"post-380021","1":"post","2":"type-post","3":"status-publish","4":"format-standard","5":"has-post-thumbnail","7":"category-nice","8":"tag-actu","9":"tag-actualites","10":"tag-alimentation","11":"tag-commerce","12":"tag-eu","13":"tag-europe","14":"tag-fr","15":"tag-france","16":"tag-news","17":"tag-nice","18":"tag-nouveaux-commerces","19":"tag-provence-alpes-cote-dazur","20":"tag-republique-francaise","21":"tag-societe"},"share_on_mastodon":{"url":"https:\/\/pubeurope.com\/@fr\/115179509765060266","error":""},"_links":{"self":[{"href":"https:\/\/www.europesays.com\/fr\/wp-json\/wp\/v2\/posts\/380021","targetHints":{"allow":["GET"]}}],"collection":[{"href":"https:\/\/www.europesays.com\/fr\/wp-json\/wp\/v2\/posts"}],"about":[{"href":"https:\/\/www.europesays.com\/fr\/wp-json\/wp\/v2\/types\/post"}],"author":[{"embeddable":true,"href":"https:\/\/www.europesays.com\/fr\/wp-json\/wp\/v2\/users\/2"}],"replies":[{"embeddable":true,"href":"https:\/\/www.europesays.com\/fr\/wp-json\/wp\/v2\/comments?post=380021"}],"version-history":[{"count":0,"href":"https:\/\/www.europesays.com\/fr\/wp-json\/wp\/v2\/posts\/380021\/revisions"}],"wp:featuredmedia":[{"embeddable":true,"href":"https:\/\/www.europesays.com\/fr\/wp-json\/wp\/v2\/media\/380022"}],"wp:attachment":[{"href":"https:\/\/www.europesays.com\/fr\/wp-json\/wp\/v2\/media?parent=380021"}],"wp:term":[{"taxonomy":"category","embeddable":true,"href":"https:\/\/www.europesays.com\/fr\/wp-json\/wp\/v2\/categories?post=380021"},{"taxonomy":"post_tag","embeddable":true,"href":"https:\/\/www.europesays.com\/fr\/wp-json\/wp\/v2\/tags?post=380021"}],"curies":[{"name":"wp","href":"https:\/\/api.w.org\/{rel}","templated":true}]}}