{"id":380023,"date":"2025-09-10T10:23:12","date_gmt":"2025-09-10T10:23:12","guid":{"rendered":"https:\/\/www.europesays.com\/fr\/380023\/"},"modified":"2025-09-10T10:23:12","modified_gmt":"2025-09-10T10:23:12","slug":"ogc-nice-les-nouvelles-recrues-kevin-carlos-et-tiago-gouveia-affichent-leurs-ambitions","status":"publish","type":"post","link":"https:\/\/www.europesays.com\/fr\/380023\/","title":{"rendered":"OGC Nice: les nouvelles recrues Kevin Carlos et Tiago Gouveia affichent leurs ambitions"},"content":{"rendered":"<p data-start=\"221\" data-end=\"531\">Le mercato estival de l\u2019OGC Nice aura \u00e9t\u00e9 fait de paris.<\/p>\n<p data-start=\"221\" data-end=\"531\">Entre les arriv\u00e9es de Jansson, Oppong, Abdul Samed ou encore Bah, les profils trouvent tous un point commun: une volont\u00e9 de se lancer ou de se relancer sur la Riviera.<\/p>\n<p data-start=\"221\" data-end=\"531\">Les signatures de Kevin Carlos et de Tiago Gouveia entrent dans ces deux cat\u00e9gories.<\/p>\n<p data-start=\"221\" data-end=\"531\">Kevin Carlos: \u00ab\u00a0Je suis mon propre mod\u00e8le\u00a0\u00bb<\/p>\n<p data-start=\"583\" data-end=\"1267\">Arriv\u00e9 contre 6 millions d\u2019euros en provenance du FC B\u00e2le, l\u2019Espagnol de 24 ans vient tout juste de d\u00e9bloquer son compteur avec les Aiglons. Certes, son doubl\u00e9 contre le Genoa vendredi dernier (victoire 3-2) a \u00e9t\u00e9 inscrit en amical, mais lorsqu\u2019on est avant-centre, tout but est bon \u00e0 prendre.<\/p>\n<p data-start=\"583\" data-end=\"1267\">\u00ab\u00a0Lorsque j\u2019\u00e9tais plus jeune, mes entra\u00eeneurs ont voulu me tester \u00e0 diff\u00e9rents postes: au milieu, en d\u00e9fense&#8230; mais j\u2019\u00e9tais toujours naturellement port\u00e9 vers l\u2019attaque, c\u2019est comme \u00e7a (rires)\u00a0\u00bb, se souvient celui qui a fait toutes ses classes \u00e0 Huesca, jusqu\u2019\u00e0 go\u00fbter \u00e0 la Segunda Division avec l\u2019\u00e9quipe premi\u00e8re, en parall\u00e8le de s\u00e9lections avec l\u2019\u00e9quipe de la province autonome d\u2019Aragon.<\/p>\n<p data-start=\"1269\" data-end=\"2051\">Malgr\u00e9 163 minutes de jeu en Ligue 1 \u00e0 son compteur et deux titularisations d\u00e8s son arriv\u00e9e contre Auxerre et au Havre, le natif de Ceuta n\u2019a pas encore marqu\u00e9. Il a n\u00e9anmoins prouv\u00e9 que son profil se situe presque aux antipodes du style de jeu espagnol traditionnel, distant du tiki-taka.<\/p>\n<p data-start=\"1269\" data-end=\"2051\">\u00ab\u00a0Je suis un attaquant qui performe dans la surface et de la t\u00eate. De nos jours, il y a beaucoup d\u2019attaquants qui aiment combiner, moi, je suis plus un roublard qui tra\u00eene dans la surface, et qui surgit quand l\u2019occasion se pr\u00e9sente. M\u00eame si je m\u2019inspire de Lukaku ou Ag\u00fcero, je suis mon propre mod\u00e8le.\u00a0\u00bb Ses trois occasions les plus franches avec le Gym peuvent attester de la v\u00e9racit\u00e9 de ses propos : deux coups de t\u00eate et un face-\u00e0-face manqu\u00e9 o\u00f9 le natif de Ceuta avait pris la profondeur.<\/p>\n<p data-start=\"2053\" data-end=\"2566\">En Suisse, sa carrure atypique (1,86 m, 96 kg) avait d\u00e9j\u00e0 crois\u00e9 la route de jolis b\u00e9b\u00e9s dans les d\u00e9fenses adverses. Le championnat de France lui offre le m\u00eame d\u00e9fi physique. \u00ab\u00a0La Super League (D1 Suisse), est un championnat tr\u00e8s physique. C\u2019est pour cette raison que j\u2019ai sign\u00e9 en Ligue 1, je sais que je vais pouvoir retrouver \u00e7a ici, et je le vois comme le d\u00e9but d\u2019une longue carri\u00e8re\u00a0\u00bb, reprend un avant-centre dont la d\u00e9termination transpirait devant l\u2019auditoire, entre quelques \u00e9clats de rire communicatifs.<\/p>\n<p data-start=\"2568\" data-end=\"2901\">\u00ab\u00a0Je veux prouver \u00e0 tout le monde que je peux faire mal aux d\u00e9fenses, et je veux que les gens retiennent mon nom. D\u2019ailleurs, on peut dire que la s\u00e9lection (espagnole ou nig\u00e9riane, il a la double nationalit\u00e9) est un objectif \u00e0 terme. Elle n\u2019est pas si loin si je m\u2019en donne les moyens ici. Je m\u2019entra\u00eene dur tous les jours pour \u00e7a.\u00a0\u00bb<\/p>\n<p data-start=\"2568\" data-end=\"2901\">Tiago Gouveia: \u00ab\u00a0Envie de retrouver le sourire\u00a0\u00bb<\/p>\n<p data-start=\"2958\" data-end=\"3397\">Le Portugais, lui, d\u00e9barquait \u00e0 la veille de la cl\u00f4ture du mercato. Pr\u00eat\u00e9 par Benfica avec une option d\u2019achat de 8 millions d\u2019euros, il a exprim\u00e9, en fran\u00e7ais s\u2019il vous pla\u00eet (voir par ailleurs), son manque criant de plaisir sur un terrain de football. \u00ab\u00a0\u00c0 Lisbonne, je n\u2019avais pas le temps de jeu que j\u2019esp\u00e9rais. En venant ici dans un club exigeant, comme \u00e0 Benfica, j\u2019esp\u00e8re par-dessus tout retrouver le sourire et la passion de jouer.\u00a0\u00bb<\/p>\n<p data-start=\"3399\" data-end=\"4059\">Il faut dire que les blessures au genou (1 mois et demi de convalescence) et \u00e0 l\u2019\u00e9paule (3 mois) la saison derni\u00e8re ont \u00ab\u00a0frein\u00e9\u00a0\u00bb sa progression, comme l\u2019entend lui-m\u00eame le renfort voulu par Franck Haise pour occuper un poste de couloir.<\/p>\n<p data-start=\"3399\" data-end=\"4059\">Car si Gouveia va \u00eatre utilis\u00e9 sur un c\u00f4t\u00e9, reste \u00e0 savoir lequel. \u00ab\u00a0Je n\u2019ai pas de poste pr\u00e9f\u00e9rentiel, mais plut\u00f4t une zone. Je peux jouer piston droit ou gauche, ailier des deux c\u00f4t\u00e9s ou m\u00eame buteur. En tout cas, j\u2019aime courir et tant mieux, le coach m\u2019a dit que je n\u2019aurais pas le choix ! Je le connaissais d\u00e9j\u00e0 un peu, il avait fait du tr\u00e8s bon boulot avec Lens et son style de jeu offensif me correspond tr\u00e8s bien.\u00a0\u00bb<\/p>\n<p data-start=\"4061\" data-end=\"4454\">Pour relancer sa carri\u00e8re, \u00e0 24 ans, Tiago Gouveia sait qu\u2019il va devoir se faire une place rapidement, alors m\u00eame qu\u2019il vit sa premi\u00e8re exp\u00e9rience \u00e0 l\u2019\u00e9tranger. \u00ab\u00a0Je n\u2019ai pas besoin de temps d\u2019adaptation\u00a0\u00bb, balaye le titulaire lors de l\u2019opposition amicale contre le Genoa. \u00ab\u00a0Je pense aussi que la concurrence \u00e0 mon poste n\u2019est pas un probl\u00e8me, au contraire, elle rend tout le monde meilleur.\u00a0\u00bb<\/p>\n<p data-start=\"4456\" data-end=\"4485\">\u00c0 Franck Haise de trancher&#8230;<\/p>\n<p>            KEVIN CARLOS<\/p>\n<p>Son passage en Suisse: \u00ab\u00a0Partir \u00e0 Yverdon \u00e0 22 ans, quitter ma famille de Huesca, \u00e7a n\u2019a pas \u00e9t\u00e9 facile. Malgr\u00e9 tout, je n\u2019ai pas vraiment eu de gros moments de doute. M\u00eame si la ville est situ\u00e9e dans la partie francophone en Suisse, tout le monde parlait anglais dans le vestiaire, alors je n\u2019ai pas pu m\u2019initier au fran\u00e7ais, mais cette ann\u00e9e si!\u00a0\u00bb.<\/p>\n<p>Jouer avec un autre avant-centre: \u00ab\u00a0Ce n\u2019est pas un probl\u00e8me pour moi, On a d\u00e9j\u00e0 jou\u00e9 un bout de match de cette mani\u00e8re avec Terem Moffi (contre Le Havre, 1-3), NDLR). Ce qui m\u2019importe surtout, c\u2019est que tout le monde tire dans le m\u00eame sens jusqu\u2019\u00e0 un but commun. Il est vrai que je suis un attaquant axial, mais si l\u2019entra\u00eeneur me dit \u2018\u2018bon, maintenant tu changes\u2019\u2019, alors je change sans probl\u00e8me (rires)\u00a0\u00bb.<\/p>\n<p>Sa masse musculaire: \u00ab\u00a0Quand il m\u2019arrive de rentrer 2-3 jours chez mes parents, ma m\u00e8re me cuisine la \u2018\u2018recette sp\u00e9ciale\u2019\u2019. C\u2019est du fufu, une sorte de soupe que l\u2019on sert en Afrique de l\u2019Ouest, puisque mes parents sont de Lagos au Nigeria, et qui fait prendre beaucoup de masse musculaire, en plus de m\u2019entra\u00eener r\u00e9guli\u00e8rement\u00a0\u00bb.<\/p>\n<p>Son objectif de buts cette saison: \u00ab\u00a0Pour \u00eatre franc, je n\u2019en ai pas. Je veux simplement que l\u2019\u00e9quipe figure le mieux possible, et surtout en Coupe d\u2019Europe\u00a0\u00bb.<\/p>\n<p>Sa personnalit\u00e9: \u00ab\u00a0Je suis un gars qui va discuter avec tout le monde, j\u2019aime \u00e7a. Et j\u2019essaye d\u2019apprendre le fran\u00e7ais, je demande beaucoup de conseils \u00e0 mes co\u00e9quipiers. En dehors du foot, je me divertis en faisant du bowling avec mes potes, ou du ping-pong\u00a0\u00bb.<\/p>\n<p>            TIAGO GOUVEIA<\/p>\n<p>Son passage de deux mois en France: \u00ab\u00a0Au d\u00e9but, je faisais de la natation, puis j\u2019ai demand\u00e9 \u00e0 ma m\u00e8re de m\u2019inscrire au foot, \u00e7a a toujours \u00e9t\u00e9 naturel. J\u2019ai commenc\u00e9 pas tr\u00e8s jeune, vers 10 ans, \u00e0 Tires. Puis \u00e0 12 ans, mon p\u00e8re travaillait \u00e0 Toulouse, et j\u2019y suis rest\u00e9 deux mois. J\u2019ai appris \u00e0 parler la langue ici, en plus de quelques cours \u00e0 l\u2019\u00e9cole. Je jouais un peu au foot, mais seulement des entra\u00eenements\u00a0\u00bb.<\/p>\n<p>Les conseils de Neves, Di Maria et Dante: \u00ab\u00a0Avant de signer ici, j\u2019ai parl\u00e9 avec Joao Neves. Il m\u2019a dit que c\u2019\u00e9tait un tr\u00e8s bon club, que c\u2019\u00e9tait bien pour mon \u00e9volution parce que la Ligue 1 est plus relev\u00e9e que le championnat portugais. J\u2019aime parler avec les joueurs d\u2019exp\u00e9rience, comme je l\u2019ai fait avec Di Maria \u00e0 Benfica, ou ici avec Dante, parce qu\u2019avant d\u2019\u00eatre des joueurs, ce sont des humains. Savoir ce qu\u2019ils pensent, leurs probl\u00e8mes, leurs conseils, c\u2019est important\u00a0\u00bb.<\/p>\n<p>Ses mod\u00e8les: \u00ab\u00a0Je m\u2019identifie pas mal dans mon style de jeu \u00e0 Gon\u00e7alo Guedes ou \u00e0 Salvio qui \u00e9taient aussi \u00e0 Benfica\u00a0\u00bb.<\/p>\n<p>Son pr\u00eat avec OA: \u00ab\u00a0L\u2019option d\u2019achat, je n\u2019y pense pas. Je veux juste montrer que je peux jouer ici, convaincre le coach et non pas Benfica. Il n\u2019y a pas de sentiment de revanche\u00a0\u00bb.<\/p>\n","protected":false},"excerpt":{"rendered":"Le mercato estival de l\u2019OGC Nice aura \u00e9t\u00e9 fait de paris. Entre les arriv\u00e9es de Jansson, Oppong, Abdul&hellip;\n","protected":false},"author":2,"featured_media":380024,"comment_status":"","ping_status":"","sticky":false,"template":"","format":"standard","meta":{"footnotes":""},"categories":[2819],"tags":[1111,11,1777,674,63,1011,27,12,2401,882,25,60],"class_list":{"0":"post-380023","1":"post","2":"type-post","3":"status-publish","4":"format-standard","5":"has-post-thumbnail","7":"category-nice","8":"tag-actu","9":"tag-actualites","10":"tag-eu","11":"tag-europe","12":"tag-football","13":"tag-fr","14":"tag-france","15":"tag-news","16":"tag-nice","17":"tag-provence-alpes-cote-dazur","18":"tag-republique-francaise","19":"tag-sports"},"share_on_mastodon":{"url":"https:\/\/pubeurope.com\/@fr\/115179513797068729","error":""},"_links":{"self":[{"href":"https:\/\/www.europesays.com\/fr\/wp-json\/wp\/v2\/posts\/380023","targetHints":{"allow":["GET"]}}],"collection":[{"href":"https:\/\/www.europesays.com\/fr\/wp-json\/wp\/v2\/posts"}],"about":[{"href":"https:\/\/www.europesays.com\/fr\/wp-json\/wp\/v2\/types\/post"}],"author":[{"embeddable":true,"href":"https:\/\/www.europesays.com\/fr\/wp-json\/wp\/v2\/users\/2"}],"replies":[{"embeddable":true,"href":"https:\/\/www.europesays.com\/fr\/wp-json\/wp\/v2\/comments?post=380023"}],"version-history":[{"count":0,"href":"https:\/\/www.europesays.com\/fr\/wp-json\/wp\/v2\/posts\/380023\/revisions"}],"wp:featuredmedia":[{"embeddable":true,"href":"https:\/\/www.europesays.com\/fr\/wp-json\/wp\/v2\/media\/380024"}],"wp:attachment":[{"href":"https:\/\/www.europesays.com\/fr\/wp-json\/wp\/v2\/media?parent=380023"}],"wp:term":[{"taxonomy":"category","embeddable":true,"href":"https:\/\/www.europesays.com\/fr\/wp-json\/wp\/v2\/categories?post=380023"},{"taxonomy":"post_tag","embeddable":true,"href":"https:\/\/www.europesays.com\/fr\/wp-json\/wp\/v2\/tags?post=380023"}],"curies":[{"name":"wp","href":"https:\/\/api.w.org\/{rel}","templated":true}]}}