{"id":380029,"date":"2025-09-10T10:26:09","date_gmt":"2025-09-10T10:26:09","guid":{"rendered":"https:\/\/www.europesays.com\/fr\/380029\/"},"modified":"2025-09-10T10:26:09","modified_gmt":"2025-09-10T10:26:09","slug":"le-departement-en-double-vigilance","status":"publish","type":"post","link":"https:\/\/www.europesays.com\/fr\/380029\/","title":{"rendered":"le d\u00e9partement en double vigilance"},"content":{"rendered":"<p>            Par<br \/>\n        <strong><br \/>\n            <a href=\"https:\/\/actu.fr\/auteur\/juliette-cardinale\" title=\"Consulter tous les articles de Juliette Cardinale\" target=\"_blank\" rel=\"noopener\">Juliette Cardinale<\/a><br \/>\n        <\/strong><\/p>\n<p>        Publi\u00e9 le<\/p>\n<p>            10 sept. 2025 \u00e0 11h25        <\/p>\n<p>Les manifestants pourraient bien ne pas \u00eatre les seuls \u00e0 perturber le quotidien des habitants <a href=\"https:\/\/actu.fr\/nouvelle-aquitaine\/gironde_33\" target=\"_blank\" rel=\"noopener\">de la Gironde.<\/a> Avec les <strong>forts coefficients de mar\u00e9e,<\/strong> le d\u00e9partement est plac\u00e9 en double vigilance ce mercredi 10\u00a0septembre 2025.<\/p>\n<p>Des d\u00e9bordements localis\u00e9s et rapides<\/p>\n<p class=\" wall-content\">\u00ab\u2009Une p\u00e9riode de fortes mar\u00e9es est en cours (coefficient de 106 et 104, respectivement ce mercredi matin et mercredi soir)\u2009\u00bb, peut-on lire sur le site gouvernemental <a href=\"https:\/\/www.vigicrues.gouv.fr\/\" target=\"_blank\" rel=\"noopener\">vigicrues.<\/a> D\u00e8s 18\u00a0heures et jusqu\u2019\u00e0 23\u00a0heures, le littoral est en vigilance jaune pour le risque de<strong> vagues-submersion,<\/strong> indique M\u00e9t\u00e9o France. De faibles d\u00e9bordements maritimes sont attendus.<\/p>\n<p class=\" wall-content\">En parall\u00e8le, le d\u00e9partement a \u00e9t\u00e9 plac\u00e9 en vigilance jaune pour risques de crues d\u00e8s 10\u00a0heures ce matin. Ce niveau de vigilance met en garde contre des d\u00e9bordements ou dommages localis\u00e9s, ainsi que <strong>mont\u00e9es rapides et dangereuses des eaux<\/strong>.<\/p>\n<p class=\" wall-content\">\u00ab\u2009Un ph\u00e9nom\u00e8ne de surcote associ\u00e9 \u00e0 la forte mar\u00e9e de ce mercredi soir va g\u00e9n\u00e9rer de faibles <strong>d\u00e9bordements<\/strong> sur le secteur <a href=\"https:\/\/actu.fr\/bordeaux\/\" target=\"_blank\" rel=\"noopener\">de Bordeaux.<\/a> Les mar\u00e9es suivantes ne g\u00e9n\u00e9reront pas de d\u00e9bordements\u2009\u00bb, estime vigicrues. La vigilance pour crues restera valable jeudi.<\/p>\n<p class=\" wall-content\">\n<p class=\" wall-content\">La pr\u00e9fecture appelle<strong> \u00e0 la vigilance<\/strong> dans les activit\u00e9s ext\u00e9rieures et \u00e0 suivre l\u2019\u00e9volution de la situation.<\/p>\n<p class=\" wall-content\">Personnalisez votre actualit\u00e9 en ajoutant vos villes et m\u00e9dias en favori avec <a href=\"https:\/\/moncompte.actu.fr\" title=\"D\u00e9couvez Mon Actu\" rel=\"nofollow noopener\" data-trk=\"{&quot;cta&quot;:{&quot;action&quot;:&quot;https:\\\/\\\/moncompte.actu.fr&quot;,&quot;category&quot;:&quot;mon compte&quot;,&quot;from&quot;:&quot;article footer&quot;,&quot;name&quot;:&quot;Mon actu&quot;,&quot;type&quot;:&quot;cta&quot;}}\" target=\"_blank\">Mon Actu<\/a>.<\/p>\n","protected":false},"excerpt":{"rendered":"Par Juliette Cardinale Publi\u00e9 le 10 sept. 2025 \u00e0 11h25 Les manifestants pourraient bien ne pas \u00eatre les&hellip;\n","protected":false},"author":2,"featured_media":380030,"comment_status":"","ping_status":"","sticky":false,"template":"","format":"standard","meta":{"footnotes":""},"categories":[2817],"tags":[1111,11,1997,1777,674,1011,27,51338,2839,2487,2357,12,2219,25],"class_list":{"0":"post-380029","1":"post","2":"type-post","3":"status-publish","4":"format-standard","5":"has-post-thumbnail","7":"category-bordeaux","8":"tag-actu","9":"tag-actualites","10":"tag-bordeaux","11":"tag-eu","12":"tag-europe","13":"tag-fr","14":"tag-france","15":"tag-grandes-marees","16":"tag-inondations","17":"tag-meteo","18":"tag-meteo-france","19":"tag-news","20":"tag-nouvelle-aquitaine","21":"tag-republique-francaise"},"share_on_mastodon":{"url":"https:\/\/pubeurope.com\/@fr\/115179525560864773","error":""},"_links":{"self":[{"href":"https:\/\/www.europesays.com\/fr\/wp-json\/wp\/v2\/posts\/380029","targetHints":{"allow":["GET"]}}],"collection":[{"href":"https:\/\/www.europesays.com\/fr\/wp-json\/wp\/v2\/posts"}],"about":[{"href":"https:\/\/www.europesays.com\/fr\/wp-json\/wp\/v2\/types\/post"}],"author":[{"embeddable":true,"href":"https:\/\/www.europesays.com\/fr\/wp-json\/wp\/v2\/users\/2"}],"replies":[{"embeddable":true,"href":"https:\/\/www.europesays.com\/fr\/wp-json\/wp\/v2\/comments?post=380029"}],"version-history":[{"count":0,"href":"https:\/\/www.europesays.com\/fr\/wp-json\/wp\/v2\/posts\/380029\/revisions"}],"wp:featuredmedia":[{"embeddable":true,"href":"https:\/\/www.europesays.com\/fr\/wp-json\/wp\/v2\/media\/380030"}],"wp:attachment":[{"href":"https:\/\/www.europesays.com\/fr\/wp-json\/wp\/v2\/media?parent=380029"}],"wp:term":[{"taxonomy":"category","embeddable":true,"href":"https:\/\/www.europesays.com\/fr\/wp-json\/wp\/v2\/categories?post=380029"},{"taxonomy":"post_tag","embeddable":true,"href":"https:\/\/www.europesays.com\/fr\/wp-json\/wp\/v2\/tags?post=380029"}],"curies":[{"name":"wp","href":"https:\/\/api.w.org\/{rel}","templated":true}]}}