{"id":380037,"date":"2025-09-10T10:30:38","date_gmt":"2025-09-10T10:30:38","guid":{"rendered":"https:\/\/www.europesays.com\/fr\/380037\/"},"modified":"2025-09-10T10:30:38","modified_gmt":"2025-09-10T10:30:38","slug":"5-bonnes-raisons-de-sinscrire-aux-prj-a-roubaix","status":"publish","type":"post","link":"https:\/\/www.europesays.com\/fr\/380037\/","title":{"rendered":"5 bonnes raisons de s\u2019inscrire aux PRJ \u00e0 Roubaix"},"content":{"rendered":"<ol>\n<li><strong>Des activit\u00e9s pour tous les go\u00fbts<\/strong><\/li>\n<\/ol>\n<p>Sport, danse, musique, graff, jeux vid\u00e9o, babyfoot, billard, ateliers cuisine, espace artistique ou salle de musculation\u2026 Les PRJ offrent \u00e0 leurs adh\u00e9rents un <strong>large choix d\u2019activit\u00e9s<\/strong> en acc\u00e8s libre ou sur r\u00e9servation. Impossible de s\u2019ennuyer, que ce soit apr\u00e8s les cours, le soir ou pendant les vacances !<\/p>\n<ol start=\"2\">\n<li><strong> Un coup de pouce pour ton avenir<\/strong><\/li>\n<\/ol>\n<p>Besoin d\u2019aide pour ton <strong>orientation<\/strong>, ton CV, ta lettre de motivation ou la recherche d\u2019un stage ou d\u2019un emploi ? Les PRJ proposent un accompagnement personnalis\u00e9, avec des conseillers disponibles pour t\u2019aider \u00e0 avancer dans tes projets (recherche de stages, alternances, emplois\u2026)<\/p>\n<ol start=\"3\">\n<li><strong> Des avantages concrets<\/strong><\/li>\n<\/ol>\n<p>Envie de passer ton permis ? Avec le <a href=\"https:\/\/www.roubaixxl.fr\/pass-permis-permis-en-poche-2025\/\" target=\"_blank\" rel=\"noopener\"><strong>Pass Permis<\/strong><\/a>, les PRJ peuvent t\u2019aider \u00e0 financer ton code et ta conduite, ou encore <a href=\"https:\/\/www.roubaixxl.fr\/pass-velo-2025\/\" target=\"_blank\" rel=\"noopener\">le Pass V\u00e9lo, mis en place r\u00e9cemment<\/a>. Tu veux devenir animateur ? Des r\u00e9unions <strong>BAFA<\/strong> sont organis\u00e9es r\u00e9guli\u00e8rement pour t\u2019informer et t\u2019accompagner.<\/p>\n<ol start=\"4\">\n<li><strong> Des sorties et des s\u00e9jours<\/strong><\/li>\n<\/ol>\n<p>Bowling, cin\u00e9ma, escape game, futsal, voyages en France ou \u00e0 l\u2019\u00e9tranger ( <a href=\"https:\/\/www.facebook.com\/prj.deschepper.7\/posts\/pfbid02HmGbwfEMHqUwFwkPkE8AXnqnWkgyiiDqzwtpiWVq8f3U1tT4DGE6LbxBks4KRDNwl?__cft__[0]=AZXfAo4OuJXEm9mHSyg1axAiNL9LBzguuUJ5JB09R7r1uoWhiDMu028gcsTuRZxJD3VoVpUBD5H5_GLfg6RDT7IWELV2VqIJSamfmvoM_wAX9TasNQjdNHAsJxBNps8RoJly00MUgivj50Iu3Jp3IB3gufeZUyYWFgX_7jRS8AuD56PeZuZa-JU-HkFCZ6FdOL0&amp;__tn__=%2CO%2CP-R\" target=\"_blank\" rel=\"noopener\">quelques exemples)<\/a> \u2026 Les PRJ organisent r\u00e9guli\u00e8rement des <strong>sorties et s\u00e9jours<\/strong>. De quoi d\u00e9couvrir de nouvelles activit\u00e9s, voyager et partager de bons moments avec d\u2019autres jeunes.<\/p>\n<ol start=\"5\">\n<li><strong> Un lieu pour \u00e9changer et cr\u00e9er<\/strong><\/li>\n<\/ol>\n<p>Les PRJ, c\u2019est aussi un espace de rencontres, de libert\u00e9 et de cr\u00e9ativit\u00e9. Tu peux y <strong>d\u00e9velopper ton projet<\/strong> (culturel, sportif, citoyen, associatif\u2026) avec l\u2019aide d\u2019animateurs, et m\u00eame \u00eatre soutenu pour monter une asso ou une entreprise.<\/p>\n<p>Comment s\u2019inscrire ?<\/p>\n<p>L\u2019adh\u00e9sion est simple et unique : elle te permet d\u2019acc\u00e9der aux <strong>trois PRJ de Roubaix<\/strong> (Deschepper, La\u00ebnnec et Nord). Il suffit de fournir :<\/p>\n<ul>\n<li>une pi\u00e8ce d\u2019identit\u00e9,<\/li>\n<li>un justificatif de domicile,<\/li>\n<li>une attestation de s\u00e9curit\u00e9 sociale,<\/li>\n<li>un certificat m\u00e9dical,<\/li>\n<li>une attestation CAF<\/li>\n<li>une photo d\u2019identit\u00e9.<\/li>\n<\/ul>\n<p>Combien \u00e7a co\u00fbte ?<\/p>\n<p>Le montant de l\u2019adh\u00e9sion initial varie selon votre quotient familial (\u00e0 partir de 4\u20ac), tout comme la cotisation trimestriel (\u00e0 partir de 6\u20ac). Les paiements sont \u00e0 effectuer en r\u00e9gie dans les mairies des quartiers.<\/p>\n<p><strong>O\u00f9 trouver ton PRJ ?<\/strong><\/p>\n<ul>\n<li><strong>PRJ Deschepper<\/strong> \u2013 50 rue S\u00e9bastopol \u2013 03 20 36 91 46<\/li>\n<li><strong>PRJ La\u00ebnnec<\/strong> \u2013 1 rue Joseph Dubar \u2013 03 28 34 28 40<\/li>\n<li><strong>PRJ Nord<\/strong> \u2013 06.42.57.49.81<\/li>\n<\/ul>\n<p>Ouvert du lundi apr\u00e8s-midi au vendredi soir (voir horaires sur <a href=\"https:\/\/www.ville-roubaix.fr\/services-infos-pratiques\/jeunesse\/pole-ressources-jeunesse\/\" target=\"_blank\" rel=\"noopener\">roubaix.fr<\/a>).<\/p>\n","protected":false},"excerpt":{"rendered":"Des activit\u00e9s pour tous les go\u00fbts Sport, danse, musique, graff, jeux vid\u00e9o, babyfoot, billard, ateliers cuisine, espace artistique&hellip;\n","protected":false},"author":2,"featured_media":380038,"comment_status":"","ping_status":"","sticky":false,"template":"","format":"standard","meta":{"footnotes":""},"categories":[2815],"tags":[1111,11,1777,674,1011,27,811,4075,1307,12,34426,25],"class_list":{"0":"post-380037","1":"post","2":"type-post","3":"status-publish","4":"format-standard","5":"has-post-thumbnail","7":"category-lille","8":"tag-actu","9":"tag-actualites","10":"tag-eu","11":"tag-europe","12":"tag-fr","13":"tag-france","14":"tag-hauts-de-france","15":"tag-jeunesse","16":"tag-lille","17":"tag-news","18":"tag-pole-ressources-jeunesse","19":"tag-republique-francaise"},"share_on_mastodon":{"url":"https:\/\/pubeurope.com\/@fr\/115179541484800836","error":""},"_links":{"self":[{"href":"https:\/\/www.europesays.com\/fr\/wp-json\/wp\/v2\/posts\/380037","targetHints":{"allow":["GET"]}}],"collection":[{"href":"https:\/\/www.europesays.com\/fr\/wp-json\/wp\/v2\/posts"}],"about":[{"href":"https:\/\/www.europesays.com\/fr\/wp-json\/wp\/v2\/types\/post"}],"author":[{"embeddable":true,"href":"https:\/\/www.europesays.com\/fr\/wp-json\/wp\/v2\/users\/2"}],"replies":[{"embeddable":true,"href":"https:\/\/www.europesays.com\/fr\/wp-json\/wp\/v2\/comments?post=380037"}],"version-history":[{"count":0,"href":"https:\/\/www.europesays.com\/fr\/wp-json\/wp\/v2\/posts\/380037\/revisions"}],"wp:featuredmedia":[{"embeddable":true,"href":"https:\/\/www.europesays.com\/fr\/wp-json\/wp\/v2\/media\/380038"}],"wp:attachment":[{"href":"https:\/\/www.europesays.com\/fr\/wp-json\/wp\/v2\/media?parent=380037"}],"wp:term":[{"taxonomy":"category","embeddable":true,"href":"https:\/\/www.europesays.com\/fr\/wp-json\/wp\/v2\/categories?post=380037"},{"taxonomy":"post_tag","embeddable":true,"href":"https:\/\/www.europesays.com\/fr\/wp-json\/wp\/v2\/tags?post=380037"}],"curies":[{"name":"wp","href":"https:\/\/api.w.org\/{rel}","templated":true}]}}