{"id":380041,"date":"2025-09-10T10:32:16","date_gmt":"2025-09-10T10:32:16","guid":{"rendered":"https:\/\/www.europesays.com\/fr\/380041\/"},"modified":"2025-09-10T10:32:16","modified_gmt":"2025-09-10T10:32:16","slug":"14-stations-de-tram-non-desservies-a-marseille-en-raison-des-manifestations-dans-la-ville","status":"publish","type":"post","link":"https:\/\/www.europesays.com\/fr\/380041\/","title":{"rendered":"14 stations de tram non-desservies \u00e0 Marseille en raison des manifestations dans la ville"},"content":{"rendered":"<p><strong>Dans un communiqu\u00e9 <a href=\"https:\/\/www.rtm.fr\/infos-trafic\/6511486273000625975\" target=\"_blank\" rel=\"noopener\">sur son site<\/a>, la R\u00e9gie des transports marseillais (RTM) indique les choses suivantes :\u00a0<\/strong><\/p>\n<p><strong><br \/>. Tram T3 :<\/strong> 6 stations non desservies de Belsunce Alcazar \u00e0 Castellane, en raison des manifestations en centre-ville. Il s&rsquo;agit de \u00a0Belsunce Alcazar, Cours Saint-Louis, Rome Davso, Place de Rome, Rome Dragon, Castellane La ligne circule uniquement entre Arenc Le Silo et Sadi CarnotLa ligne sera r\u00e9tablie d\u00e8s que les conditions le permettront.<strong>T<\/strong><\/p>\n<p><strong>.Tram T2 : <\/strong>8 stations non desservies de Arenc Le Silo \u00e0 Canebi\u00e8re Garibaldi. Il s&rsquo;agit d&rsquo;Arenc Le Silo, Eurom\u00e9diterran\u00e9e Gant\u00e8s, Joliette, R\u00e9publique Dames, Sadi Carnot, Belsunce Alcazar, Canebi\u00e8re Capucins, Canebi\u00e8re Garibaldi<\/p>\n<p>La ligne circule uniquement entre R\u00e9form\u00e9s Canebi\u00e8re et La Blancarde<\/p>\n<p>La ligne sera r\u00e9tablie d\u00e8s que les conditions le permettront, assure la RTM.<\/p>\n<p><a href=\"https:\/\/www.laprovence.com\/article\/societe\/94317460323543\/direct-laprovence-direct-bloquons-tout-le-10-septembre-points-de-rendez-vous-perturbations-dans-les-transports\" target=\"_blank\" rel=\"noopener\"><strong>Blocage du 10 septembre : retrouvez toutes nos informations<\/strong><\/a><\/p>\n","protected":false},"excerpt":{"rendered":"Dans un communiqu\u00e9 sur son site, la R\u00e9gie des transports marseillais (RTM) indique les choses suivantes :\u00a0 .&hellip;\n","protected":false},"author":2,"featured_media":380042,"comment_status":"","ping_status":"","sticky":false,"template":"","format":"standard","meta":{"footnotes":""},"categories":[2814],"tags":[17,1111,11,154,1777,674,1011,27,884,12,51339,882,13637,16,25,395,8400,2221],"class_list":{"0":"post-380041","1":"post","2":"type-post","3":"status-publish","4":"format-standard","5":"has-post-thumbnail","7":"category-marseille","8":"tag-17","9":"tag-actu","10":"tag-actualites","11":"tag-des","12":"tag-eu","13":"tag-europe","14":"tag-fr","15":"tag-france","16":"tag-marseille","17":"tag-news","18":"tag-non-desservies","19":"tag-provence-alpes-cote-dazur","20":"tag-raison","21":"tag-region","22":"tag-republique-francaise","23":"tag-septembre","24":"tag-stations","25":"tag-tram"},"share_on_mastodon":{"url":"https:\/\/pubeurope.com\/@fr\/115179549217967387","error":""},"_links":{"self":[{"href":"https:\/\/www.europesays.com\/fr\/wp-json\/wp\/v2\/posts\/380041","targetHints":{"allow":["GET"]}}],"collection":[{"href":"https:\/\/www.europesays.com\/fr\/wp-json\/wp\/v2\/posts"}],"about":[{"href":"https:\/\/www.europesays.com\/fr\/wp-json\/wp\/v2\/types\/post"}],"author":[{"embeddable":true,"href":"https:\/\/www.europesays.com\/fr\/wp-json\/wp\/v2\/users\/2"}],"replies":[{"embeddable":true,"href":"https:\/\/www.europesays.com\/fr\/wp-json\/wp\/v2\/comments?post=380041"}],"version-history":[{"count":0,"href":"https:\/\/www.europesays.com\/fr\/wp-json\/wp\/v2\/posts\/380041\/revisions"}],"wp:featuredmedia":[{"embeddable":true,"href":"https:\/\/www.europesays.com\/fr\/wp-json\/wp\/v2\/media\/380042"}],"wp:attachment":[{"href":"https:\/\/www.europesays.com\/fr\/wp-json\/wp\/v2\/media?parent=380041"}],"wp:term":[{"taxonomy":"category","embeddable":true,"href":"https:\/\/www.europesays.com\/fr\/wp-json\/wp\/v2\/categories?post=380041"},{"taxonomy":"post_tag","embeddable":true,"href":"https:\/\/www.europesays.com\/fr\/wp-json\/wp\/v2\/tags?post=380041"}],"curies":[{"name":"wp","href":"https:\/\/api.w.org\/{rel}","templated":true}]}}