{"id":380047,"date":"2025-09-10T10:35:30","date_gmt":"2025-09-10T10:35:30","guid":{"rendered":"https:\/\/www.europesays.com\/fr\/380047\/"},"modified":"2025-09-10T10:35:30","modified_gmt":"2025-09-10T10:35:30","slug":"les-images-marquantes-de-la-journee-du-10-septembre","status":"publish","type":"post","link":"https:\/\/www.europesays.com\/fr\/380047\/","title":{"rendered":"les images marquantes de la journ\u00e9e du 10 septembre"},"content":{"rendered":"<p>            Par<br \/>\n        <strong><br \/>\n            <a href=\"https:\/\/actu.fr\/auteur\/nicolas-zaugra\" title=\"Consulter tous les articles de Nicolas Zaugra\" target=\"_blank\" rel=\"noopener\">Nicolas Zaugra<\/a><br \/>\n        <\/strong><\/p>\n<p>        Publi\u00e9 le<\/p>\n<p>            10 sept. 2025 \u00e0 12h15        <\/p>\n<p>        Partager<\/p>\n<ul id=\"share\" class=\"ac-article-actions__share \">\n<li>\n            <a target=\"_blank\" href=\"http:\/\/www.facebook.com\/sharer.php?u=https:\/\/actu.fr\/auvergne-rhone-alpes\/lyon_69123\/photos-bloquons-tout-a-lyon-les-images-marquantes-de-la-journee-du-10-septembre_63141043.html\" class=\"ac-btn-social ac-btn-social--blue ac-btn-social--facebook\" title=\"Partagez sur Facebook - Nouvelle fen\u00eatre\" data-trk=\"{&quot;social&quot;:{&quot;network&quot;:&quot;facebook&quot;},&quot;article&quot;:{&quot;id_contenu&quot;:63141043,&quot;titre_contenu&quot;:&quot;PHOTOS. \\&quot;Bloquons tout\\&quot; \\u00e0 Lyon : les images marquantes de la journ\\u00e9e du 10 septembre&quot;,&quot;marque&quot;:&quot;Actu Lyon&quot;,&quot;nom_commune&quot;:&quot;Lyon&quot;,&quot;code_insee_commune&quot;:&quot;69123&quot;,&quot;code_region&quot;:&quot;84&quot;,&quot;code_departement&quot;:&quot;69&quot;,&quot;type&quot;:&quot;article&quot;,&quot;arborescence&quot;:&quot;Soci\\u00e9t\\u00e9&quot;,&quot;tags_article_s&quot;:&quot;Bloquons tout|Manifestations|Mouvement du 10 septembre&quot;,&quot;signature_auteur&quot;:&quot;Nicolas Zaugra&quot;,&quot;statut_monetisation&quot;:&quot;gratuit&quot;}}\" rel=\"noopener\">Partagez sur Facebook<\/a>\n        <\/li>\n<li>\n            <a target=\"_blank\" href=\"https:\/\/twitter.com\/intent\/tweet?url=https:\/\/actu.fr\/auvergne-rhone-alpes\/lyon_69123\/photos-bloquons-tout-a-lyon-les-images-marquantes-de-la-journee-du-10-septembre_63141043.html&amp;text=PHOTOS. &quot;Bloquons tout&quot; \u00e0 Lyon : les images marquantes de la journ\u00e9e du 10 septembre&amp;via=actufr\" class=\"ac-btn-social ac-btn-social--blue ac-btn-social--x\" title=\"Partagez sur Twitter - Nouvelle fen\u00eatre\" data-trk=\"{&quot;social&quot;:{&quot;network&quot;:&quot;twitter&quot;},&quot;article&quot;:{&quot;id_contenu&quot;:63141043,&quot;titre_contenu&quot;:&quot;PHOTOS. \\&quot;Bloquons tout\\&quot; \\u00e0 Lyon : les images marquantes de la journ\\u00e9e du 10 septembre&quot;,&quot;marque&quot;:&quot;Actu Lyon&quot;,&quot;nom_commune&quot;:&quot;Lyon&quot;,&quot;code_insee_commune&quot;:&quot;69123&quot;,&quot;code_region&quot;:&quot;84&quot;,&quot;code_departement&quot;:&quot;69&quot;,&quot;type&quot;:&quot;article&quot;,&quot;arborescence&quot;:&quot;Soci\\u00e9t\\u00e9&quot;,&quot;tags_article_s&quot;:&quot;Bloquons tout|Manifestations|Mouvement du 10 septembre&quot;,&quot;signature_auteur&quot;:&quot;Nicolas Zaugra&quot;,&quot;statut_monetisation&quot;:&quot;gratuit&quot;}}\" rel=\"noopener\">Partagez sur Twitter<\/a>\n        <\/li>\n<li>\n            <a target=\"_blank\" href=\"http:\/\/actu.fr\/cdn-cgi\/l\/email-protection#f8b8c78b8d9a929d9b8cc5a8b0b7acb7abd6d8de898d978cc3ba9497898d97968bd88c978d8cde898d978cc3d83b58d8b4819796d8c2d8949d8bd89195999f9d8bd895998a898d99968c9d8bd89c9dd89499d892978d8a963b519dd89c8dd8c9c8d88b9d888c9d959a8a9dde9a979c81c5a8b0b7acb7abd6d8de898d978cc3ba9497898d97968bd88c978d8cde898d978cc3d83b58d8b4819796d8c2d8949d8bd89195999f9d8bd895998a898d99968c9d8bd89c9dd89499d892978d8a963b519dd89c8dd8c9c8d88b9d888c9d959a8a9dddcac8c2ddcac8908c8c888bc2d7d7999b8c8dd69e8ad7998d8e9d8a9f969dd58a9097969dd59994889d8bd794819796a7cec1c9cacbd78890978c978bd59a9497898d97968bd58c978d8cd599d594819796d5949d8bd59195999f9d8bd595998a898d99968c9d8bd59c9dd59499d592978d8a969d9dd59c8dd5c9c8d58b9d888c9d959a8a9da7cecbc9ccc9c8cccbd6908c9594\" class=\"ac-btn-social ac-btn-social--blue ac-btn-social--mail\" title=\"Partagez par mail - Nouvelle fen\u00eatre\" data-trk=\"{&quot;social&quot;:{&quot;network&quot;:&quot;email&quot;},&quot;article&quot;:{&quot;id_contenu&quot;:63141043,&quot;titre_contenu&quot;:&quot;PHOTOS. \\&quot;Bloquons tout\\&quot; \\u00e0 Lyon : les images marquantes de la journ\\u00e9e du 10 septembre&quot;,&quot;marque&quot;:&quot;Actu Lyon&quot;,&quot;nom_commune&quot;:&quot;Lyon&quot;,&quot;code_insee_commune&quot;:&quot;69123&quot;,&quot;code_region&quot;:&quot;84&quot;,&quot;code_departement&quot;:&quot;69&quot;,&quot;type&quot;:&quot;article&quot;,&quot;arborescence&quot;:&quot;Soci\\u00e9t\\u00e9&quot;,&quot;tags_article_s&quot;:&quot;Bloquons tout|Manifestations|Mouvement du 10 septembre&quot;,&quot;signature_auteur&quot;:&quot;Nicolas Zaugra&quot;,&quot;statut_monetisation&quot;:&quot;gratuit&quot;}}\" rel=\"noopener\">Partagez par Mail<\/a>\n        <\/li>\n<li>\n<p>                Copiez\/Collez le Lien<\/p>\n<p>            Copi\u00e9 !\n        <\/li>\n<\/ul>\n<p>Plusieurs centaines de manifestants, quelques casseurs voulant en d\u00e9coudre, une mobilisation tr\u00e8s dispers\u00e9e, des forces de l\u2019ordre d\u00e9ploy\u00e9es en masse : la <a href=\"https:\/\/actu.fr\/auvergne-rhone-alpes\/lyon_69123\/direct-bloquons-tout-le-10-septembre-blocages-manifestations-suivez-la-journee-a-lyon_63136003.html\" target=\"_blank\" rel=\"noopener\">premi\u00e8re matin\u00e9e du mouvement \u00ab\u00a0Bloquons tout\u00a0\u00bb du 10 septembre<\/a> a \u00e9t\u00e9 \u00e9maill\u00e9e de plusieurs incidents dans la m\u00e9tropole de <a href=\"https:\/\/actu.fr\/auvergne-rhone-alpes\/lyon_69123\" target=\"_blank\" rel=\"noopener\">Lyon<\/a> avant une manifestation organis\u00e9e \u00e0 midi dans le 3e arrondissement, place Guichard.\u00a0<\/p>\n<p class=\" wall-content\">Les images marquantes de cette premi\u00e8re matin\u00e9e de mouvement social qui conteste Emmanuel Macron en plein blocage \u00e0 l\u2019Assembl\u00e9e nationale et au lendemain de la nomination du nouveau Premier ministre <a href=\"https:\/\/actu.fr\/politique\/sebastien-lecornu-nomme-premier-ministre-suivez-la-passation-de-pouvoirs-en-plein-mouvement-bloquons-tout_63139915.html\" target=\"_blank\" rel=\"noopener\">S\u00e9bastien Lecornu<\/a>.<\/p>\n<p>\u00c0 lire aussi<\/p>\n<ul>\n<li>\n<img decoding=\"async\" loading=\"lazy\" src=\"https:\/\/www.europesays.com\/fr\/wp-content\/uploads\/2025\/09\/barrage-a43-saint-quentin-fallavier-200x200.jpeg\" alt=\"\" width=\"200\" height=\"200\"\/><\/p>\n<p><a class=\"item__content\" href=\"https:\/\/actu.fr\/auvergne-rhone-alpes\/saint-quentin-fallavier_38449\/bloquons-tout-pres-de-lyon-des-blocages-provoquent-la-pagaille-dans-une-zone-logistique_63139947.html\" data-trk=\"{&quot;cta&quot;:{&quot;type&quot;:&quot;lien article&quot;,&quot;name&quot;:&quot;\\u00ab\\u00a0Bloquons tout\\u00a0\\u00bb pr\\u00e8s de Lyon : des blocages provoquent la pagaille dans une zone logistique&quot;,&quot;category&quot;:&quot;article&quot;,&quot;action&quot;:&quot;https:\\\/\\\/actu.fr\\\/auvergne-rhone-alpes\\\/saint-quentin-fallavier_38449\\\/bloquons-tout-pres-de-lyon-des-blocages-provoquent-la-pagaille-dans-une-zone-logistique_63139947.html&quot;,&quot;from&quot;:&quot;\\u00c0 lire aussi&quot;}}\" target=\"_blank\" rel=\"noopener\">\u00ab\u00a0Bloquons tout\u00a0\u00bb pr\u00e8s de Lyon : des blocages provoquent la pagaille dans une zone logistique<\/a><\/p>\n<\/li>\n<\/ul>\n<p>Le blocage de la M7, de la Feyssine et des quais<\/p>\n<p class=\" wall-content\">\n    <img   decoding=\"async\" loading=\"lazy\" src=\"https:\/\/www.europesays.com\/fr\/wp-content\/uploads\/2025\/09\/10-septembre-blocage-feyssine-960x640.jpeg\" alt=\"Le point de blocage au rond point de la Feyssine pr\u00e8s du p\u00e9riph\u00e9rique.\" width=\"960\" height=\"640\"\/><br \/>\n    Le point de blocage au rond-point de la Feyssine pr\u00e8s du p\u00e9riph\u00e9rique. (\u00a9pr\u00e9fecture du Rh\u00f4ne)<br \/>\n    <img   decoding=\"async\" loading=\"lazy\" src=\"https:\/\/www.europesays.com\/fr\/wp-content\/uploads\/2025\/09\/quai-rhone-barrage-lyon-960x640.jpeg\" alt=\"Les quais du Rh\u00f4ne sont bloqu\u00e9s par des manifestants.\" width=\"960\" height=\"640\"\/><br \/>\n    Les quais du Rh\u00f4ne sont bloqu\u00e9s par des manifestants. (\u00a9Julien Damboise\/ actu Lyon)<br \/>\n    <img   decoding=\"async\" loading=\"lazy\" src=\"https:\/\/www.europesays.com\/fr\/wp-content\/uploads\/2025\/09\/blocage-m7-lyon-10-septembre-960x640.jpeg\" alt=\"Des manifestants bloquent la circulation sur la M7 \u00e0 l'entr\u00e9e de Lyon.\" width=\"960\" height=\"640\"\/><br \/>\n    Des manifestants bloquent la circulation sur la M7 \u00e0 l\u2019entr\u00e9e de Lyon. (\u00a9Julien Damboise\/ actu Lyon)<\/p>\n<p class=\" wall-content\"><a href=\"https:\/\/www.instagram.com\/actu.fr_lyon\/reel\/DOaRKXKiJsu\/embed\" title=\"Ouvrir le lien sur Instagram\" target=\"_blank\" rel=\"noopener\">Visualiser le contenu sur Instagram<\/a><\/p>\n<p>La manifestation syndicale tr\u00e8s suivie place Guichard<\/p>\n<p class=\" wall-content\">\n    <img   decoding=\"async\" loading=\"lazy\" src=\"https:\/\/www.europesays.com\/fr\/wp-content\/uploads\/2025\/09\/manifestation-lyon-place-guichard-960x640.jpg\" alt=\"Les manifestants r\u00e9unis place Guichard \u00e0 Lyon pour le 10 septembre.\" width=\"960\" height=\"640\"\/><br \/>\n    Les manifestants r\u00e9unis en nombre place Guichard \u00e0 Lyon pour le 10 septembre. (\u00a9Th\u00e9o Zuili \/ actu Lyon)<br \/>\n    <img   decoding=\"async\" loading=\"lazy\" src=\"https:\/\/www.europesays.com\/fr\/wp-content\/uploads\/2025\/09\/manifestation-lyon-10-septembre-960x640.jpeg\" alt=\"La manifestation syndicale rassembl\u00e9e d\u00e8s 12h place Guichard, dans le 3e arrondissement.\" width=\"960\" height=\"640\"\/><br \/>\n    La manifestation syndicale rassembl\u00e9e d\u00e8s 12h place Guichard, dans le 3e arrondissement. (\u00a9Julien Damboise\/ actu Lyon)<\/p>\n<p>Des affrontements avec la police<\/p>\n<p class=\" wall-content\">\n    <img   decoding=\"async\" loading=\"lazy\" src=\"https:\/\/www.europesays.com\/fr\/wp-content\/uploads\/2025\/09\/feu-poubelle-lyon-police-manifestation-960x640.jpg\" alt=\"Un feu de poubelle ce mercredi matin \u00e0 Perrache.\" width=\"960\" height=\"640\"\/><br \/>\n    Un feu de poubelle ce mercredi matin \u00e0 Perrache. (\u00a9Julien Damboise \/ actu Lyon)<br \/>\n    <img   decoding=\"async\" loading=\"lazy\" src=\"https:\/\/www.europesays.com\/fr\/wp-content\/uploads\/2025\/09\/police-lyon-manifestation-gaz-960x640.jpg\" alt=\"Les policiers ont fait usage de gaz lacrymog\u00e8ne dans le 3e arrondissement de Lyon, o\u00f9 des manifestants circulaient dans les rues ce mercredi matin.\" width=\"960\" height=\"640\"\/><br \/>\n    Les policiers ont fait usage de gaz lacrymog\u00e8ne dans le 3e arrondissement de Lyon, o\u00f9 des manifestants circulaient dans les rues ce mercredi matin. (\u00a9Julien Damboise \/ actu Lyon)<br \/>\n    <img   decoding=\"async\" loading=\"lazy\" src=\"https:\/\/www.europesays.com\/fr\/wp-content\/uploads\/2025\/09\/poubelles-incendiees-10-septembre-lyon-960x640.jpeg\" alt=\"Des poubelles incendi\u00e9es sur les voies du tramway \u00e0 Perrache.\" width=\"960\" height=\"640\"\/><br \/>\n    Des poubelles incendi\u00e9es sur les voies du tramway \u00e0 Perrache. (\u00a9Julien Damboise\/ actu Lyon)<br \/>\n    <img   decoding=\"async\" loading=\"lazy\" src=\"https:\/\/www.europesays.com\/fr\/wp-content\/uploads\/2025\/09\/petit-groupe-manifestant-lyon-960x640.png\" alt=\"Un petit groupe de manifestants circule dans la matin\u00e9e dans le 3e arrondissement de Lyon.\" width=\"960\" height=\"640\"\/><br \/>\n    Un petit groupe de manifestants circule dans la matin\u00e9e dans le 3e arrondissement de Lyon. (\u00a9Julien Damboise \/ actu Lyon)<br \/>\n    <img   decoding=\"async\" loading=\"lazy\" src=\"https:\/\/www.europesays.com\/fr\/wp-content\/uploads\/2025\/09\/g0ens65xmaampsq-960x640.jpeg\" alt=\"Des pav\u00e9s jet\u00e9s sur des policiers \u00e0 Lyon.\" width=\"960\" height=\"640\"\/><br \/>\n    Des pav\u00e9s jet\u00e9s sur des policiers \u00e0 Lyon. (\u00a9DR)<\/p>\n<p>De nombreux magasins se prot\u00e8gent \u00e0 Lyon et Villeurbanne<\/p>\n<p class=\" wall-content\">\n    <img   decoding=\"async\" loading=\"lazy\" src=\"https:\/\/www.europesays.com\/fr\/wp-content\/uploads\/2025\/09\/orange-barricade-manifestation-magasin-lyon-960x640.jpeg\" alt=\"Le magasin Orange de la Presqu'\u00eele de Lyon anticipe de potentielles violences ce mercredi 10 septembre 2025 lors du mouvement \" width=\"960\" height=\"640\"\/><br \/>\n    Le magasin Orange de la Presqu\u2019\u00eele de Lyon anticipe de potentielles violences ce mercredi 10 septembre 2025 lors du mouvement \u00ab\u00a0Bloquons tout\u00a0\u00bb. (\u00a9Julien Damboise \/ actu Lyon)<br \/>\n    <img   decoding=\"async\" loading=\"lazy\" src=\"https:\/\/www.europesays.com\/fr\/wp-content\/uploads\/2025\/09\/monop-lyon-10-septembre-barricade-960x640.jpeg\" alt=\"Le Monop' de la place Bellecour \u00e0 Lyon se barricade avant le mouvement \" width=\"960\" height=\"640\"\/><br \/>\n    Le Monop\u2019 de la place Bellecour \u00e0 Lyon se barricade avant le mouvement \u00ab\u00a0Bloquons tout\u00a0\u00bb ce 10 septembre 2025. (\u00a9Julien Damboise \/ actu Lyon)<br \/>\n    <img   decoding=\"async\" loading=\"lazy\" src=\"https:\/\/www.europesays.com\/fr\/wp-content\/uploads\/2025\/09\/banque-10-septembre-lyon-960x640.jpeg\" alt=\"Une banque BNP Paribas se prot\u00e8ge dans le quartier de Charpennes \u00e0 Villeurbanne.\" width=\"960\" height=\"640\"\/><br \/>\n    Une banque BNP Paribas se prot\u00e8ge dans le quartier de Charpennes \u00e0 Villeurbanne. (\u00a9Nicolas Zaugra\/ actu Lyon)<\/p>\n<p>La raffinerie de Feyzin vis\u00e9e par une gr\u00e8ve<br \/>\n    <img   decoding=\"async\" loading=\"lazy\" src=\"https:\/\/www.europesays.com\/fr\/wp-content\/uploads\/2025\/09\/lyon-feyzin-bloquons-tout-960x640.jpg\" alt=\"Des manifestants pr\u00e8s de la raffinerie TotalEnergies de Feyzin.\" width=\"960\" height=\"640\"\/><br \/>\n    Des manifestants pr\u00e8s de la raffinerie TotalEnergies de Feyzin. (\u00a9MARIE JULLIARD \/ AFP)<\/p>\n<p class=\" wall-content\"><strong>Avec Julien Damboise et l\u2019AFP<\/strong><\/p>\n<p class=\" wall-content\">Personnalisez votre actualit\u00e9 en ajoutant vos villes et m\u00e9dias en favori avec <a href=\"https:\/\/moncompte.actu.fr\" title=\"D\u00e9couvez Mon Actu\" rel=\"nofollow noopener\" data-trk=\"{&quot;cta&quot;:{&quot;action&quot;:&quot;https:\\\/\\\/moncompte.actu.fr&quot;,&quot;category&quot;:&quot;mon compte&quot;,&quot;from&quot;:&quot;article footer&quot;,&quot;name&quot;:&quot;Mon actu&quot;,&quot;type&quot;:&quot;cta&quot;}}\" target=\"_blank\">Mon Actu<\/a>.<\/p>\n<p>                    <script async src=\"https:\/\/platform.twitter.com\/widgets.js\" charset=\"utf-8\"><\/script><script async src=\"\/\/www.instagram.com\/embed.js\"><\/script><\/p>\n","protected":false},"excerpt":{"rendered":"Par Nicolas Zaugra Publi\u00e9 le 10 sept. 2025 \u00e0 12h15 Partager Partagez sur Facebook Partagez sur Twitter Partagez&hellip;\n","protected":false},"author":2,"featured_media":380048,"comment_status":"","ping_status":"","sticky":false,"template":"","format":"standard","meta":{"footnotes":""},"categories":[1889],"tags":[1111,11,2430,47212,1777,674,1011,27,2428,1272,50957,12,25,104],"class_list":{"0":"post-380047","1":"post","2":"type-post","3":"status-publish","4":"format-standard","5":"has-post-thumbnail","7":"category-lyon","8":"tag-actu","9":"tag-actualites","10":"tag-auvergne-rhone-alpes","11":"tag-bloquons-tout","12":"tag-eu","13":"tag-europe","14":"tag-fr","15":"tag-france","16":"tag-lyon","17":"tag-manifestations","18":"tag-mouvement-du-10-septembre","19":"tag-news","20":"tag-republique-francaise","21":"tag-societe"},"share_on_mastodon":{"url":"https:\/\/pubeurope.com\/@fr\/115179561356416775","error":""},"_links":{"self":[{"href":"https:\/\/www.europesays.com\/fr\/wp-json\/wp\/v2\/posts\/380047","targetHints":{"allow":["GET"]}}],"collection":[{"href":"https:\/\/www.europesays.com\/fr\/wp-json\/wp\/v2\/posts"}],"about":[{"href":"https:\/\/www.europesays.com\/fr\/wp-json\/wp\/v2\/types\/post"}],"author":[{"embeddable":true,"href":"https:\/\/www.europesays.com\/fr\/wp-json\/wp\/v2\/users\/2"}],"replies":[{"embeddable":true,"href":"https:\/\/www.europesays.com\/fr\/wp-json\/wp\/v2\/comments?post=380047"}],"version-history":[{"count":0,"href":"https:\/\/www.europesays.com\/fr\/wp-json\/wp\/v2\/posts\/380047\/revisions"}],"wp:featuredmedia":[{"embeddable":true,"href":"https:\/\/www.europesays.com\/fr\/wp-json\/wp\/v2\/media\/380048"}],"wp:attachment":[{"href":"https:\/\/www.europesays.com\/fr\/wp-json\/wp\/v2\/media?parent=380047"}],"wp:term":[{"taxonomy":"category","embeddable":true,"href":"https:\/\/www.europesays.com\/fr\/wp-json\/wp\/v2\/categories?post=380047"},{"taxonomy":"post_tag","embeddable":true,"href":"https:\/\/www.europesays.com\/fr\/wp-json\/wp\/v2\/tags?post=380047"}],"curies":[{"name":"wp","href":"https:\/\/api.w.org\/{rel}","templated":true}]}}