{"id":380049,"date":"2025-09-10T10:38:11","date_gmt":"2025-09-10T10:38:11","guid":{"rendered":"https:\/\/www.europesays.com\/fr\/380049\/"},"modified":"2025-09-10T10:38:11","modified_gmt":"2025-09-10T10:38:11","slug":"production-cine-tv-soutenue-renoir-presente-a-cannes-2025","status":"publish","type":"post","link":"https:\/\/www.europesays.com\/fr\/380049\/","title":{"rendered":"Production cin\u00e9-TV soutenue : \u00ab\u00a0Renoir\u00a0\u00bb, pr\u00e9sent\u00e9 \u00e0 Cannes 2025"},"content":{"rendered":"<p>                  <img fetchpriority=\"high\" decoding=\"async\" loading=\"eager\" width=\"810\" height=\"1080\" src=\"https:\/\/www.europesays.com\/fr\/wp-content\/uploads\/2025\/09\/renoir_aff.jpg.webp\" alt=\"\"\/><\/p>\n<p>                    <strong>Cr\u00e9dit photo :<\/strong><br \/>\n                    \u00a9 Ici et L\u00e0 Productions<\/p>\n<p>B\u00e9n\u00e9ficiaire de <a href=\"https:\/\/www.iledefrance.fr\/aides-et-appels-a-projets\/aide-apres-realisation-cinema\" data-entity-type=\"node\" data-entity-uuid=\"794b3842-8273-4924-8b5b-6fd2fefdb6ea\" data-entity-substitution=\"canonical\" target=\"_blank\" rel=\"noopener\">l&rsquo;Aide apr\u00e8s r\u00e9alisation de la R\u00e9gion,<\/a> Renoir est l&rsquo;un des <a href=\"https:\/\/www.iledefrance.fr\/toutes-les-actualites\/cannes-2025-16-films-soutenus-par-la-region-au-programme-dont-11-en-selection-officielle\" data-entity-type=\"node\" data-entity-uuid=\"045e98c7-6d6a-4020-b668-a648944a9854\" data-entity-substitution=\"canonical\" target=\"_blank\" rel=\"noopener\">16 films soutenus par la R\u00e9gion pr\u00e9sent\u00e9s \u00e0 Cannes 2025<\/a> (en ce qui le concerne, c&rsquo;\u00e9tait en comp\u00e9tition officielle).<\/p>\n<p>Cette chronique d&rsquo;une enfance offrant, \u00e0 la mani\u00e8re des impressionnistes, toute une mosa\u00efque de sensations est r\u00e9alis\u00e9e par la Japonaise Chie Hayakawa, dont un autre film, \u00e9galement soutenu par la R\u00e9gion, avait \u00e9t\u00e9 prim\u00e9 \u00e0 Cannes\u00a0: Plan 75 (2022), r\u00e9compens\u00e9e par Cam\u00e9ra d&rsquo;or, chronique d&rsquo;un Japon futuriste o\u00f9 l&rsquo;euthanasie des seniors serait encourag\u00e9e par l&rsquo;\u00c9tat.<\/p>\n<p>Le titre Renoir fait r\u00e9f\u00e9rence au tableau La Petite Ir\u00e8ne, du peintre fran\u00e7ais, qui a fascin\u00e9 la cin\u00e9aste quand elle \u00e9tait enfant. Une anecdote qui a \u00e9t\u00e9 int\u00e9gr\u00e9e dans le film.<\/p>\n<p>L&rsquo;action de passe \u00e0 Tokyo en 1987. Fuki, 11 ans, vit entre un p\u00e8re hospitalis\u00e9 et une m\u00e8re d\u00e9bord\u00e9e et absente. Un \u00e9t\u00e9 suspendu commence pour elle entre solitude, rituels \u00e9tranges et \u00e9lans d\u2019enfance. Le portrait d\u2019une fillette \u00e0 la sensibilit\u00e9 hors du commun, qui cherche \u00e0 entrer en contact avec les vivants, les morts, et peut-\u00eatre avec elle-m\u00eame&#8230;<\/p>\n<p>\u00c0 noter que 2 films soutenus par la R\u00e9gion pr\u00e9sent\u00e9s, eux aussi en comp\u00e9tition officielle \u00e0 Cannes 2025, ont \u00e9t\u00e9 prim\u00e9s :<\/p>\n<p>Bande-annonce<\/p>\n","protected":false},"excerpt":{"rendered":"Cr\u00e9dit photo : \u00a9 Ici et L\u00e0 Productions B\u00e9n\u00e9ficiaire de l&rsquo;Aide apr\u00e8s r\u00e9alisation de la R\u00e9gion, Renoir est&hellip;\n","protected":false},"author":2,"featured_media":380050,"comment_status":"","ping_status":"","sticky":false,"template":"","format":"standard","meta":{"footnotes":""},"categories":[1592],"tags":[1111,11,1777,674,1011,27,662,12,626,25],"class_list":{"0":"post-380049","1":"post","2":"type-post","3":"status-publish","4":"format-standard","5":"has-post-thumbnail","7":"category-ile-de-france","8":"tag-actu","9":"tag-actualites","10":"tag-eu","11":"tag-europe","12":"tag-fr","13":"tag-france","14":"tag-ile-de-france","15":"tag-news","16":"tag-paris","17":"tag-republique-francaise"},"share_on_mastodon":{"url":"https:\/\/pubeurope.com\/@fr\/115179572689414208","error":""},"_links":{"self":[{"href":"https:\/\/www.europesays.com\/fr\/wp-json\/wp\/v2\/posts\/380049","targetHints":{"allow":["GET"]}}],"collection":[{"href":"https:\/\/www.europesays.com\/fr\/wp-json\/wp\/v2\/posts"}],"about":[{"href":"https:\/\/www.europesays.com\/fr\/wp-json\/wp\/v2\/types\/post"}],"author":[{"embeddable":true,"href":"https:\/\/www.europesays.com\/fr\/wp-json\/wp\/v2\/users\/2"}],"replies":[{"embeddable":true,"href":"https:\/\/www.europesays.com\/fr\/wp-json\/wp\/v2\/comments?post=380049"}],"version-history":[{"count":0,"href":"https:\/\/www.europesays.com\/fr\/wp-json\/wp\/v2\/posts\/380049\/revisions"}],"wp:featuredmedia":[{"embeddable":true,"href":"https:\/\/www.europesays.com\/fr\/wp-json\/wp\/v2\/media\/380050"}],"wp:attachment":[{"href":"https:\/\/www.europesays.com\/fr\/wp-json\/wp\/v2\/media?parent=380049"}],"wp:term":[{"taxonomy":"category","embeddable":true,"href":"https:\/\/www.europesays.com\/fr\/wp-json\/wp\/v2\/categories?post=380049"},{"taxonomy":"post_tag","embeddable":true,"href":"https:\/\/www.europesays.com\/fr\/wp-json\/wp\/v2\/tags?post=380049"}],"curies":[{"name":"wp","href":"https:\/\/api.w.org\/{rel}","templated":true}]}}