{"id":380051,"date":"2025-09-10T10:39:10","date_gmt":"2025-09-10T10:39:10","guid":{"rendered":"https:\/\/www.europesays.com\/fr\/380051\/"},"modified":"2025-09-10T10:39:10","modified_gmt":"2025-09-10T10:39:10","slug":"charge-policiere-a-la-gare-du-nord-a-paris-des-actions-dans-toute-la-france-au-moins-200-interpellations-suivez-notre-direct","status":"publish","type":"post","link":"https:\/\/www.europesays.com\/fr\/380051\/","title":{"rendered":"charge polici\u00e8re \u00e0 la gare du Nord \u00e0 Paris, des actions dans toute la France, au moins 200 interpellations&#8230; Suivez notre direct"},"content":{"rendered":"<p class=\"mb-4 text-lg md:leading-8 break-words\">Alors qu&rsquo;en d\u00e9but de matin\u00e9e, Caen a \u00e9t\u00e9 l&rsquo;une des villes les plus cibl\u00e9es avec un blocage du p\u00e9riph\u00e9rique et d&rsquo;un viaduc et des images impressionnantes, d&rsquo;autres villes ont pris le relais comme Rennes, Paris o\u00f9 des tensions ont eu lieu entre lyc\u00e9ens et policiers, ou encore Lyon et Marseille.<\/p>\n<p class=\"mb-4 text-lg md:leading-8 break-words\">80 000 policiers et gendarmes sont mobilis\u00e9s, et une consigne de fermet\u00e9 a \u00e9t\u00e9 donn\u00e9e par le ministre de l&rsquo;Int\u00e9rieur d\u00e9missionnaire, Bruno Retailleau, qui a annonc\u00e9 qu&rsquo;au moins 200 interpellations ont d\u00e9j\u00e0 \u00e9t\u00e9 effectu\u00e9es.<\/p>\n<p class=\"mb-4 text-lg md:leading-8 break-words\">Plusieurs types d&rsquo;actions sont attendus au fil de la journ\u00e9e. Des actions de blocages de site strat\u00e9giques, comme les p\u00e9riph\u00e9riques de grandes agglom\u00e9rations, mais aussi des raffineries, des entrep\u00f4ts Amazon ou des centre commerciaux.<\/p>\n<p class=\"mb-4 text-lg md:leading-8 break-words\">Des manifestations plus classiques sont \u00e9galement attendues dans certaines villes, ainsi que des rassemblements sur des ronds-points, comme \u00e0 l&rsquo;\u00e9poque des gilets jaunes.<\/p>\n<p>En direct45\u00a0mises \u00e0 jour<\/p>\n<ul class=\"xl:-mx-2\">\n<li class=\"mb-4 rounded-lg border border-[rgba(0,0,0,0.03)] bg-marshmallow px-4 pb-1 pt-4 md:mb-8 md:px-6 md:pb-2 md:pt-6 dark:bg-ramones\" data-jump-link-target=\"true\" id=\"14d474a8-4b95-4560-bd07-729e03137742\">mer. 10 septembre 2025 \u00e0 5:44 AM UTC\u22124\n<p>Mathieu B.<\/p>\n<p class=\"mb-4 text-lg md:leading-8 break-words\">Alors que la situation \u00e9tait statique depuis plusieurs minutes autour de la gare du Nord \u00e0 Paris, les forces de l&rsquo;ordre ont men\u00e9 une violente charge sur la t\u00eate du cort\u00e8ge, les repoussant de plusieurs m\u00e8tres, comme on peut le voir sur ces images des journalistes pr\u00e9sents sur place.<\/p>\n<\/li>\n<\/ul>\n<p>Afficher plus de mises \u00e0 jour<\/p>\n","protected":false},"excerpt":{"rendered":"Alors qu&rsquo;en d\u00e9but de matin\u00e9e, Caen a \u00e9t\u00e9 l&rsquo;une des villes les plus cibl\u00e9es avec un blocage du&hellip;\n","protected":false},"author":2,"featured_media":380052,"comment_status":"","ping_status":"","sticky":false,"template":"","format":"standard","meta":{"footnotes":""},"categories":[1888],"tags":[1111,1928,11,1927,1013,51340,1777,674,1011,27,5962,39901,12,1926,626,1925,25],"class_list":{"0":"post-380051","1":"post","2":"type-post","3":"status-publish","4":"format-standard","5":"has-post-thumbnail","7":"category-paris","8":"tag-actu","9":"tag-actu-paris","10":"tag-actualites","11":"tag-actualites-paris","12":"tag-bruno-retailleau","13":"tag-centre-commerciaux","14":"tag-eu","15":"tag-europe","16":"tag-fr","17":"tag-france","18":"tag-getty-images","19":"tag-ministre-de-linterieur-2","20":"tag-news","21":"tag-news-paris","22":"tag-paris","23":"tag-paris-news","24":"tag-republique-francaise"},"share_on_mastodon":{"url":"https:\/\/pubeurope.com\/@fr\/115179576616397487","error":""},"_links":{"self":[{"href":"https:\/\/www.europesays.com\/fr\/wp-json\/wp\/v2\/posts\/380051","targetHints":{"allow":["GET"]}}],"collection":[{"href":"https:\/\/www.europesays.com\/fr\/wp-json\/wp\/v2\/posts"}],"about":[{"href":"https:\/\/www.europesays.com\/fr\/wp-json\/wp\/v2\/types\/post"}],"author":[{"embeddable":true,"href":"https:\/\/www.europesays.com\/fr\/wp-json\/wp\/v2\/users\/2"}],"replies":[{"embeddable":true,"href":"https:\/\/www.europesays.com\/fr\/wp-json\/wp\/v2\/comments?post=380051"}],"version-history":[{"count":0,"href":"https:\/\/www.europesays.com\/fr\/wp-json\/wp\/v2\/posts\/380051\/revisions"}],"wp:featuredmedia":[{"embeddable":true,"href":"https:\/\/www.europesays.com\/fr\/wp-json\/wp\/v2\/media\/380052"}],"wp:attachment":[{"href":"https:\/\/www.europesays.com\/fr\/wp-json\/wp\/v2\/media?parent=380051"}],"wp:term":[{"taxonomy":"category","embeddable":true,"href":"https:\/\/www.europesays.com\/fr\/wp-json\/wp\/v2\/categories?post=380051"},{"taxonomy":"post_tag","embeddable":true,"href":"https:\/\/www.europesays.com\/fr\/wp-json\/wp\/v2\/tags?post=380051"}],"curies":[{"name":"wp","href":"https:\/\/api.w.org\/{rel}","templated":true}]}}