{"id":380053,"date":"2025-09-10T10:40:19","date_gmt":"2025-09-10T10:40:19","guid":{"rendered":"https:\/\/www.europesays.com\/fr\/380053\/"},"modified":"2025-09-10T10:40:19","modified_gmt":"2025-09-10T10:40:19","slug":"above-beyond-annoncent-une-date-au-phantom-paris","status":"publish","type":"post","link":"https:\/\/www.europesays.com\/fr\/380053\/","title":{"rendered":"Above &#038; Beyond annoncent une date au Phantom Paris"},"content":{"rendered":"<p><a href=\"https:\/\/www.guettapen.com\/2025\/08\/01\/phantom-paris-devoile-14-dates-de-sa-saison-2025-2026\/\" target=\"_blank\" rel=\"noopener\">Le Phantom Paris, qui a annonc\u00e9 il y a peu les dates de sa fin d\u2019ann\u00e9e 2025 et du d\u00e9but 2026<\/a>, continue de d\u00e9voiler quelques surprises. L\u2019une d\u2019elles, s\u2019appelle <strong>Above &amp; Beyond<\/strong> ! Le trio l\u00e9gendaire vient de partager les diff\u00e9rentes dates de leur <strong>tourn\u00e9e europ\u00e9enne<\/strong>. On y retrouve des lieux iconiques, comme la Antwerp Expo en Belgique, l\u2019O2 Academy Brixton \u00e0 Londres ou encore\u2026 le <strong>Phantom Paris<\/strong> ! Le <strong>28 novembre 2025<\/strong>, Jonathan Grant, Tony McGuinness et Paavo Siljam\u00e4k seront dans notre belle capitale pour une soir\u00e9e qui s\u2019annonce exceptionnelle.<\/p>\n<p>Pendant pr\u00e8s de 2 mois et demi, le trio va parcourir 11 villes d\u2019Europe pour la promotion de l\u2019album Bigger Than All Of Us. En tout cas, pr\u00e9parez vos agendas : <a href=\"https:\/\/laylo.com\/aboveandbeyond\/m\/9ffyVs?fbclid=PAZXh0bgNhZW0CMTEAAacqjPp4HpUW3HHePdpNhFRjeVIOivjEnx_7hSENzRElo-9zrys2jilNavgiaw_aem_43ij1hVRLvctmMUqOKVHvw\" target=\"_blank\" rel=\"noopener\">la pr\u00e9vente aura lieu le 16 septembre prochain \u00e0 11h !<\/a><\/p>\n","protected":false},"excerpt":{"rendered":"Le Phantom Paris, qui a annonc\u00e9 il y a peu les dates de sa fin d\u2019ann\u00e9e 2025 et&hellip;\n","protected":false},"author":2,"featured_media":380054,"comment_status":"","ping_status":"","sticky":false,"template":"","format":"standard","meta":{"footnotes":""},"categories":[1888],"tags":[17,51341,1111,1928,11,1927,1777,674,1011,27,12,1926,626,1925,51342,25,4441],"class_list":{"0":"post-380053","1":"post","2":"type-post","3":"status-publish","4":"format-standard","5":"has-post-thumbnail","7":"category-paris","8":"tag-17","9":"tag-above-beyond","10":"tag-actu","11":"tag-actu-paris","12":"tag-actualites","13":"tag-actualites-paris","14":"tag-eu","15":"tag-europe","16":"tag-fr","17":"tag-france","18":"tag-news","19":"tag-news-paris","20":"tag-paris","21":"tag-paris-news","22":"tag-phantom","23":"tag-republique-francaise","24":"tag-tournee"},"share_on_mastodon":{"url":"https:\/\/pubeurope.com\/@fr\/115179580765983284","error":""},"_links":{"self":[{"href":"https:\/\/www.europesays.com\/fr\/wp-json\/wp\/v2\/posts\/380053","targetHints":{"allow":["GET"]}}],"collection":[{"href":"https:\/\/www.europesays.com\/fr\/wp-json\/wp\/v2\/posts"}],"about":[{"href":"https:\/\/www.europesays.com\/fr\/wp-json\/wp\/v2\/types\/post"}],"author":[{"embeddable":true,"href":"https:\/\/www.europesays.com\/fr\/wp-json\/wp\/v2\/users\/2"}],"replies":[{"embeddable":true,"href":"https:\/\/www.europesays.com\/fr\/wp-json\/wp\/v2\/comments?post=380053"}],"version-history":[{"count":0,"href":"https:\/\/www.europesays.com\/fr\/wp-json\/wp\/v2\/posts\/380053\/revisions"}],"wp:featuredmedia":[{"embeddable":true,"href":"https:\/\/www.europesays.com\/fr\/wp-json\/wp\/v2\/media\/380054"}],"wp:attachment":[{"href":"https:\/\/www.europesays.com\/fr\/wp-json\/wp\/v2\/media?parent=380053"}],"wp:term":[{"taxonomy":"category","embeddable":true,"href":"https:\/\/www.europesays.com\/fr\/wp-json\/wp\/v2\/categories?post=380053"},{"taxonomy":"post_tag","embeddable":true,"href":"https:\/\/www.europesays.com\/fr\/wp-json\/wp\/v2\/tags?post=380053"}],"curies":[{"name":"wp","href":"https:\/\/api.w.org\/{rel}","templated":true}]}}