{"id":380055,"date":"2025-09-10T10:41:14","date_gmt":"2025-09-10T10:41:14","guid":{"rendered":"https:\/\/www.europesays.com\/fr\/380055\/"},"modified":"2025-09-10T10:41:14","modified_gmt":"2025-09-10T10:41:14","slug":"alerte-immobilier-deja-une-hausse-sans-precedent-en-2025-a-paris","status":"publish","type":"post","link":"https:\/\/www.europesays.com\/fr\/380055\/","title":{"rendered":"Alerte immobilier\u00a0: d\u00e9j\u00e0 une hausse sans pr\u00e9c\u00e9dent en 2025 \u00e0 Paris"},"content":{"rendered":"<p>On vous l\u2019annon\u00e7ait<strong><a href=\"https:\/\/www.lebonbon.fr\/paris\/societe\/alerte-immobilier-fin-baisse-prix-paris\/\" target=\"_blank\" rel=\"noopener\"> il y a quelque temps<\/a><\/strong>, voil\u00e0 qui est fait. Apr\u00e8s des<strong> ann\u00e9es de baisse ou de stagnation<\/strong>, les prix du m\u00e8tre carr\u00e9 \u00e0 Paris ont commenc\u00e9 \u00e0 <strong>remonter,<\/strong> et ce, de <strong>mani\u00e8re assez drastique<\/strong>. Une situation <strong>d\u00e9sastreuse<\/strong> pour les <strong>futurs investisseurs,<\/strong> qui dure encore un peu plus le milieu de <strong>l\u2019immobilier parisien,<\/strong> d\u00e9j\u00e0 <strong>v\u00e9ritable calvaire<\/strong> pour tous ceux qui y mettent un pied.<\/p>\n<p>&#13;<br \/>\n<br \/>Du tout au tout&#13;<\/p>\n<p>En <strong>septembre 2024,<\/strong> le barom\u00e8tre des prix de la plateforme <strong>SeLoger-Meilleurs Agents<\/strong> r\u00e9v\u00e9lait une <strong>baisse des prix de 4,3%<\/strong> sur les 365 jours pr\u00e9c\u00e9dents. <strong>Un an plus tard<\/strong>, c\u2019est un autre son de cloche que nous d\u00e9voile le sp\u00e9cialiste de l&rsquo;immobilier. En effet, au<strong> 1er septembre 2025<\/strong>, on constate une <strong>moyenne parisienne<\/strong> fix\u00e9e \u00e0 <a href=\"https:\/\/www.lebonbon.fr\/paris\/news\/immobilier-septembre-prix-paris\/\" target=\"_blank\" rel=\"noopener\"><strong>9 751 euros\/m<\/strong>\u00b2<\/a><strong>,<\/strong> soit une hausse de <strong>2,3%<\/strong> depuis l\u2019ann\u00e9e derni\u00e8re. Une donn\u00e9e qui met fin \u00e0 la <strong>baisse de 11%<\/strong> entam\u00e9e en <strong>septembre 2020.<\/strong><\/p>\n<p>&#13;<\/p>\n<blockquote class=\"twitter-tweet\"><p>&#13;<\/p>\n<p lang=\"fr\" dir=\"ltr\">La ville des pied-a-terre c&rsquo;est une ville vide que s&rsquo;accaparent les plus riches<\/p>\n<p>La carte de l&rsquo;augmentation des prix de l&rsquo;immobilier \u00e0 Paris et la carte des logements inoccup\u00e9s sont les m\u00eames\u00a0: plus il y a de logements vacants et de r\u00e9sidences secondaires, plus les prix montent <a href=\"https:\/\/t.co\/g515wJN8H8\">pic.twitter.com\/g515wJN8H8<\/a><\/p>\n<p>&#13;<br \/>\n\u2014 Jacques Baudrier (@jacquesbaudrier) <a href=\"https:\/\/twitter.com\/jacquesbaudrier\/status\/1896482360335753588?ref_src=twsrc%5Etfw\" target=\"_blank\" rel=\"noopener\">March 3, 2025<\/a><\/p><\/blockquote>\n<p>&#13;<br \/>\n&#13;<\/p>\n<p>Cette <strong>\u00e9volution n\u00e9gative<\/strong> (pour les futurs acheteurs) s\u2019est particuli\u00e8rement <strong>acc\u00e9l\u00e9r\u00e9e dans les 3 derniers mois<\/strong>, cumulant \u00e0 eux seuls <strong>1,4% de croissance<\/strong>. Un changement qui s\u2019explique par une <strong>recrudescence des demandes,<\/strong> aussi bien au niveau <strong>national qu\u2019international.<\/strong> En t\u00eate de ligne, les <strong><a href=\"https:\/\/www.lebonbon.fr\/paris\/les-tops-food-et-drink\/restaurant-americain-paris-les-meilleurs-restaurants-americains-de-la-capitale\/\" target=\"_blank\" rel=\"noopener\">Am\u00e9ricains<\/a>,<\/strong> de plus en plus attir\u00e9s par la France en raison du <strong>taux de change dollars-euros <\/strong>depuis quelques mois.<\/p>\n<p>&#13;<br \/>\n<br \/>Une augmentation globale de la ville&#13;<\/p>\n<p>Toujours selon <strong>SeLoger-Meilleurs Agents,<\/strong> l\u2019augmentation des tarifs touche malheureusement<strong> la plupart des arrondissements,<\/strong> et sur les 20 que compte la capitale, seuls <strong>9 d\u2019entre eux restent sous la barre symbolique des 10 000 euros\/m\u00b2<\/strong>. Et encore, selon les experts, cela pourrait <strong>changer tr\u00e8s prochainement,<\/strong> par exemple pour le <strong><a href=\"https:\/\/www.lebonbon.fr\/paris\/les-tops-insolite\/tu-sais-que-tu-viens-du-11e-arrondissement-paris\/\" target=\"_blank\" rel=\"noopener\">11e<\/a>,<\/strong> actuellement \u00e0 9 925 euros\/m\u00b2.<\/p>\n<p>&#13;<\/p>\n<blockquote class=\"twitter-tweet\"><p>&#13;<\/p>\n<p lang=\"fr\" dir=\"ltr\">Mais acheter un appart sur Paris c&rsquo;est pas \u00eatre riche c&rsquo;est \u00eatre trillionnaire <a href=\"https:\/\/t.co\/hLDXGnnvKF\">https:\/\/t.co\/hLDXGnnvKF<\/a><\/p>\n<p>&#13;<br \/>\n\u2014 romain \ud83c\udf31 (@mastercoomer69) <a href=\"https:\/\/twitter.com\/mastercoomer69\/status\/1961429274033893546?ref_src=twsrc%5Etfw\" target=\"_blank\" rel=\"noopener\">August 29, 2025<\/a><\/p><\/blockquote>\n<p>&#13;<br \/>\n&#13;<\/p>\n<p>Cependant, gr\u00e2ce \u00e0 une<strong> l\u00e9g\u00e8re baisse des taux d\u2019emprunt <\/strong>ces derniers mois, il semblerait que les <strong>Parisiens<\/strong> soient tout de m\u00eame <strong>plus enclins \u00e0 acheter<\/strong>, avec des d\u00e9lais de mise en vente beaucoup plus courts, t\u00e9moignant d\u2019un<strong> regain de confiance dans le milieu de l&rsquo;immobilier<\/strong>. Malheureusement, pouvoir d\u2019achat oblige, ils se contentent dor\u00e9navant de<a href=\"https:\/\/www.lebonbon.fr\/paris\/societe\/7-astuces-pour-remporter-la-guerre-des-appart-a-paris\/\" target=\"_blank\" rel=\"noopener\"> <\/a><strong><a href=\"https:\/\/www.lebonbon.fr\/paris\/societe\/7-astuces-pour-remporter-la-guerre-des-appart-a-paris\/\" target=\"_blank\" rel=\"noopener\">surfaces plus petites<\/a>.<\/strong><\/p>\n<p><script async src=\"https:\/\/platform.twitter.com\/widgets.js\" charset=\"utf-8\"><\/script><\/p>\n","protected":false},"excerpt":{"rendered":"On vous l\u2019annon\u00e7ait il y a quelque temps, voil\u00e0 qui est fait. Apr\u00e8s des ann\u00e9es de baisse ou&hellip;\n","protected":false},"author":2,"featured_media":380056,"comment_status":"","ping_status":"","sticky":false,"template":"","format":"standard","meta":{"footnotes":""},"categories":[1888],"tags":[11,1777,674,1011,27,12,626,25],"class_list":{"0":"post-380055","1":"post","2":"type-post","3":"status-publish","4":"format-standard","5":"has-post-thumbnail","7":"category-paris","8":"tag-actualites","9":"tag-eu","10":"tag-europe","11":"tag-fr","12":"tag-france","13":"tag-news","14":"tag-paris","15":"tag-republique-francaise"},"share_on_mastodon":{"url":"https:\/\/pubeurope.com\/@fr\/115179584858575878","error":""},"_links":{"self":[{"href":"https:\/\/www.europesays.com\/fr\/wp-json\/wp\/v2\/posts\/380055","targetHints":{"allow":["GET"]}}],"collection":[{"href":"https:\/\/www.europesays.com\/fr\/wp-json\/wp\/v2\/posts"}],"about":[{"href":"https:\/\/www.europesays.com\/fr\/wp-json\/wp\/v2\/types\/post"}],"author":[{"embeddable":true,"href":"https:\/\/www.europesays.com\/fr\/wp-json\/wp\/v2\/users\/2"}],"replies":[{"embeddable":true,"href":"https:\/\/www.europesays.com\/fr\/wp-json\/wp\/v2\/comments?post=380055"}],"version-history":[{"count":0,"href":"https:\/\/www.europesays.com\/fr\/wp-json\/wp\/v2\/posts\/380055\/revisions"}],"wp:featuredmedia":[{"embeddable":true,"href":"https:\/\/www.europesays.com\/fr\/wp-json\/wp\/v2\/media\/380056"}],"wp:attachment":[{"href":"https:\/\/www.europesays.com\/fr\/wp-json\/wp\/v2\/media?parent=380055"}],"wp:term":[{"taxonomy":"category","embeddable":true,"href":"https:\/\/www.europesays.com\/fr\/wp-json\/wp\/v2\/categories?post=380055"},{"taxonomy":"post_tag","embeddable":true,"href":"https:\/\/www.europesays.com\/fr\/wp-json\/wp\/v2\/tags?post=380055"}],"curies":[{"name":"wp","href":"https:\/\/api.w.org\/{rel}","templated":true}]}}