{"id":380057,"date":"2025-09-10T10:42:23","date_gmt":"2025-09-10T10:42:23","guid":{"rendered":"https:\/\/www.europesays.com\/fr\/380057\/"},"modified":"2025-09-10T10:42:23","modified_gmt":"2025-09-10T10:42:23","slug":"en-direct-bloquons-tout-250-interpellations-en-france-des-lycees-bloques","status":"publish","type":"post","link":"https:\/\/www.europesays.com\/fr\/380057\/","title":{"rendered":"EN DIRECT &#8211; \u00ab\u00a0Bloquons tout\u00a0\u00bb : 250 interpellations en France, des lyc\u00e9es bloqu\u00e9s"},"content":{"rendered":"<ul class=\"jsx-862013697 ArticleChapo__List\">\n<li class=\"jsx-862013697 ArticleChapo__List_Item flex\">Ce mercredi 10 septembre, des actions sont men\u00e9es en Ile-de-France et en r\u00e9gions, des m\u00e9tropoles aux petites villes, pour d\u00e9noncer la politique \u00e9conomique d&rsquo;Emmanuel Macron.<\/li>\n<li class=\"jsx-862013697 ArticleChapo__List_Item flex\">Face aux risques de d\u00e9bordements, 80.000 gendarmes et policiers sont mobilis\u00e9s.<\/li>\n<li class=\"jsx-862013697 ArticleChapo__List_Item flex\">Suivez cette journ\u00e9e de mobilisation avec nous.<\/li>\n<\/ul>\n<p><a href=\"https:\/\/www.tf1info.fr\/actualite\/deficit-public-dette-taux-d-interet-la-france-dans-le-rouge-13639\/\" rel=\"noopener\" class=\"jsx-484472199 Link jsx-1428418400 jsx-1404382745\" target=\"_blank\"><\/p>\n<p style=\"font-weight:400\" class=\"jsx-1837267516\">Suivez la couverture compl\u00e8te<\/p>\n<p style=\"font-weight:800\" class=\"jsx-1837267516\">Budget 2026 : quelle nouvelle feuille de route apr\u00e8s la chute de Bayrou ?<\/p>\n<p><\/a><\/p>\n<p>Valider les filtresR\u00e9initialiser les filtres<\/p>\n<p>Minute par minuteFiltrer par Temps fortsFiltrerFRANCE : 250 INTERPELLATIONS AU TOTAL12:25<\/p>\n<p>Au total, on d\u00e9nombrait 250 interpellations \u00e0 11h, \u00a0indique le minist\u00e8re de l&rsquo;Int\u00e9rieur.<\/p>\n<p>NOUVELLES INTERPELLATIONS 12:23<\/p>\n<p>Les forces de l&rsquo;ordre ont proc\u00e9d\u00e9 \u00e0 neuf nouvelles interpellations :\u00a0<\/p>\n<p>&#8211; 1 \u00e0 Avignon dans le Vaucluse pour r\u00e9bellion et entrave \u00e0 la circulation\u00a0<\/p>\n<p>&#8211; 2 \u00e0 Tournus en Sa\u00f4ne-et-Loire pour tentative blocage de l&rsquo;A20<\/p>\n<p>&#8211; 1 \u00e0 Belfort dans le Territoire de Belfort pour stopper un individu qui cherchait \u00e0 rejoindre l&rsquo;A36<\/p>\n<p>UNE CENTAINE D&rsquo;\u00c9TABLISSEMENTS SCOLAIRES PERTURB\u00c9S12:07<\/p>\n<p>Dans un communiqu\u00e9, le minist\u00e8re de l&rsquo;\u00c9ducation nationale indique que le taux de gr\u00e9vistes dans les diff\u00e9rentes acad\u00e9mies est, en moyenne, de 4,64%. Il indique par ailleurs qu&rsquo;une centaine d&rsquo;\u00e9tablissements scolaires sont perturb\u00e9s ce matin et 27 sont bloqu\u00e9s.\u00a0<\/p>\n<p>POINT MONTPELLIER12:04<\/p>\n<p>Sur X, la pr\u00e9fecture de l&rsquo;H\u00e9rault fait le point sur la mobilisation en cours. \u00c0 Montpellier, entre 1.000 et 1.500 personnes se sont rassembl\u00e9es sur la place de la Com\u00e9die. Par ailleurs, \u00ab\u00a0les lyc\u00e9es sont progressivement d\u00e9bloqu\u00e9s. Actuellement, seul le lyc\u00e9e Georges Cl\u00e9menceau fait l&rsquo;objet d&rsquo;un blocage\u00a0\u00bb. Par ailleurs, l&rsquo;universit\u00e9 Paul Val\u00e9ry 3 est partiellement bloqu\u00e9e.\u00a0<\/p>\n<p>\u00ab\u00a0Des d\u00e9gradations ont \u00e9t\u00e9 constat\u00e9es lors des manifestations non d\u00e9clar\u00e9es\u00a0\u00bb avec notamment un d\u00e9but d&rsquo;incendie sur une tractopelle ou encore un tag sur la vitrine d&rsquo;une agence bancaire. Au total, cinq individus ont \u00e9t\u00e9 interpell\u00e9s depuis le d\u00e9but de la journ\u00e9e, notamment pour \u00ab\u00a0port de masque\u00a0\u00bb, \u00ab\u00a0entrave \u00e0 la circulation\u00a0\u00bb et \u00ab\u00a0r\u00e9bellion\u00a0\u00bb.\u00a0<\/p>\n<p>Dans le reste du d\u00e9partement, 300 personnes se sont rassembl\u00e9es \u00e0 B\u00e9ziers, Place de la Bourse. \u00c0 S\u00e8te, des manifestants sont encore pr\u00e9sents sur les ronds-points de la Peyrade, la Pointe Courte et des Arts. Ailleurs, des mouvements n&rsquo;ont impliqu\u00e9 qu&rsquo;une dizaine ou une vingtaine de personnes.<\/p>\n<blockquote data-testid=\"EmbedTwitter\" id=\"tweet-1965712114942980292-:Rso8j5klcmj9n79m:\" class=\"jsx-aeff1a1c40f54d7a twitter-tweet flex justify-center items-center\"><p>Point de situation num\u00e9ro 3 \u00e0 11h15 \u2757\ufe0fManifestation en cours dans l\u2019H\u00e9rault Retrouvez le communiqu\u00e9 de presse \u2935\ufe0f  pic.twitter.com\/3dK1JQaM6T \u2014 Pr\u00e9fet de l&rsquo;H\u00e9rault \ud83c\uddeb\ud83c\uddf7 (@Prefet34)  September 10, 2025<\/p><\/blockquote>\n<p>TENSIONS GARE DU NORD11:59<\/p>\n<p>La situation est tendue gare du Nord o\u00f9 un millier de personnes a tent\u00e9, un peu plus t\u00f4t, de p\u00e9n\u00e9trer dans la gare. D\u00e9sormais, les manifestants font face aux forces de l&rsquo;ordre dans les rues \u00e0 proximit\u00e9.<\/p>\n<p>\u00ab\u00a0Bloquons tout\u00a0\u00bb : tensions \u00e0 la gare du Nord \u00e0 Paris apr\u00e8s une tentative d&rsquo;intrusionSource : TF1 Info<\/p>\n<p><img decoding=\"async\" src=\"https:\/\/www.europesays.com\/fr\/wp-content\/uploads\/2025\/09\/bloquons-tout-tensions-a-la-gare-du-nord-a-paris-apres-une-tentative-d-intrusion-7fc31d-0@1x.jpeg\" alt=\"&quot;Bloquons tout&quot; : tensions \u00e0 la gare du Nord \u00e0 Paris apr\u00e8s une tentative d'intrusion\" loading=\"lazy\" importance=\"low\" fetchpriority=\"low\" class=\"\"\/><img decoding=\"async\" src=\"https:\/\/www.tf1info.fr\/images\/icons\/player-logo-play.svg\" alt=\"Logo lecture\" class=\"jsx-d0de44c05fe3042c PlayerLazyload__Play\"\/>10.000 PERSONNES MOBILIS\u00c9ES11:57<\/p>\n<p>Selon le dernier point de la gendarmerie, hors zone police, \u00e0 11h45, 241 actions avaient \u00e9t\u00e9 recens\u00e9es pour un volume de manifestants estim\u00e9 \u00e0 environ 10.000 personnes. Dix-huit actions de blocage et 194 rassemblements ont \u00e9t\u00e9 d\u00e9nombr\u00e9s. En zone gendarmerie, cinq personnes ont \u00e9t\u00e9 interpell\u00e9es.<\/p>\n<p>MONTPELLIER11:51<\/p>\n<p>Des manifestants se rassemblent sur la place de la Com\u00e9die \u00e0 Montpellier dans le cadre du mouvement \u00ab\u00a0Bloquons tout\u00a0\u00bb.\u00a0<\/p>\n<p><img decoding=\"async\" src=\"https:\/\/www.europesays.com\/fr\/wp-content\/uploads\/2025\/09\/bloquons-tout-10-septembre-manifestation-montpellier-place-de-la-comedie-19ef35-0@1x.jpeg\" alt=\"Manifestation sur la place de la Com\u00e9die \u00e0 Montpellier - Gabriel BOUYS \/ AFP\" loading=\"lazy\" importance=\"low\" fetchpriority=\"low\" class=\"\"\/>Manifestation sur la place de la Com\u00e9die \u00e0 Montpellier &#8211; Gabriel BOUYS \/ AFPLYON : 7 INTERPELLATIONS11:39<\/p>\n<p>La pr\u00e9fecture indique que sept personnes ont \u00e9t\u00e9 interpell\u00e9es \u00e0 Lyon depuis ce matin.<\/p>\n<blockquote data-testid=\"EmbedTwitter\" id=\"tweet-1965706389487030597-:Rsogj5klcmj9n79m:\" class=\"jsx-aeff1a1c40f54d7a twitter-tweet flex justify-center items-center\"><p>#10settembre2025 | Depuis ce matin, les policiers nationaux sont pleinement mobilis\u00e9s pour d\u00e9bloquer, disperser et interpeller les individus hostiles qui participent \u00e0 des manifestations sauvages.  Leur engagement pour assurer la s\u00e9curit\u00e9 de nos citoyens est total.  7 personnes\u2026  pic.twitter.com\/wfXQusWkHs \u2014 Pr\u00e9f\u00e8te de r\u00e9gion Auvergne-Rh\u00f4ne-Alpes et du Rh\u00f4ne (@prefetrhone)  September 10, 2025<\/p><\/blockquote>\n<p>INTERVENTION EN COURS11:34<\/p>\n<p>Dans le Puy-de-Dr\u00f4me, la pr\u00e9fecture indique qu&rsquo;une intervention est en cours sur le rond-point des Carmes \u00e0 Clermont-Ferrand, au niveau de la rue des Jacobins et de la rue d&rsquo;Italie. Le but : \u00ab\u00a0disperser des groupes qui bloquant la circulation\u00a0\u00bb. La pr\u00e9fecture appelle les citoyens \u00e0 \u00ab\u00a0rester \u00e0 l&rsquo;\u00e9cart\u00a0\u00bb et \u00e0 suivre \u00ab\u00a0les consignes des autorit\u00e9s\u00a0\u00bb.<\/p>\n<blockquote data-testid=\"EmbedTwitter\" id=\"tweet-1965700317280178495-:Rsoij5klcmj9n79m:\" class=\"jsx-aeff1a1c40f54d7a twitter-tweet flex justify-center items-center\"><p>#10septembre2025 Intervention en cours de la  @PoliceNat63 sur le rond point des Carmes (rue des Jacobins \/ Rue d&rsquo;Italie) \u00e0  #Clermont -Ferrand pour disperser des groupes qui bloquaient la circulation. \u26a0\ufe0f Restez \u00e0 l&rsquo;\u00e9cart et suivez les consignes des autorit\u00e9s  pic.twitter.com\/2vVLZN2Rsu \u2014 Pr\u00e9fet du Puy-de-D\u00f4me (@Prefet63)  September 10, 2025<\/p><\/blockquote>\n<p>MARSEILLE11:31<\/p>\n<p>Les premiers d\u00e9fil\u00e9s se mettent en place dans les villes de France pour des manifestations plus \u00ab\u00a0classiques\u00a0\u00bb en cette journ\u00e9e de mobilisation. Ici \u00e0 Marseille, dans les Bouches-du-Rh\u00f4ne.\u00a0<\/p>\n<p><img decoding=\"async\" src=\"https:\/\/www.europesays.com\/fr\/wp-content\/uploads\/2025\/09\/bloquons-tout-manifestation-marseille-e37d4b-0@1x.jpeg\" alt=\"Les premi\u00e8res manifestations &quot;traditionnelles&quot; d\u00e9butant, comme \u00e0 Marseille - Christophe SIMON \/ AFP\" loading=\"lazy\" importance=\"low\" fetchpriority=\"low\" class=\"\"\/>Les premi\u00e8res manifestations \u00ab\u00a0traditionnelles\u00a0\u00bb d\u00e9butant, comme \u00e0 Marseille &#8211; Christophe SIMON \/ AFPPOINT DE SITUATION \u00c0 11H11:28<\/p>\n<p>Selon les remont\u00e9es en zone gendarmerie, 216 actions ont \u00e9t\u00e9 recens\u00e9es en dehors des zones urbaines pour environ 7.500 personnes mobilis\u00e9es. Dix-Huit actions de blocage d&rsquo;axes ont \u00e9t\u00e9 d\u00e9nombr\u00e9es et 165 rassemblements. Au total, cinq personnes ont \u00e9t\u00e9 interpell\u00e9es : deux sur l&rsquo;A10 et deux \u00e0 La R\u00e9union pour des tags. Une derni\u00e8re personne a \u00e9t\u00e9 interpell\u00e9e sur un rond-point. Une centaine de personnes est toujours pr\u00e9sente sur l&rsquo;A20 en Haute-Vienne dans le sens Sud-Nord au niveau de Saint-Hilaire-Bonneval (sortie n\u00b039).<\/p>\n<p>GIRONDE11:19<\/p>\n<p>En Gironde, la pr\u00e9fecture indique que la situation est plut\u00f4t calme. \u00ab\u00a0Pas de coupure de circulation\u00a0\u00bb et \u00ab\u00a0quelques ralentissements sont observ\u00e9s \u00e0 l&rsquo;approche des points de rassemblement\u00a0\u00bb, indique-t-elle sur X. Par ailleurs, \u00ab\u00a0les acc\u00e8s \u00e0 la rocade [&#8230;] sont libres\u00a0\u00bb et \u00ab\u00a0aucune violence ou trouble \u00e0 l&rsquo;ordre public n&rsquo;est \u00e0 d\u00e9plorer\u00a0\u00bb.\u00a0<\/p>\n<blockquote data-testid=\"EmbedTwitter\" id=\"tweet-1965691722064625827-:Rsooj5klcmj9n79m:\" class=\"jsx-aeff1a1c40f54d7a twitter-tweet flex justify-center items-center\"><p>\ud83d\udccc Point de situation \u00e0 9h  #10septembre2025 \u2796 Pas de coupure de circulation en  #Gironde et quelques ralentissements sont observ\u00e9s \u00e0 l\u2019approche des points de rassemblement \u2796 Les acc\u00e8s \u00e0 la rocade  #Bordeaux sont libres \u2796 Aucune violence ou trouble \u00e0 l\u2019ordre public n\u2019est \u00e0\u2026  pic.twitter.com\/ku05WzE20T \u2014 Pr\u00e9fet Nouvelle-Aquitaine et Gironde (@PrefAquitaine33)  September 10, 2025<\/p><\/blockquote>\n<p>QUI SONT-ILS ? 11:13<\/p>\n<p>Une \u00e9tude de la Fondation Jean-Jaur\u00e8s donne un aper\u00e7u du profil de ses partisans dans les manifestations d&rsquo;aujourd&rsquo;hui. Antoine Bristielle, l&rsquo;auteur de ces travaux, r\u00e9pond aux questions de TF1info.<\/p>\n<p>Sujets de soci\u00e9t\u00e9<\/p>\n<p>INTERVIEW<\/p>\n<p><img decoding=\"async\" src=\"https:\/\/www.europesays.com\/fr\/wp-content\/uploads\/2025\/09\/mouvement-bloquons-tout-1-29a772-0@1x.jpeg\" alt=\"&quot;C'est tr\u00e8s diff\u00e9rent des Gilets jaunes&quot; : qui sont les partisans du mouvement &quot;Bloquons tout&quot; ?\" loading=\"lazy\" importance=\"low\" fetchpriority=\"low\" class=\"\" aria-hidden=\"true\"\/>Publi\u00e9 aujourd&rsquo;hui \u00e0 9h33ROCADE DE RENNES11:11<\/p>\n<p>Preuve de la tension sur la rocade de Rennes o\u00f9 un bus a pris feu, les v\u00e9hicules blind\u00e9s Centaures de la gendarmerie ont \u00e9t\u00e9 d\u00e9ploy\u00e9s pour faire face aux manifestants. Par ailleurs, la circulation sur le pont sous lequel le bus a pris feu et explos\u00e9 est ferm\u00e9e, le temps de r\u00e9aliser des v\u00e9rifications sur la structure de l&rsquo;\u00e9difice et s&rsquo;assurer qu&rsquo;il n&rsquo;est pas endommag\u00e9, l&#8217;embrasement ayant pu fragiliser la structure.\u00a0<\/p>\n<p><img decoding=\"async\" src=\"https:\/\/www.europesays.com\/fr\/wp-content\/uploads\/2025\/09\/bloquons-tout-rennes-rocade-bus-en-feu-et-blinde-de-la-gendarmerie-5e60d9-0@1x.jpeg\" alt=\"Un bus a pris feu sur la rocade de Rennes o\u00f9 des blind\u00e9s de la gendarmerie nationale ont \u00e9t\u00e9 envoy\u00e9s - Damien MEYER \/ AFP\" loading=\"lazy\" importance=\"low\" fetchpriority=\"low\" class=\"\"\/>Un bus a pris feu sur la rocade de Rennes o\u00f9 des blind\u00e9s de la gendarmerie nationale ont \u00e9t\u00e9 envoy\u00e9s &#8211; Damien MEYER \/ AFPBLOCAGES DE LYC\u00c9ES11:07<\/p>\n<p>Plusieurs blocages ou tentatives de blocages ont eu lieu ce matin devant des lyc\u00e9es parisiens et dans d&rsquo;autres villes de France comme Rennes ou Montpellier. \u00c0 Paris, des actions ont \u00e9t\u00e9 men\u00e9es \u00e0 Henri-IV et Lavoisier dans le 5\u1d49 arrondissement, Lamartine dans le 9\u1d49, Voltaire dans le 11\u1d49, Claude-Monet dans le 13\u1d49 ou H\u00e9l\u00e8ne-Boucher dans le 20\u1d49, ont constat\u00e9 des journalistes de l&rsquo;AFP. \u00a0<\/p>\n<p>\u00c0 H\u00e9l\u00e8ne-Boucher, qui a \u00e9t\u00e9 bloqu\u00e9 t\u00f4t le matin, des affrontements entre manifestants et forces de l&rsquo;ordre ont \u00e9t\u00e9 observ\u00e9s autour du lyc\u00e9e, avec barricades, jets de projectiles, poubelles et v\u00e9los calcin\u00e9s. \u00c0 Henri-IV, le lyc\u00e9e a \u00e9t\u00e9 bloqu\u00e9 t\u00f4t le matin puis d\u00e9bloqu\u00e9 par la police, a constat\u00e9 une journaliste de l&rsquo;AFP. \u00c0 Lamartine, dans le 9\u1d49, une cinquantaine de jeunes \u00e9taient rassembl\u00e9s. Au lyc\u00e9e Voltaire (11\u1d49), l&rsquo;entr\u00e9e principale du lyc\u00e9e a \u00e9t\u00e9 bloqu\u00e9e par une trentaine de jeunes.<\/p>\n<p>Ailleurs en France, trois lyc\u00e9es \u00e9taient enti\u00e8rement ou partiellement bloqu\u00e9s \u00e0 Montpellier notamment, selon la pr\u00e9fecture. Dans le centre de Rennes, une cinquantaine de jeunes \u00e9taient rassembl\u00e9s devant le lyc\u00e9e Emile-Zola, bloqu\u00e9 par des poubelles ou barri\u00e8res. \u00c0 Lille, des filtrages ont \u00e9t\u00e9 mis en place devant certains lyc\u00e9es, mais les forces de l&rsquo;ordre ont \u00e9t\u00e9 d\u00e9ploy\u00e9es et aucun n&rsquo;\u00e9tait compl\u00e8tement bloqu\u00e9, selon la pr\u00e9fecture.<\/p>\n<p>\u00ab\u00a0DES PAV\u00c9S POUR TUER\u00a0\u00bb11:03<\/p>\n<p>Sur X, le ministre d\u00e9missionnaire de l&rsquo;Int\u00e9rieur Bruno Retailleau d\u00e9nonce les actions men\u00e9es \u00e0 Lyon o\u00f9 des \u00ab\u00a0policiers de la bac ont \u00e9t\u00e9 vis\u00e9s par des pav\u00e9s. Pour tuer\u00a0\u00bb. Le ministre apporte ainsi tout son \u00ab\u00a0soutien \u00e0 cette France du courage qui fait face \u00e0 la haine anti-flic\u00a0\u00bb.<\/p>\n<blockquote data-testid=\"EmbedTwitter\" id=\"tweet-1965688025075290521-:Rsp0j5klcmj9n79m:\" class=\"jsx-aeff1a1c40f54d7a twitter-tweet flex justify-center items-center\"><p>\u00c0 Lyon les policiers de la bac ont \u00e9t\u00e9 vis\u00e9s par des pav\u00e9s. Pour tuer. tout mon soutien \u00e0 cette France du courage qui fait face \u00e0 la haine anti-flic.  pic.twitter.com\/6kLMnFYx0Z \u2014 Bruno Retailleau (@BrunoRetailleau)  September 10, 2025<\/p><\/blockquote>\n<p>GARE DU NORD10:58<\/p>\n<p>La pr\u00e9fecture de Paris indique qu&rsquo;environ un millier d&rsquo;individus a tent\u00e9 de s&rsquo;introduire dans la gare du Nord \u00e0 Paris. Une action d\u00e9jou\u00e9e par l&rsquo;action des forces de l&rsquo;ordre.<\/p>\n<p>BUS INCENDI\u00c910:56<\/p>\n<p>Un bus a \u00e9t\u00e9 incendi\u00e9 sur la rocade de Rennes, en Ille-et-Vilaine, ce matin. Le v\u00e9hicule a explos\u00e9 sous un pont.<\/p>\n<p><img decoding=\"async\" src=\"https:\/\/www.europesays.com\/fr\/wp-content\/uploads\/2025\/09\/bus-incendie-rocade-de-rennes-10-septembre-bloquons-tout-0fb751-0@1x.jpeg\" alt=\"Un bus a \u00e9t\u00e9 incendi\u00e9 sur la rocade de Rennes - Gendarmerie nationale\" loading=\"lazy\" importance=\"low\" fetchpriority=\"low\" class=\"\"\/>Un bus a \u00e9t\u00e9 incendi\u00e9 sur la rocade de Rennes &#8211; Gendarmerie nationaleTRAFIC FERROVIAIRE10:55<\/p>\n<p>Dans le Lot-et-Garonne, un acte de malveillance men\u00e9 cette nuit sur la ligne entre Agen et Tonneins a provoqu\u00e9 la d\u00e9gradation d&rsquo;un c\u00e2ble sous-terrain impactant le trafic. Sur la ligne, les trains circulent ainsi \u00e0 vitesse r\u00e9duite avec un retard estim\u00e9 de 30 \u00e0 60 minutes. Un retour \u00e0 la normale est pr\u00e9vu aux alentours de midi, indique la pr\u00e9fecture du d\u00e9partement.\u00a0<\/p>\n<p>\u00ab\u00a0Le pr\u00e9fet condamne avec la plus grande fermet\u00e9 les actes de malveillance qui portent atteinte \u00e0 la s\u00e9curit\u00e9 des personnes et des biens et perturbent les d\u00e9placements professionnels et priv\u00e9s de tous les usagers du service public ferroviaire\u00a0\u00bb, indique encore la pr\u00e9fecture.<\/p>\n<p>196 INTERPELLATIONS10:53<\/p>\n<p>Selon les derniers chiffres des interpellations \u00e0 10h30, 132 personnes ont \u00e9t\u00e9 interpell\u00e9es \u00e0 Paris et dans sa r\u00e9gion, 62 dans les autres zones de la police nationale et deux en zone gendarmerie. Le tout portant \u00e0 196 le nombre d&rsquo;individus interpell\u00e9s depuis ce matin. Lors de son point presse, Bruno Retailleau avait \u00e9voqu\u00e9, lui, \u00ab\u00a0pr\u00e8s de 200 interpellations\u00a0\u00bb.\u00a0<\/p>\n<p>ROCADE DE RENNES10:51<\/p>\n<p>Une image de la situation tendue sur la rocade de Rennes.<\/p>\n<p><img decoding=\"async\" src=\"https:\/\/www.europesays.com\/fr\/wp-content\/uploads\/2025\/09\/rocade-de-rennes-10-septembre-blquons-tout-c6efaa-0@1x.jpeg\" alt=\"La situation sur la rocade de Rennes - Gendarmerie nationale\" loading=\"lazy\" importance=\"low\" fetchpriority=\"low\" class=\"\"\/>La situation sur la rocade de Rennes &#8211; Gendarmerie nationale\u00a0\u00bbFRANCE DU COURAGE\u00a0\u00bb10:50<\/p>\n<p>Lors de sa prise de parole, le ministre d\u00e9missionnaire de l&rsquo;Int\u00e9rieur a salu\u00e9 \u00ab\u00a0le courage\u00a0\u00bb des forces de l&rsquo;ordre et des secouristes. \u00ab\u00a0Il y a un d&rsquo;un c\u00f4t\u00e9 cette France du courage, celle de ces hommes et de ces femmes en bleu, et de l&rsquo;autre c\u00f4t\u00e9 la France du sabotage en noir, et c&rsquo;est ce face \u00e0 face qu&rsquo;on voit aujourd&rsquo;hui\u00a0\u00bb, a point\u00e9 Bruno Retailleau qui a pr\u00e9cis\u00e9 que les forces de l&rsquo;ordre \u00e9taient mobilis\u00e9es \u00ab\u00a0pour prot\u00e9ger nos concitoyens, y compris ceux qui voudront exprimer leur col\u00e8re dans la journ\u00e9e\u00a0\u00bb.\u00a0<\/p>\n<p>Le ministre d\u00e9missionnaire de l&rsquo;Int\u00e9rieur pr\u00e9vient \u00e9galement que le pays allait \u00ab\u00a0basculer dans une autre phase en fin de matin\u00e9e\u00a0\u00bb, apr\u00e8s les mouvements de ce matin avec \u00ab\u00a0les groupuscules les plus violents qui tenteront d&rsquo;infiltrer la mobilisation un peu plus populaire\u00a0\u00bb dans les cort\u00e8ges pr\u00e9vus \u00e0 la mi-journ\u00e9e et qui auront lieu dans les centres-villes. \u00ab\u00a0L\u00e0 encore, nous ne c\u00e8derons pas, nous ne reculerons pas\u00a0\u00bb, a promis Bruno Retailleau.<\/p>\n<p>\u00ab\u00a0Bloquons tout\u00a0\u00bb : Bruno Retailleau fait le pointSource : TF1 Info<\/p>\n<p><img decoding=\"async\" src=\"https:\/\/www.europesays.com\/fr\/wp-content\/uploads\/2025\/09\/bloquons-tout-bruno-retailleau-fait-le-point-97c3d8-0@1x.jpeg\" alt=\"&quot;Bloquons tout&quot; : Bruno Retailleau fait le point\" loading=\"lazy\" importance=\"low\" fetchpriority=\"low\" class=\"\"\/><img decoding=\"async\" src=\"https:\/\/www.tf1info.fr\/images\/icons\/player-logo-play.svg\" alt=\"Logo lecture\" class=\"jsx-d0de44c05fe3042c PlayerLazyload__Play\"\/>RENNES10:47<\/p>\n<p>\u00c0 Rennes, la police nationale appelle \u00e0 la prudence sur la rocade sud face aux manifestations. \u00ab\u00a0Il est demand\u00e9 \u00e0 tous les usagers de ne pas s&rsquo;engager sur cet axe\u00a0\u00bb. Une intervention est forces de l&rsquo;ordre est en cours.<\/p>\n<blockquote data-testid=\"EmbedTwitter\" id=\"tweet-1965693495408197816-:Rspej5klcmj9n79m:\" class=\"jsx-aeff1a1c40f54d7a twitter-tweet flex justify-center items-center\"><p>#Manifestation | Au regard des envahissements de la rocade sud de  #Rennes par les manifestants, il est demand\u00e9 \u00e0 tous les usagers de ne pas s&rsquo;engager sur cet axe Les forces de l&rsquo;ordre sont en intervention sur le secteur.  pic.twitter.com\/bUygcjtTq6 \u2014 Police nationale 35 (@PoliceNat35)  September 10, 2025<\/p><\/blockquote>\n<p>INTERVENTION \u00c0 RENNES10:23<\/p>\n<p>La situation semble se tendre \u00e0 Rennes avec l&rsquo;intervention de deux engins blind\u00e9s Centaures aux abords de la commune d&rsquo;Ille-et-Vilaine. Selon les autorit\u00e9s, plusieurs exactions ont \u00e9t\u00e9 commises sur la rocade de Rennes avec notamment une prise \u00e0 partie des pompiers. Par ailleurs, un bus a \u00e9t\u00e9 pill\u00e9 et incendi\u00e9 sur la rocade sous un pont. Le v\u00e9hicule a explos\u00e9 et a donc potentiellement fragilis\u00e9 le pont.<\/p>\n<p>200 INTERPELLATIONS10:20<\/p>\n<p>Bruno Retailleau indique qu&rsquo;\u00e0 l&rsquo;heure actuelle, \u00ab\u00a0200 d&rsquo;interpellations\u00a0\u00bb ont \u00e9t\u00e9 men\u00e9es en France avec une cinquantaine d&rsquo;actions de d\u00e9blocages \u00ab\u00a0qui concernent aussi bien des rocades, des voies, des d\u00e9p\u00f4ts de bus qui concerne l&rsquo;ensemble du territoire\u00a0\u00bb. Le ministre d\u00e9missionnaire de l&rsquo;Int\u00e9rieur a tenu aussi \u00e0 \u00ab\u00a0condamner ces actes\u00a0\u00bb qui \u00ab\u00a0sont inacceptables\u00a0\u00bb.\u00a0<\/p>\n<p>Il condamne \u00ab\u00a0ceux qui m\u00e8nent ces actions\u00a0\u00bb, qui \u00ab\u00a0portent des masques\u00a0\u00bb et qui \u00ab\u00a0tentent d&rsquo;\u00e9chapper gr\u00e2ce \u00e0 l&rsquo;anonymat aux forces de l&rsquo;ordre\u00a0\u00bb.\u00a0\u00ab\u00a0Il ne doit pas y avoir de prise d&rsquo;otage\u00a0\u00bb, a martel\u00e9 Bruno Retailleau qui condamne ensuite \u00ab\u00a0ces \u00e9lus [&#8230;] qui sur les r\u00e9seaux ont des mots d&rsquo;ordre qui sont des morts d&rsquo;ordre d&rsquo;appel \u00e0 l&rsquo;insurrection et \u00e0 la violence\u00a0\u00bb. Selon lui, ils \u00ab\u00a0veulent profiter de cette mobilisation pour cr\u00e9er un climat insurrectionnel en France et nous nous y opposons de toutes nos forces, ils n&rsquo;y parviendront pas\u00a0\u00bb.\u00a0<\/p>\n<p>\u00ab\u00a0ON A LE DROIT DE MANIFESTER\u00a0\u00bb10:18<\/p>\n<p>Lors de son point presse, Bruno Retailleau rappelle que \u00ab\u00a0en France, on a le droit de manifester, de se mobiliser \u00e0 la condition de respecter la loi\u00a0\u00bb et de \u00ab\u00a0ne pas entraver les Fran\u00e7ais, cette France des honn\u00eates gens qui veut pourvoir se d\u00e9placer, aller au travail, accomplir les gestes du quotidien\u00a0\u00bb. Le ministre d\u00e9missionnaire de l&rsquo;Int\u00e9rieur assure \u00e9galement que si les manifestations d\u00e9clar\u00e9es seront \u00ab\u00a0accompagn\u00e9e\u00a0\u00bb pour qu&rsquo;elles \u00ab\u00a0puissent se d\u00e9rouler dans les meilleures conditions possibles\u00a0\u00bb.\u00a0<\/p>\n<p>\u00ab\u00a0En revanche, les consignes que j&rsquo;ai donn\u00e9es aux forces de l&rsquo;ordre sont tr\u00e8s fermes : il s&rsquo;agit de ne tol\u00e9rer aucun blocage\u00a0\u00bb, assure le ministre d\u00e9missionnaire de l&rsquo;Int\u00e9rieur. \u00ab\u00a0\u00c0 chaque qu&rsquo;il y a une tentative soit de blocage, soit de violence, nos forces de s\u00e9curit\u00e9 int\u00e9rieure ont une consigne, c&rsquo;est d&rsquo;intervenir\u00a0\u00bb.<\/p>\n<p>\u00ab\u00a0LA MARQUE DE L&rsquo;ULTRAGAUCHE\u00a0\u00bb10:15<\/p>\n<p>Bruno Retailleau, \u00e0 la sortie de la cellule interminist\u00e9rielle de crise activ\u00e9e depuis hier, fait le point sur la situation en ce 10 septembre. \u00ab\u00a0La journ\u00e9e a commenc\u00e9 tr\u00e8s t\u00f4t, mais la nuit a \u00e9t\u00e9 plut\u00f4t calme\u00a0\u00bb, affirme le ministre d\u00e9missionnaire de l&rsquo;Int\u00e9rieur. \u00ab\u00a0La mobilisation n&rsquo;a rien d&rsquo;une mobilisation citoyenne, elle a \u00e9t\u00e9 d\u00e9tourn\u00e9e, confisqu\u00e9e, capt\u00e9e par la mouvance de l&rsquo;extr\u00eame gauche, de l&rsquo;ultragauche appuy\u00e9e par le mouvement des insoumis. C&rsquo;est tr\u00e8s tr\u00e8s clair, notamment dans les modes op\u00e9ratoires, dans les modalit\u00e9s\u00a0\u00bb.<\/p>\n<p>Bruno Retailleau cite ainsi un bus incendi\u00e9 \u00e0 Rennes, une op\u00e9ration de sabotage sur une ligne SNCF entre Toulouse et Auch ou encore des tirs de mortiers. \u00ab\u00a0On a des groupuscules qui sont aguerris, qui sont mobiles, qui sont cagoul\u00e9s, masqu\u00e9s, souvent habill\u00e9s de noir, o\u00f9 on peut reconna\u00eetre la marque, l&rsquo;ADN des mouvances de l&rsquo;extr\u00eame gauche et de l&rsquo;ultragauche\u00a0\u00bb.<\/p>\n<p>LE POINT \u00c0 9H3009:55<\/p>\n<p>Selon le dernier point de situation, en zone gendarmerie (qui n&rsquo;inclut pas les grandes villes), 154 actions ont \u00e9t\u00e9 recens\u00e9es pour environ 4.000 personnes mobilis\u00e9es. Dix-huit actions de blocage ont \u00e9t\u00e9 d\u00e9nombr\u00e9es et 119 rassemblements.\u00a0<\/p>\n<p>LES AGRICULTEURS MOBILIS\u00c9S09:51<\/p>\n<p>Le syndicat agricole Conf\u00e9d\u00e9ration paysanne est mobilis\u00e9 pour cette journ\u00e9e du 10 septembre. Un cort\u00e8ge de tracteurs est notamment pr\u00e9sent sur l&rsquo;autoroute A20 en Haute-Vienne. Une trentaine de personnes bloque l&rsquo;axe dans le sens Sud-Nord au niveau de Saint-Hilaire Bonneval (sortie n\u00b039).<\/p>\n<blockquote data-testid=\"EmbedTwitter\" id=\"tweet-1965673920880947532-:Rspqj5klcmj9n79m:\" class=\"jsx-aeff1a1c40f54d7a twitter-tweet flex justify-center items-center\"><p>#10septembre2025 : en  #HauteVienne , un cort\u00e8ge de tracteurs de paysan\u00b7nes de la  @ConfPaysanne bloque l&rsquo;autoroute A20.  pic.twitter.com\/nbJujEmQFy \u2014 Conf&rsquo; Paysanne (@ConfPaysanne)  September 10, 2025<\/p><\/blockquote>\n<p>LE POINT DANS LES TRANSPORTS09:48<\/p>\n<p>Le minist\u00e8re des Transports fait le point ce matin sur la situation en cette journ\u00e9e de mobilisation.\u00a0<\/p>\n<p>\u25aa\ufe0f<strong>Du c\u00f4t\u00e9 des trains : <\/strong>dans un communiqu\u00e9, il confirme que \u00ab\u00a0les niveaux de gr\u00e9vistes et les trafics\u00a0\u00bb sont \u00ab\u00a0globalement conformes aux pr\u00e9visions\u00a0\u00bb avec aucune perturbation pour les TGV et sept trains sur 10 sur le r\u00e9seau TER, avec une situation h\u00e9t\u00e9rog\u00e8ne selon les r\u00e9gions. Concernant les intercit\u00e9s, un train sur deux est en circulation. Outre les deux incidents sur les lignes Toulouse-Auch et entre Marmande et Agen, il d\u00e9plore \u00e9galement \u00ab\u00a0quelques exactions\u00a0\u00bb avec, par exemple, des jets de p\u00e9tards sur la voie entre Angers et Acenis, la pr\u00e9sence de palettes sur les voies entre Rennes et Redon ou encore le d\u00e9p\u00f4t d&rsquo;un arbre sur la voie entre Roanne \u00e0 Saint-Germain-au-Mont-d&rsquo;Or.<\/p>\n<p>\u25aa\ufe0f<strong>C\u00f4t\u00e9 transports en communs en \u00cele-de-France : <\/strong>le trafic est perturb\u00e9 sur le RER B avec deux trains sur trois. Plusieurs incidents sont en revanche survenus sur le Tram avec des tentatives de blocage \u00ab\u00a0ma\u00eetris\u00e9s sans incidence sur la continuit\u00e9 d&rsquo;exploitation\u00a0\u00bb, pr\u00e9cise le minist\u00e8re. Le trafic des bus est globalement normal (9 sur 10).\u00a0<\/p>\n<p>\u25aa\ufe0f<strong>A\u00e9rien :<\/strong> une mont\u00e9e \u00ab\u00a0progressive des retards est attendue au cours de la matin\u00e9e\u00a0\u00bb, pr\u00e9vient le minist\u00e8re, notamment sur les sols de Paris \u00e0 destination de Nice, Marseille, Lyon et de la Corse dans la soir\u00e9e. \u00c0 Nantes, des manifestations rendent l&rsquo;acc\u00e8s \u00e0 l&rsquo;a\u00e9roport d\u00e9licat, \u00e0 Toulouse, des perturbations dans les transports en commun peuvent impacter l&rsquo;acc\u00e8s au site et \u00e0 La R\u00e9union quelques personnes ont \u00e9t\u00e9 signal\u00e9es devant l&rsquo;a\u00e9roport.\u00a0<\/p>\n<p>\u25aa\ufe0f<strong>Sur la route : <\/strong>des rassemblements sont en cours via des op\u00e9rations escargots et des barrages aux giratoires au niveau de Rennes\/Nantes (rocades), A10 au niveau de Poitiers Sud, mais aussi sur l&rsquo;A9 \u00e0 Aix-en-Provence et sur la rocade de Toulouse.\u00a0<\/p>\n<p>LYC\u00c9E MARSEILLAIS09:39<\/p>\n<p>\u00c0 Marseille, les \u00e9tudiants bloquent l&rsquo;entr\u00e9e du lyc\u00e9e Montgrand, dans le 6\u1d49 arrondissement de la cit\u00e9 phoc\u00e9enne.<\/p>\n<p><img decoding=\"async\" src=\"https:\/\/www.europesays.com\/fr\/wp-content\/uploads\/2025\/09\/bloquons-tout-10-septembre-marseille-lycee-mongrand-ed405f-0@1x.jpeg\" alt=\"Des \u00e9tudiants bloquent l'entr\u00e9e du lyc\u00e9e Mongrand \u00e0 Marseille - Christophe SIMON \/ AFP\" loading=\"lazy\" importance=\"low\" fetchpriority=\"low\" class=\"\"\/>Des \u00e9tudiants bloquent l&rsquo;entr\u00e9e du lyc\u00e9e Mongrand \u00e0 Marseille &#8211; Christophe SIMON \/ AFPSOUTIEN09:34<\/p>\n<p>Sur BFM, le coordinateur de la France insoumise, Manuel Bompard, a expliqu\u00e9 que le mouvement soutenait \u00ab\u00a0les blocages de lyc\u00e9es\u00a0\u00bb mais pas les \u00ab\u00a0initiatives de violences\u00a0\u00bb. Il a aussi dit ne pas \u00ab\u00a0souhaiter que le mouvement d&rsquo;aujourd&rsquo;hui s&rsquo;arr\u00eate ce soir\u00a0\u00bb, estimant \u00ab\u00a0qu&rsquo;il y a un certain nombre de conqu\u00eates sociales, d\u00e9mocratiques, qui ont \u00e9t\u00e9 gagn\u00e9es par des initiatives de d\u00e9sob\u00e9issance civile\u00a0\u00bb.<\/p>\n<blockquote data-testid=\"EmbedTwitter\" id=\"tweet-1965672216881680793-:Rsq0j5klcmj9n79m:\" class=\"jsx-aeff1a1c40f54d7a twitter-tweet flex justify-center items-center\"><p>Manuel Bompard (LFI): \u00ab\u00a0Je ne souhaite pas que le mouvement d&rsquo;aujourd&rsquo;hui s&rsquo;arr\u00eate ce soir\u00a0\u00bb  pic.twitter.com\/FSZ64TtBDq \u2014 BFMTV (@BFMTV)  September 10, 2025<\/p><\/blockquote>\n<p>SITUATION SUR L&rsquo;A1009:30<\/p>\n<p>La circulation est toujours perturb\u00e9e sur l&rsquo;A10 au niveau du p\u00e9age de Poitiers Sud. La sortie et l&rsquo;entr\u00e9e sur l&rsquo;autoroute sont d\u00e9conseill\u00e9es au point n\u00b029 Poitiers nord en direction de Bordeaux. L&rsquo;entr\u00e9e et la sortie n\u00b030 restent, elles, interdites, indique Vinci.\u00a0<\/p>\n<blockquote data-testid=\"EmbedTwitter\" id=\"tweet-1965663232808366191-:Rsq2j5klcmj9n79m:\" class=\"jsx-aeff1a1c40f54d7a twitter-tweet flex justify-center items-center\"><p>08h25 : sur  #A10 , La circulation est perturb\u00e9e dans ce secteur.  \u2705 Sortie conseill\u00e9e et entr\u00e9e d\u00e9conseill\u00e9e n\u00b029 Poitiers nord en direction de Bordeaux \u26d4L&rsquo;entr\u00e9e et la sortie n\u00b030 Poitiers sud restent interdites  \u00c9coutez  #Radio1077 #InfoTrafic \u2014 Autoroute A10 (@A10Trafic)  September 10, 2025<\/p><\/blockquote>\n<p>95 INTERPELLATIONS09:27<\/p>\n<p>Selon le dernier point de la pr\u00e9fecture de police de Paris, 95 personnes ont \u00e9t\u00e9 interpell\u00e9es dans la capitale et sa r\u00e9gion.\u00a0<\/p>\n<p>5 QUESTIONS09:23<\/p>\n<p>Actions annonc\u00e9es, secteurs vis\u00e9s, mesures de s\u00e9curit\u00e9 pr\u00e9vues&#8230; Voici ce que l&rsquo;on sait de cette journ\u00e9e.<\/p>\n<p>Sujets de soci\u00e9t\u00e9<img decoding=\"async\" src=\"https:\/\/www.europesays.com\/fr\/wp-content\/uploads\/2025\/09\/10-septembre-mobilisation-bloquons-tout-3be238-0@1x.jpeg\" alt=\"Capture TF1\" loading=\"lazy\" importance=\"low\" fetchpriority=\"low\" class=\"\" aria-hidden=\"true\"\/>Publi\u00e9 aujourd&rsquo;hui \u00e0 8h11MARSEILLE09:15<\/p>\n<p>Selon un point provisoire \u00e0 Marseille, dans les Bouches-du-Rh\u00f4ne, il n&rsquo;y a pas de r\u00e9el blocage \u00e0 ce stade. Des mouvements erratiques de petits groupes sont recens\u00e9s, mais ils sont rapidement dispers\u00e9s par les forces de l&rsquo;ordre. Aucune attaque de commerce ou de pillage n&rsquo;a \u00e9t\u00e9 recens\u00e9.\u00a0<\/p>\n<p>Sur la circulation : la nationale 113 \u00e0 Arles vient d&rsquo;\u00eatre rouverte dans les deux sens de circulation apr\u00e8s intervention de la police. Des individus sont pr\u00e9sents entre le boulevard Chave et le boulevard Sakakini. La situation \u00e0 la gare Saint-Charles est clame, et un mouvement s&rsquo;est d\u00e9roul\u00e9 sur le port de la Joliette, mais a \u00e9t\u00e9 rapidement ma\u00eetris\u00e9 en raison de la pr\u00e9sence de policiers.\u00a0<\/p>\n<p>LYC\u00c9E MONTAIGNE09:11<\/p>\n<p>Devant le lyc\u00e9e Montaigne, dans le 6\u1d49 arrondissement de Paris, des \u00e9tudiants regroupent des poubelles. Plusieurs \u00e9tablissements d&rsquo;\u00cele-de-France sont bloqu\u00e9s.<\/p>\n<p><img decoding=\"async\" src=\"https:\/\/www.europesays.com\/fr\/wp-content\/uploads\/2025\/09\/bloquons-tout-10-septembre-paris-lycee-montaigne-140bd0-0@1x.jpeg\" alt=\"Des \u00e9tudiants regroupent des poubelles devant le lyc\u00e9e Montaigne \u00e0 Paris - STEPHANE DE SAKUTIN \/ AFP\" loading=\"lazy\" importance=\"low\" fetchpriority=\"low\" class=\"\"\/>Des \u00e9tudiants regroupent des poubelles devant le lyc\u00e9e Montaigne \u00e0 Paris &#8211; STEPHANE DE SAKUTIN \/ AFPPOITIERS SUD09:08<\/p>\n<p>Image du blocage du p\u00e9age de Poitiers Sud ce matin, o\u00f9 300 manifestants \u00e9taient pr\u00e9sents sur l&rsquo;A10 avant que le site ne soit d\u00e9bloqu\u00e9.<\/p>\n<p><img decoding=\"async\" src=\"https:\/\/www.europesays.com\/fr\/wp-content\/uploads\/2025\/09\/a10-blocages-poitiers-sud-bloquons-tout-10-septembre-4c24b0-0@1x.jpeg\" alt=\"Environ 300 personnes \u00e9taient pr\u00e9sentes ce matin pour bloquer le p\u00e9age de Poitiers Sud dans la Vienne - Gendarmerie nationale\" loading=\"lazy\" importance=\"low\" fetchpriority=\"low\" class=\"\"\/>Environ 300 personnes \u00e9taient pr\u00e9sentes ce matin pour bloquer le p\u00e9age de Poitiers Sud dans la Vienne &#8211; Gendarmerie nationaleLE POINT DE 8H3008:56<\/p>\n<p>Selon le dernier point de situation en zone gendarmerie, \u00e0 8h30, 80 mouvements ont \u00e9t\u00e9 identifi\u00e9s en France pour 16 blocages, filtrage de routes et\/ou de ronds-points, dont l&rsquo;A10 qui a \u00e9t\u00e9 d\u00e9bloqu\u00e9e il y a quelques minutes. Pr\u00e8s de 3.000 manifestants ont \u00e9t\u00e9 d\u00e9nombr\u00e9s.<\/p>\n<p>LYC\u00c9ES08:55<\/p>\n<p>\u00c0 Paris, plusieurs lyc\u00e9es sont bloqu\u00e9s depuis ce matin. C&rsquo;est le cas du c\u00f4t\u00e9 du lyc\u00e9e H\u00e9l\u00e8ne-Boucher (20\u1d49 arrondissement) mais aussi Henri IV (5\u1d49 arrondissement). Des tensions entre \u00e9tudiants et forces de l&rsquo;ordre ont d&rsquo;ailleurs \u00e9clat\u00e9 devant le lyc\u00e9e H\u00e9l\u00e8ne Boucher.\u00a0<\/p>\n<p>LYON08:52<\/p>\n<p>Toujours \u00e0 Lyon, la pr\u00e9fecture indique que la police intervient cette fois au niveau du secteur de la Feyssine. La police nationale t les gendarmes \u00ab\u00a0ont repris le contr\u00f4le du rond-point et repoussent les manifestants pr\u00e9sents sur le p\u00e9riph\u00e9rique\u00a0\u00bb, indique la pr\u00e9fecture. Depuis ce matin, la situation est tendue dans la capitale des Gaules, avec plusieurs interventions sur les quais, mais aussi le p\u00e9riph\u00e9rique M7.<\/p>\n<blockquote data-testid=\"EmbedTwitter\" id=\"tweet-1965668915503317311-:Rsqij5klcmj9n79m:\" class=\"jsx-aeff1a1c40f54d7a twitter-tweet flex justify-center items-center\"><p>#10septembre2025 | La police nationale et les gendarmes mobiles interviennent actuellement de la secteur de la Feyssine. Ils ont repris le contr\u00f4le du rond point et repoussent les manifestants pr\u00e9sents sur le p\u00e9riph\u00e9rique. \u26a0\ufe0f Prudence \u00e0 l\u2019approche des forces de l\u2019ordre  https:\/\/t.co\/hdCdBLbf5d \u2014 Pr\u00e9f\u00e8te de r\u00e9gion Auvergne-Rh\u00f4ne-Alpes et du Rh\u00f4ne (@prefetrhone)  September 10, 2025<\/p><\/blockquote>\n<p>CALVADOS08:41<\/p>\n<p>En pr\u00e9vision des rassemblements du jour, la pr\u00e9fecture du Calvados a pris un arr\u00eat\u00e9 \u00ab\u00a0interdisant, au sein des cort\u00e8ges, d\u00e9fil\u00e9s et rassemblement\u00a0\u00bb, le port et le transport par les particuliers de plusieurs \u00e9l\u00e9ments list\u00e9s dans son message sur le r\u00e9seau social X.\u00a0<\/p>\n<blockquote data-testid=\"EmbedTwitter\" id=\"tweet-1965663255063408671-:Rsqkj5klcmj9n79m:\" class=\"jsx-aeff1a1c40f54d7a twitter-tweet flex justify-center items-center\"><p>\ud83d\udeab Information \u2013 Rassemblements non d\u00e9clar\u00e9s  #10septembre Dans le cadre des appels \u00e0 manifestations non d\u00e9clar\u00e9es pr\u00e9vus ce mercredi 10 septembre, le pr\u00e9fet a pris un arr\u00eat\u00e9 interdisant, au sein des cort\u00e8ges, d\u00e9fil\u00e9s et rassemblements, le port et le transport par les\u2026  pic.twitter.com\/5cs8Izd1kx \u2014 Pr\u00e9fet du Calvados (@Prefet14)  September 10, 2025<\/p><\/blockquote>\n<p>\u00ab\u00a0COCASSE\u00a0\u00bb08:37<\/p>\n<p>Invit\u00e9 de Sud Radio ce matin, le maire d&rsquo;Angers et secr\u00e9taire g\u00e9n\u00e9ral d&rsquo;Horizon, Christophe B\u00e9chu, a jug\u00e9 \u00ab\u00a0cocasse\u00a0\u00bb d&rsquo;appeler \u00ab\u00a0\u00e0 bloquer un pays d\u00e9j\u00e0 paralys\u00e9\u00a0\u00bb. \u00ab\u00a0On est dans une esp\u00e8ce de triangle des Bermudes politiques\u00a0\u00bb, a poursuivi l&rsquo;\u00e9lu.<\/p>\n<blockquote data-testid=\"EmbedTwitter\" id=\"tweet-1965663774087491913-:Rsqmj5klcmj9n79m:\" class=\"jsx-aeff1a1c40f54d7a twitter-tweet flex justify-center items-center\"><p>. @ChristopheBechu ( @HorizonsLeParti ) : \u00ab\u00a0Appeler \u00e0 bloquer un pays d\u00e9j\u00e0 paralys\u00e9, c&rsquo;est cocasse\u2026 La France est d\u00e9j\u00e0 bloqu\u00e9e !\u00a0\u00bb  #BloquonsTout #10septembre2025 #GrandMatin Le direct :  https:\/\/t.co\/QKa5Efuc2W pic.twitter.com\/2gOf6qf6p7 \u2014 Sud Radio (@SudRadio)  September 10, 2025<\/p><\/blockquote>\n<p>\u00ab\u00a0L&rsquo;OMBRE LFI\u00a0\u00bb08:34<\/p>\n<p>Sur Europe 1, le pr\u00e9sident du groupe LR \u00e0 l&rsquo;Assembl\u00e9e nationale, Laurent Wauquiez, d\u00e9nonce le mouvement \u00ab\u00a0Bloquons tout\u00a0\u00bb qui se d\u00e9roule aujourd&rsquo;hui. \u00ab\u00a0Aucune col\u00e8re ne justifie qu&rsquo;on aboutisse \u00e0 casser et \u00e0 bloquer un pays\u00a0\u00bb, a-t-il fustig\u00e9, estimant que le mouvement est \u00ab\u00a0l&rsquo;ombre LFI\u00a0\u00bb et \u00ab\u00a0la main de Jean-Luc M\u00e9lenchon\u00a0\u00bb.<\/p>\n<blockquote data-testid=\"EmbedTwitter\" id=\"tweet-1965661966195728421-:Rsqoj5klcmj9n79m:\" class=\"jsx-aeff1a1c40f54d7a twitter-tweet flex justify-center items-center\"><p>10 Septembre : \u00ab\u00a0Aucune col\u00e8re ne justifie qu&rsquo;on aboutisse \u00e0 casser et \u00e0 bloquer un pays (&#8230;) c&rsquo;est l&rsquo;ombre LFI, c&rsquo;est la main de Jean-Luc M\u00e9lenchon\u00a0\u00bb d\u00e9clare  @laurentwauquiez #LaGrandeITW #Europe1 pic.twitter.com\/KCoqkZUhcH \u2014 Europe 1 (@Europe1)  September 10, 2025<\/p><\/blockquote>\n<p>PARIS08:31<\/p>\n<p>\u00c0 Paris, au niveau de Nation, la police disperse des manifestants et les pompiers \u00e9teignent les feux de poubelle<\/p>\n<p><img decoding=\"async\" src=\"https:\/\/www.europesays.com\/fr\/wp-content\/uploads\/2025\/09\/paris-nation-extinction-feux-de-poubelle-bloquons-tout-10-septembre-b052a9-0@1x.jpeg\" alt=\"\u00c0 Paris, au niveau de Nation, la police disperse des manifestants et les pompiers \u00e9teignent les feux de poubelle - TF1-LCI\" loading=\"lazy\" importance=\"low\" fetchpriority=\"low\" class=\"\"\/>\u00c0 Paris, au niveau de Nation, la police disperse des manifestants et les pompiers \u00e9teignent les feux de poubelle &#8211; TF1-LCI75 INTERPELLATIONS08:28<\/p>\n<p>Selon les derniers chiffres de la pr\u00e9fecture de police de Paris, 75 personnes ont \u00e9t\u00e9 interpell\u00e9es \u00e0 Paris et en petite couronne.<\/p>\n<p>POITIERS SUD08:27<\/p>\n<p>Environ 300 personnes ont particip\u00e9 au blocage sur l&rsquo;autoroute A10 ce matin, sur le rond-point desservant le p\u00e9age de Poitiers sud dans les deux sens. Une cinquantaine de personnes habill\u00e9es en noir et casqu\u00e9es ont tent\u00e9 de casser et\/ou de taguer les cabines. Trente militaires ont \u00e9t\u00e9 envoy\u00e9s sur place. Selon les informations de TF1-LCI, \u00e0 8h20, le p\u00e9age a \u00e9t\u00e9 d\u00e9bloqu\u00e9 et deux personnes ont \u00e9t\u00e9 interpell\u00e9es.<\/p>\n<p>D\u00c9GRADATIONS SUR DEUX LIGNES SNCF08:22<\/p>\n<p>La SNCF indique ce matin \u00e0 l&rsquo;AFP que \u00ab\u00a0deux actes de malveillance ont \u00e9t\u00e9 commis cette nuit et perturbent actuellement certaines circulations\u00a0\u00bb. Ont \u00e9t\u00e9 constat\u00e9es deux \u00ab\u00a0d\u00e9gradations de c\u00e2bles\u00a0\u00bb, une entre Marmande et Agen (Lot-et-Garonne), \u00ab\u00a0ce qui entra\u00eene la perturbation des circulations ferroviaires entre Bordeaux et Toulouse\u00a0\u00bb, et une autre \u00e0 Colomiers, dans la banlieue de Toulouse, \u00ab\u00a0ce qui entra\u00eene l\u2019interruption des circulations entre Saint-Cyprien et Colomiers (Haute-Garonne)\u00a0\u00bb, pr\u00e9cise le transporteur. \u00ab\u00a0Les \u00e9quipes techniques de SNCF R\u00e9seau ont commenc\u00e9 les op\u00e9rations de r\u00e9paration sur les lieux, des enqu\u00eates sont en cours et SNCF R\u00e9seau va d\u00e9poser plainte\u00a0\u00bb, a-t-il ajout\u00e9.<\/p>\n<p>INTERVENTION \u00c0 LYON08:20<\/p>\n<p>La pr\u00e9fecture de la r\u00e9gion Auvergne-Rh\u00f4ne-Alpes indique que la police nationale a fait \u00ab\u00a0usage de moyens\u00a0\u00bb pour disperser des manifestants qui bloquaient la circulation sur le pont de l&rsquo;Universit\u00e9 et les quais \u00e0 Lyon. Une intervention polici\u00e8re \u00e9tait d\u00e9j\u00e0 intervenue sur le pont Gallieni un peu plus t\u00f4t. La pr\u00e9fecture appelle \u00e0 la prudence \u00e0 l&rsquo;approche des forces de l&rsquo;ordre et des blocages.<\/p>\n<blockquote data-testid=\"EmbedTwitter\" id=\"tweet-1965660717455212959-:Rsr2j5klcmj9n79m:\" class=\"jsx-aeff1a1c40f54d7a twitter-tweet flex justify-center items-center\"><p>#10septembre2025 | La  @PoliceNat69 a fait usage de moyens pour disperser les manifestants hostiles qui bloquaient la circulation sur le pont de l\u2019Universit\u00e9 et les quais \u00e0  #Lyon .  \u26a0\ufe0f Prudence \u00e0 l\u2019approche des forces de l\u2019ordre et des blocages.  https:\/\/t.co\/8zWDz35sXK \u2014 Pr\u00e9f\u00e8te de r\u00e9gion Auvergne-Rh\u00f4ne-Alpes et du Rh\u00f4ne (@prefetrhone)  September 10, 2025<\/p><\/blockquote>\n<p>TOULOUSE08:17<\/p>\n<p>\u00c0 Toulouse, en Haute-Garonne, environ 200 manifestants ont bloqu\u00e9 moins d&rsquo;une heure un rond-point dans le quartier de Jolimont, \u00e0 l&rsquo;aide de barri\u00e8res, de pneus et tout ce qu&rsquo;il pouvait trouver aux alentours. En travers de la route, une banderole noire portant l&rsquo;inscription \u00ab\u00a0Macron explosion\u00a0\u00bb a \u00e9t\u00e9 tendue.\u00a0<\/p>\n<p>Voir plus<\/p>\n<p>ENTREP\u00d4T BLOQU\u00c908:14<\/p>\n<p>Dans le Nord, \u00e0 Lauwin-Planque, des manifestants ont bloqu\u00e9 un entrep\u00f4t Amazon ce matin pour bloquer les livraisons.<\/p>\n<p>\u00ab\u00a0Bloquons tout\u00a0\u00bb : dans le Nord, des entrep\u00f4ts cibl\u00e9sSource : TF1 Info<\/p>\n<p><img decoding=\"async\" src=\"https:\/\/www.europesays.com\/fr\/wp-content\/uploads\/2025\/09\/bloquons-tout-dans-le-nord-des-entrepots-cibles-09645a-0@1x.jpeg\" alt=\"&quot;Bloquons tout&quot; : dans le Nord, des entrep\u00f4ts cibl\u00e9s\" loading=\"lazy\" importance=\"low\" fetchpriority=\"low\" class=\"\"\/><img decoding=\"async\" src=\"https:\/\/www.tf1info.fr\/images\/icons\/player-logo-play.svg\" alt=\"Logo lecture\" class=\"jsx-d0de44c05fe3042c PlayerLazyload__Play\"\/>CAEN08:10<\/p>\n<p>En raison des blocages depuis ce matin sur le viaduc de Calix \u00e0 Caen, le pr\u00e9fet a pris un arr\u00eat\u00e9 interdisant la circulation sur cet axe.<\/p>\n<blockquote data-testid=\"EmbedTwitter\" id=\"tweet-1965655241527099767-:Rec4j9klcmj9n79m:\" class=\"jsx-aeff1a1c40f54d7a twitter-tweet flex justify-center items-center\"><p>\ud83d\ude97\u26a0 Information circulation | Rassemblements non d\u00e9clar\u00e9s  #10septembre En raison de manifestations sociales sur le p\u00e9riph\u00e9rique de  #Caen , le pr\u00e9fet a pris un arr\u00eat\u00e9 interdisant la circulation sur le Viaduc de Calix. Plus d\u2019informations sur : \u2935 https:\/\/t.co\/WvjUAEcE45 pic.twitter.com\/MylPSJ1CNs \u2014 Pr\u00e9fet du Calvados (@Prefet14)  September 10, 2025<\/p><\/blockquote>\n<p>65 INTERPELLATIONS08:02<\/p>\n<p>Selon les derniers chiffres remont\u00e9s par la pr\u00e9fecture de police de Paris, on d\u00e9nombre 65 interpellations ce matin en lien avec le mouvement \u00ab\u00a0Bloquons tout\u00a0\u00bb.<\/p>\n<p>AUBERVILLIERS07:58<\/p>\n<p>La situation semble tendue porte d&rsquo;Aubervilliers, en Seine-Saint-Denis. Des manifestants bloquent le p\u00e9riph\u00e9rique alors que les CRS ont tent\u00e9 de les d\u00e9loger. Plusieurs feux ont \u00e9t\u00e9 d\u00e9clench\u00e9s pour perturber la situation.<\/p>\n<p><img decoding=\"async\" src=\"https:\/\/www.europesays.com\/fr\/wp-content\/uploads\/2025\/09\/bloquons-tout-10-septembre-aubervilliers-peripherique-2c07fa-0@1x.jpeg\" alt=\"Des manifestants bloquent le p\u00e9riph\u00e9rique au niveau de la porte d'Aubervilliers, en Seine-Saint-Denis - Alain JOCARD \/ AFP\" loading=\"lazy\" importance=\"low\" fetchpriority=\"low\" class=\"\"\/>Des manifestants bloquent le p\u00e9riph\u00e9rique au niveau de la porte d&rsquo;Aubervilliers, en Seine-Saint-Denis &#8211; Alain JOCARD \/ AFPSITUATION TR\u00c8S \u00c9VOLUTIVE07:51<\/p>\n<p>La situation \u00e9volue rapidement en France. Dans son dernier point de situation \u00e0 7h30 en zone gendarmerie, les autorit\u00e9s indiquant que la \u00ab\u00a0situation est \u00e0 cette heure sous contr\u00f4le, mais tr\u00e8s \u00e9volutive\u00a0\u00bb. Environ un millier de manifestants a \u00e9t\u00e9 recens\u00e9 sur le territoire ainsi qu&rsquo;une cinquantaine d&rsquo;actions en zone gendarmerie avec 10 actions de blocage d&rsquo;axes routiers, dont celle, importante, de l&rsquo;A10 dans les deux sens au niveau de Poitiers sud. Une trentaine de rassemblements sont pour le moment en cours et deux actions de filtrages ont \u00e9t\u00e9 d\u00e9tect\u00e9es.<\/p>\n<p>LYON07:47<\/p>\n<p>La pr\u00e9fecture de r\u00e9gion Auvergne-Rh\u00f4ne-Alpes et du Rh\u00f4ne indique sur X qu&rsquo;une intervention de la police est en cours sur le pont Gallieni \u00e0 Lyon pour disperser un groupe de manifestants qui tentent de bloquer la circulation. Par ailleurs, une intervention s&rsquo;est d\u00e9roul\u00e9e au niveau du p\u00e9riph\u00e9rique M7 dans le secteur Perrache pour \u00ab\u00a0disperser un groupe d&rsquo;individus hostiles\u00a0\u00bb qui tentaient de bloquer la circulation. Dans les deux cas, la pr\u00e9fecture appelle \u00e0 \u00e9viter le secteur et \u00e0 suivre les consignes de s\u00e9curit\u00e9.<\/p>\n<blockquote data-testid=\"EmbedTwitter\" id=\"tweet-1965649614310440982-:Reccj9klcmj9n79m:\" class=\"jsx-aeff1a1c40f54d7a twitter-tweet flex justify-center items-center\"><p>#10septembre2025 La  @PoliceNat69 intervient sur le pont Gallieni \u00e0  #Lyon pour disperser un groupe hostile qui bloque actuellement la circulation.  \u26a0\ufe0f \u00c9vitez le secteur et suivez les consignes des autorit\u00e9s.  https:\/\/t.co\/L1rxe6lVTU \u2014 Pr\u00e9f\u00e8te de r\u00e9gion Auvergne-Rh\u00f4ne-Alpes et du Rh\u00f4ne (@prefetrhone)  September 10, 2025<\/p><\/blockquote>\n<p>NUIT \u00ab\u00a0CALME\u00a0\u00bb07:44<\/p>\n<p>Selon les premi\u00e8res remont\u00e9es de la gendarmerie, la nuit a \u00e9t\u00e9 plut\u00f4t calme. Sept actions ont \u00e9t\u00e9 recens\u00e9es durant la nuit et\/ou sont toujours en cours. Deux rassemblements sont en cours \u00e0 l&rsquo;a\u00e9roport de Nantes, en Loire-Atlantique, regroupant environ 70 personnes et une cinquantaine de personnes se sont regroup\u00e9es sur un rond-point de Langon, en Gironde, pr\u00e8s de Bordeaux. Deux d\u00e9gradations de radars ont \u00e9galement eu lieu dans des communes des Ardennes alors qu&rsquo;un tag \u00ab\u00a0Macron destitution\u00a0\u00bb a \u00e9t\u00e9 observ\u00e9 \u00e0 Draillant, En Haute-Savoie.<\/p>\n<p>PORT DE BREST07:41<\/p>\n<p>Des forces de l&rsquo;ordre anti-\u00e9meutes ont \u00e9t\u00e9 d\u00e9ploy\u00e9es sur les axes permettant de se rendre sur le port de Brest, dans le Finist\u00e8re. Des manifestants y ont install\u00e9 des blocages d\u00e8s ce matin.<\/p>\n<p><img decoding=\"async\" src=\"https:\/\/www.europesays.com\/fr\/wp-content\/uploads\/2025\/09\/bloquons-tout-10-septembre-port-de-brest-dc460e-0@1x.jpeg\" alt=\"Les forces de l'ordre d\u00e9ploy\u00e9es au port de Brest o\u00f9 des incidents ont \u00e9t\u00e9 enregistr\u00e9s - FRED TANNEAU \/ AFP\" loading=\"lazy\" importance=\"low\" fetchpriority=\"low\" class=\"\"\/>Les forces de l&rsquo;ordre d\u00e9ploy\u00e9es au port de Brest o\u00f9 des incidents ont \u00e9t\u00e9 enregistr\u00e9s &#8211; FRED TANNEAU \/ AFPINTERPELLATIONS07:38<\/p>\n<p>Selon les chiffres communiqu\u00e9s \u00e0 de TF1\/LCI, \u00e0 7h30 ce matin, on recense 51 interpellations \u00e0 Paris et petite couronne et huit autres sur le reste du territoire.<\/p>\n<p>A707:37<\/p>\n<p>T\u00f4t de matin, des manifestants se sont regroup\u00e9s pour perturber le trafic sur l&rsquo;A7 \u00e0 Lyon en direction de Marseille.<\/p>\n<p><img decoding=\"async\" src=\"https:\/\/www.europesays.com\/fr\/wp-content\/uploads\/2025\/09\/bloquons-tout-10-septembre-manifestants-sur-l-a7-en-direction-de-marseille-juste-en-dehors-de-lyon-6.jpeg\" alt=\"Des manifestants se sont regroup\u00e9s pour perturber le trafic sur l'A7 \u00e0 Lyon en direction de Marseille - Olivier CHASSIGNOLE \/ AFP\" loading=\"lazy\" importance=\"low\" fetchpriority=\"low\" class=\"\"\/>Des manifestants se sont regroup\u00e9s pour perturber le trafic sur l&rsquo;A7 \u00e0 Lyon en direction de Marseille &#8211; Olivier CHASSIGNOLE \/ AFPPORTE DE LA CHAPELLE07:25<\/p>\n<p>Selon les reporters de TF1-LCI sur place, des manifestants bloquent le p\u00e9riph\u00e9rique au niveau de la porte de la Chapelle ce matin \u00e0 Paris.<\/p>\n<p>A1007:21<\/p>\n<p>Sur l&rsquo;autoroute A10, Vinci indique sur le r\u00e9seau social X qu&rsquo;une manifestation est en cours sur les voies et que l&rsquo;autoroute est coup\u00e9e dans les deux sens de circulation au niveau de Poitiers. Les entr\u00e9es et sorties au niveau de Poitiers Sud (la sortie N\u00b030) sont interdites. Depuis Tours, les sorties est obligatoire \u00e0 Poitiers Nord (sortie n\u00b029).<\/p>\n<blockquote data-testid=\"EmbedTwitter\" id=\"tweet-1965642030475808996-:Recoj9klcmj9n79m:\" class=\"jsx-aeff1a1c40f54d7a twitter-tweet flex justify-center items-center\"><p>07h00 : sur  #A10 , .Manifestation, pi\u00e9tons sur les voies. L&rsquo;autoroute est coup\u00e9e dans les 2 sens de circulation  \u26d4 Entr\u00e9es interdite et sorties interdite \u00e0 Poitiers Sud n\u00b030  \u2705 Depuis  #Tours sortie obligatoire \u00e0 Poitiers nord n\u00b029 \u00c9coutez  #Radio1077 #InfoTrafic \u2014 Autoroute A10 (@A10Trafic)  September 10, 2025<\/p><\/blockquote>\n<p>GRENOBLE07:17<\/p>\n<p>Sux X, le pr\u00e9fet de l&rsquo;Is\u00e8re alerte sur des blocages et des perturbations d\u00e8s ce matin sur plusieurs axes de la ville de Grenoble. C&rsquo;est le cas sur le pont de Catane, le boulevard Jean Pain et la porte de France.\u00a0<\/p>\n<blockquote data-testid=\"EmbedTwitter\" id=\"tweet-1965636209260310857-:Recqj9klcmj9n79m:\" class=\"jsx-aeff1a1c40f54d7a twitter-tweet flex justify-center items-center\"><p>Mouvement du  #10septembre : Point de situation \u00e0 6h30 sur  #Grenoble \u26a0\ufe0fPerturbations de la circulation en cours sur :  \u274cPont de Catane  \u274cBoulevard Jean Pain \u274cPorte de France  pic.twitter.com\/pWF6Grh40R \u2014 Pr\u00e9f\u00e8te de l&rsquo;Is\u00e8re \ud83c\udde8\ud83c\uddf5\ud83c\uddea\ud83c\uddfa (@Prefet38)  September 10, 2025<\/p><\/blockquote>\n<p>ON FAIT LE POINT DANS LES TRANSPORTS07:16<\/p>\n<p>Les transports en commun connaissent quelques perturbations \u00e0 Paris en tout d\u00e9but de matin\u00e9e mercredi, jour du mouvement pour \u00ab\u00a0tout bloquer\u00a0\u00bb, \u00ab\u00a0conformes aux pr\u00e9visions\u00a0\u00bb, ont indiqu\u00e9 \u00e0 l&rsquo;AFP la RATP et la SNCF.<\/p>\n<p><strong>\u25aa\ufe0f\ufe0fC\u00f4t\u00e9 m\u00e9tro parisien<\/strong>, \u00ab\u00a0tout est conforme aux pr\u00e9visions\u00a0\u00bb, a d\u00e9clar\u00e9 un porte-parole du transporteur, interrog\u00e9 mercredi en d\u00e9but de matin\u00e9e. Le trafic est \u00ab\u00a0quasi normal\u00a0\u00bb pour les r\u00e9seaux de m\u00e9tro et de bus, \u00e0 part un incident technique sur la ligne 5, et \u00ab\u00a0perturb\u00e9\u00a0\u00bb, avec deux trains sur trois qui circulent, sur la ligne B du RER, qui traverse l&rsquo;Ile-de-France du nord au sud via le centre de Paris et dessert l&rsquo;a\u00e9roport de Paris Charles-de-Gaulle.<\/p>\n<p>\u25aa\ufe0f<strong>\u00c0 la SNCF<\/strong>, l\u00e0 encore, on indique que les perturbations de ce d\u00e9but de matin\u00e9e sont celles qui \u00ab\u00a0ont \u00e9t\u00e9 annonc\u00e9es dans le plan de transport\u00a0\u00bb. Le transporteur avait indiqu\u00e9 hier ne pr\u00e9voir aucune circulation sur une partie du RER D, seulement un train sur trois sur les lignes Transilien H, vers le nord-ouest de la r\u00e9gion parisienne, et Transilien R (sud-est). La SNCF avait indiqu\u00e9 pr\u00e9c\u00e9demment que le trafic ferroviaire serait affect\u00e9 dans l&rsquo;Hexagone par le mouvement social, en particulier celui des TER et des Intercit\u00e9s, mais pas le r\u00e9seau \u00e0 grande vitesse.\u00a0<\/p>\n<p>\u25aa\ufe0f<strong>Pour les a\u00e9roports parisiens<\/strong>, \u00ab\u00a0rien \u00e0 signaler\u00a0\u00bb, a indiqu\u00e9 \u00e0 l&rsquo;AFP un porte-parole d&rsquo;ADP. \u00ab\u00a0Il n&rsquo;y a pas eu de pr\u00e9avis de gr\u00e8ve chez ADP et chez nos principaux prestataires, mais nous effectuons tout au long de la journ\u00e9e une veille active au vu de l&rsquo;impr\u00e9visibilit\u00e9 du mouvement\u00a0\u00bb, a-t-il ajout\u00e9. ADP suit notamment les possibles perturbations sur les acc\u00e8s routiers ou ferroviaires aux a\u00e9roports parisiens sous sa gestion (Paris-Orly, Paris-Charles-de-Gaulle et Paris-Le Bourget), a pr\u00e9cis\u00e9 ce porte-parole.\u00a0<\/p>\n<p>INCENDIE SUR LES VOIES07:13<\/p>\n<p>Lors de son d\u00e9placement \u00e0 Rungis, le ministre d\u00e9missionnaire de l&rsquo;Int\u00e9rieur, Bruno Retailleau a indiqu\u00e9 qu&rsquo;un \u00ab\u00a0incendie de c\u00e2bles a interrompu la circulation des trains entre Toulouse et Auch\u00a0\u00bb, dans la r\u00e9gion Occitanie. Un \u00e9v\u00e9nement, selon lui, en lien avec le mouvement \u00ab\u00a0Bloquons tout\u00a0\u00bb. Sur le compte X des TER de la r\u00e9gion, la SNCF indique \u00ab\u00a0qu&rsquo;un incendie est survenu aux abords des voies entra\u00eenant l&rsquo;interruption de la circulation sur cet axe\u00a0\u00bb. La reprise du trafic n&rsquo;est pas attendu avant \u00ab\u00a0demain 5h\u00a0\u00bb est-il annonc\u00e9.\u00a0<\/p>\n<blockquote data-testid=\"EmbedTwitter\" id=\"tweet-1965635804891636020-:Recuj9klcmj9n79m:\" class=\"jsx-aeff1a1c40f54d7a twitter-tweet flex justify-center items-center\"><p>\ud83d\udd34 06h37 [Toulouse\u2194\ufe0fAuch ] Un incendie survenu aux abords des voies entra\u00eene l&rsquo;interruption des circulations sur cet axe. \u274c Nos \u00e9quipes font le maximum sur place. Heure de reprise estim\u00e9e : demain 5h Une question \u2753\u2935\ufe0f  pic.twitter.com\/g1GY8C2bJ2 \u2014 liO Train SNCF Occitanie (@lio_train_sncf)  September 10, 2025<\/p><\/blockquote>\n<p>OUEST DE LA FRANCE07:05<\/p>\n<p>Dans de nombreuses villes de l&rsquo;Ouest, des premiers blocages ont lieu sur des rond-points habituellement tr\u00e8s fr\u00e9quent\u00e9s. \u00c0 Nantes notamment, des manifestants ont tent\u00e9 de bloquer des rond-points proches du p\u00e9riph\u00e9rique \u00e0 hauteur du viaduc de Chevir\u00e9 qui enjambe la Loire. Les forces de l&rsquo;ordre ont fait usage de gaz lacrymog\u00e8nes, ont constat\u00e9 des journalistes de l\u2019AFP.<\/p>\n<p>BORDEAUX07:05<\/p>\n<p>\u00c0 Bordeaux, quelques dizaines de personnes encagoul\u00e9es (des militants syndicaux et des jeunes de la tendance libertaire) ont bloqu\u00e9 dans la nuit l&rsquo;un des d\u00e9p\u00f4ts du r\u00e9seau de tramways de la ville, avec une barricade de palettes et de poubelles, mais ils ont \u00e9t\u00e9 d\u00e9log\u00e9s rapidement et sans heurts par la police.<\/p>\n<p>EXPLICATIONS07:00<\/p>\n<p>Certains commer\u00e7ants soutiennent le mouvement \u00ab\u00a0Blquons tout\u00a0\u00bb en appelant leurs clients \u00e0 ne payer qu&rsquo;en cash. Une \u00e9quipe de TF1 s&rsquo;est rendue dans un restaurant de Bouillargues qui fait une remise de 10% pour les paiements en esp\u00e8ces.<\/p>\n<p>Sujets de soci\u00e9t\u00e9<img decoding=\"async\" src=\"https:\/\/www.europesays.com\/fr\/wp-content\/uploads\/2025\/09\/cap-fer-1-bc73ca-0@1x.jpeg\" alt=\"&quot;On ne voulait pas fermer&quot; : pour &quot;Bloquons tout&quot;, ce restaurateur offre une remise aux clients qui paient en cash\" loading=\"lazy\" importance=\"low\" fetchpriority=\"low\" class=\"\" aria-hidden=\"true\"\/>Publi\u00e9 aujourd&rsquo;hui \u00e0 9h49BARRICADES06:59<\/p>\n<p>Toujours \u00e0 Caen dans le Calvados, des manifestants ont \u00e9rig\u00e9 et embras\u00e9 des barricades sur le viaduc de Calix pour bloquer la circulation.<\/p>\n<p><img decoding=\"async\" src=\"https:\/\/www.europesays.com\/fr\/wp-content\/uploads\/2025\/09\/bloquons-tout-10-septembre-viaduc-de-calix-f7a765-0@1x.jpeg\" alt=\"Des manifestants ont embras\u00e9 des barricades sur le viaduc de Calix, dans le Calvados - Lou BENOIST \/ AFP\" loading=\"lazy\" importance=\"low\" fetchpriority=\"low\" class=\"\"\/>Des manifestants ont embras\u00e9 des barricades sur le viaduc de Calix, dans le Calvados &#8211; Lou BENOIST \/ AFPCAEN06:56<\/p>\n<p>\u00c0 Caen, dans le Calvados, les manifestants ont commenc\u00e9 ce matin \u00e0 bloquer un rond-point permettant d&rsquo;acc\u00e9der au boulevard p\u00e9riph\u00e9rique. Ils ont entass\u00e9 plusieurs panneaux de signalisation pour bloquer le passage.<\/p>\n<p><img decoding=\"async\" src=\"https:\/\/www.europesays.com\/fr\/wp-content\/uploads\/2025\/09\/10-septembre-caen-bloquons-tout-pres-du-boulevard-peripherique-77169a-0@1x.jpeg\" alt=\"Des blocages ont lieu \u00e0 Caen dans le cadre du mouvement &quot;Bloquons tout&quot; - Lou BENOIST \/ AFP\" loading=\"lazy\" importance=\"low\" fetchpriority=\"low\" class=\"\"\/>Des blocages ont lieu \u00e0 Caen dans le cadre du mouvement \u00ab\u00a0Bloquons tout\u00a0\u00bb &#8211; Lou BENOIST \/ AFPINCIDENTS A LYON06:52<\/p>\n<p>Selon le site <a href=\"https:\/\/x.com\/actufr_lyon\/status\/1965634778067337531?ref_src=twsrc%5Etfw%7Ctwcamp%5Etweetembed%7Ctwterm%5E1965634778067337531%7Ctwgr%5E19e7f0fcd0ac97b58c1a200b17077909743b10c4%7Ctwcon%5Es1_&amp;ref_url=https%3A%2F%2Fwww.leparisien.fr%2Feconomie%2Fdirect-mouvement-bloquons-tout-du-10-septembre-perturbations-et-blocages-attendus-partout-en-france-10-09-2025-DZLWQDEKWNBBTOUKDSTZFULHB4.php\" target=\"_blank\">Actu Lyon (nouvelle fen\u00eatre)<\/a>, des premi\u00e8res tensions ont \u00e9clat\u00e9 ce matin \u00e0 la gare Perrache. La police utilise du gaz lacrymog\u00e8ne pour disperser les manifestants.<\/p>\n<blockquote data-testid=\"EmbedTwitter\" id=\"tweet-1965634778067337531-:Redaj9klcmj9n79m:\" class=\"jsx-aeff1a1c40f54d7a twitter-tweet flex justify-center items-center\"><p>\ud83d\udd34 EN DIRECT #10septembre2025 \u00e0 Lyon : des premi\u00e8res tensions \u00e0 Perrache, la police utilise du gaz lacrymog\u00e8ne pour disperser des manifestants d\u00e9j\u00e0 pr\u00e9sents devant la gare SNCF  pic.twitter.com\/u3AsgMvTty \u2014 actu Lyon (@actufr_lyon)  September 10, 2025<\/p><\/blockquote>\n<p>BRUNO RETAILLEAU \u00c0 RUNGIS 06:44<\/p>\n<p>Le ministre de l&rsquo;Int\u00e9rieur est pr\u00e9sent au march\u00e9 international de Rungis (Val-de-Marne), essentiel pour l&rsquo;approvisionnement de l&rsquo;\u00cele-de-France et cibl\u00e9 par des menaces de blocage. \u00ab\u00a0Je veux rendre hommage aux forces de s\u00e9curit\u00e9 int\u00e9rieure, engag\u00e9es sur le terrain pour garantir la s\u00e9curit\u00e9 de nos infrastructures essentielles\u00a0\u00bb, \u00e9crit-il sur le r\u00e9seau social X.<\/p>\n<blockquote data-testid=\"EmbedTwitter\" id=\"tweet-1965626637636227513-:Redcj9klcmj9n79m:\" class=\"jsx-aeff1a1c40f54d7a twitter-tweet flex justify-center items-center\"><p>Pr\u00e9sent ce matin au march\u00e9 international de Rungis. Ici et partout en France, je veux rendre hommage aux forces de s\u00e9curit\u00e9 int\u00e9rieure, engag\u00e9es sur le terrain pour garantir la s\u00e9curit\u00e9 de nos infrastructures essentielles et celle de nos concitoyens.  pic.twitter.com\/QIKkPjl062 \u2014 Bruno Retailleau (@BrunoRetailleau)  September 10, 2025<\/p><\/blockquote>\n<p>TRANSPORTS06:30<\/p>\n<p>Quelles perturbations sont attendues ? On fait le point<\/p>\n<p>Transports<img decoding=\"async\" src=\"https:\/\/www.europesays.com\/fr\/wp-content\/uploads\/2025\/09\/greve-sncf-illustration-2-7c5f12-0@1x.jpeg\" alt=\"&quot;Bloquons tout&quot; : trains, avions\u2026 quelles perturbations dans les transports le 10 septembre ?\" loading=\"lazy\" importance=\"low\" fetchpriority=\"low\" class=\"\" aria-hidden=\"true\"\/>Publi\u00e9 aujourd&rsquo;hui \u00e0 6h54A\u00c9ROPORT DE NANTES 06:29<\/p>\n<p>De nombreux points n\u00e9vralgiques pourraient \u00eatre cibl\u00e9s par des mobilisations, \u00e0 l&rsquo;image de l&rsquo;a\u00e9roport de Nantes, bloqu\u00e9 depuis 4h ce matin par plusieurs dizaines de militants, ont constat\u00e9 des journalistes de LCI.\u00a0<\/p>\n<p><img decoding=\"async\" src=\"https:\/\/www.europesays.com\/fr\/wp-content\/uploads\/2025\/09\/blocage-aeroport-nantes-b09622-0@1x.jpeg\" alt=\"LCI\" loading=\"lazy\" importance=\"low\" fetchpriority=\"low\" class=\"\"\/>LCI06:23<\/p>\n<p>Bonjour \u00e0 toutes et \u00e0 tous, bienvenue dans ce live, nous allons suivre ensemble toutes les derni\u00e8res actualit\u00e9s sur la journ\u00e9e d&rsquo;action \u00ab\u00a0Bloquons tout\u00a0\u00bb, mouvement qui appelle \u00e0 multiplier les gr\u00e8ves et blocages sur tout le territoire ce mercredi 10 septembre.\u00a0<\/p>\n<p data-module=\"article-paragraph\" class=\"jsx-3046738180 Paragraph\">\u00ab\u00a0Bloquer tout\u00a0\u00bb. Des appels \u00e0 la gr\u00e8ve ont \u00e9t\u00e9 lanc\u00e9s pour ce mercredi 10 septembre par plusieurs syndicats notamment dans les transports et les h\u00f4pitaux, et d&rsquo;autres actions annonc\u00e9es, dont certaines rappellent celles des Gilets jaunes, avec des blocages d&rsquo;axes routiers ou des sabotages de radars ou de distributeurs de billets. Des appels \u00e0 ne pas utiliser sa carte bancaire ou \u00e0 ne pas aller faire ses courses circulent \u00e9galement sur les r\u00e9seaux sociaux et messageries. Des centaines d&rsquo;actions en Ile-de-France et en r\u00e9gions, des m\u00e9tropoles aux petites villes, sont attendues ce mercredi, selon un bilan provisoire s&rsquo;appuyant sur une carte collaborative (www.cartedesagbfc.gogocarto.fr).\u00a0<\/p>\n<p data-module=\"article-paragraph\" class=\"jsx-3046738180 Paragraph Paragraph__End\">Le ministre de l&rsquo;Int\u00e9rieur d\u00e9missionnaire <a href=\"https:\/\/www.tf1info.fr\/justice-faits-divers\/manifestation-bloquons-tout-100-000-participants-et-des-sabotages-attendus-le-10-septembre-les-consignes-de-bruno-retailleau-aux-prefets-2392843.html\" target=\"_blank\" rel=\"noopener\">Bruno Retailleau (nouvelle fen\u00eatre)<\/a> a indiqu\u00e9 lors d&rsquo;un point de presse que des forces de s\u00e9curit\u00e9 ont \u00e9t\u00e9 d\u00e9ploy\u00e9es d\u00e8s mardi soir \u00ab\u00a0sur des zones sensibles\u00a0\u00bb, promettant une \u00ab\u00a0tol\u00e9rance z\u00e9ro\u00a0\u00bb. Il avait annonc\u00e9 d\u00e8s lundi soir que quelque \u00ab\u00a080.000 gendarmes et policiers\u00a0\u00bb seraient mobilis\u00e9s. Le pr\u00e9fet de police de Paris, Laurent Nu\u00f1ez, a dit s&rsquo;attendre \u00e0 des \u00ab\u00a0actions coups de poing\u00a0\u00bb, blocages voire sabotages, mais ne pas penser \u00ab\u00a0que ce mouvement mobilise la soci\u00e9t\u00e9 civile\u00a0\u00bb.<\/p>\n<p><a href=\"https:\/\/www.tf1info.fr\/transports\/bloquons-tous-les-perturbations-a-prevoir-dans-les-transports-le-10-septembre-2393635.html\" rel=\"noopener\" class=\"jsx-3308031228 Link flex\" target=\"_blank\"><img decoding=\"async\" src=\"https:\/\/www.europesays.com\/fr\/wp-content\/uploads\/2025\/09\/greve-sncf-illustration-2-f66cc7-0@1x.jpeg\" alt=\"MIGUEL MEDINA \/ AFP\" loading=\"lazy\" importance=\"low\" fetchpriority=\"low\" class=\"\" aria-hidden=\"true\"\/><\/p>\n<p class=\"jsx-3657663356 ReadMoreArticle__Title\">Lire aussi<\/p>\n<p class=\"jsx-3657663356\">\u00ab\u00a0Bloquons tout\u00a0\u00bb : trains, a\u00e9rien\u2026 quelles perturbations dans les transports le 10 septembre ?<\/p>\n<p><\/a><\/p>\n<p data-module=\"article-paragraph\" class=\"jsx-3046738180 Paragraph\">Pr\u00e8s de 30 universit\u00e9s fran\u00e7aises ont organis\u00e9 mardi \u00e0 la mi-journ\u00e9e leurs assembl\u00e9es g\u00e9n\u00e9rales pour d\u00e9cider de leurs actions ce mercredi. Les \u00e9tudiants parisiens convergeront vers la place de la Sorbonne pour aller ensuite place du Ch\u00e2telet \u00e0 la mi-journ\u00e9e, o\u00f9 un rassemblement syndical est pr\u00e9vu. La direction de Sciences Po a indiqu\u00e9 que ses sites \u00e0 Paris et dans les r\u00e9gions resteraient ferm\u00e9s mercredi, avec des enseignements assur\u00e9s \u00e0 distance.<\/p>\n<p data-module=\"article-paragraph\" class=\"jsx-3046738180 Paragraph\">Dans l&rsquo;Ouest, les citoyens mobilis\u00e9s se donnent rendez-vous d\u00e8s 6h ce mercredi pour bloquer les rocades de Rennes et Nantes. Des actions similaires ou des barrages filtrants sont \u00e9galement annonc\u00e9s dans les boucles de messagerie \u00e0 Brest, Vannes ou Caen. \u00c0 Paris, d\u00e8s minuit dans la nuit de mardi \u00e0 mercredi, des militants pr\u00e9voient de bloquer plusieurs portes du p\u00e9riph\u00e9rique (La Chapelle, Bagnolet, Montreuil, Italie, Orl\u00e9ans notamment) et de poursuivre leurs blocages dans la matin\u00e9e.<\/p>\n<p data-module=\"article-paragraph\" class=\"jsx-3046738180 Paragraph Paragraph__End\">Dans la matin\u00e9e \u00e9galement, plusieurs assembl\u00e9es g\u00e9n\u00e9rales se tiendront dans les gares parisiennes (gares du Nord et de Lyon). Dans les transports en commun, les Intercit\u00e9s, RER, avec aucun train sur la ligne D, et Transiliens, avec seulement un train sur trois sur la ligne H, seront plus affect\u00e9s que les TGV, m\u00e9tros, tramways ou bus parisiens. Mais le RER A, ligne la plus fr\u00e9quent\u00e9e d&rsquo;Europe, ne devrait pas \u00eatre affect\u00e9e. La direction g\u00e9n\u00e9rale de l&rsquo;Aviation civile (DGAC) pr\u00e9voit des perturbations et des retards \u00ab\u00a0sur l&rsquo;ensemble des a\u00e9roports fran\u00e7ais\u00a0\u00bb mercredi.<\/p>\n<p data-module=\"article-paragraph\" class=\"jsx-3046738180 Paragraph Paragraph__End\">Commerces, raffineries, h\u00f4pitaux, \u00e9boueurs, usines\u2026 De nombreux salari\u00e9s ont pr\u00e9vu de bloquer des entreprises. Plusieurs responsables de la CGT seront rassembl\u00e9s ce mercredi d\u00e8s 09H30 devant le minist\u00e8re du Travail, \u00e0 l&rsquo;initiative de ses f\u00e9d\u00e9rations du commerce et de la chimie. De premiers cort\u00e8ges sont pr\u00e9vus \u00e0 Rennes et Nantes d\u00e8s 11H00. Les unions d\u00e9partementales parisiennes de la CGT, FSU et de Solidaires se sont donn\u00e9s rendez-vous d\u00e8s 13H00 dans le centre de la capitale, place du Ch\u00e2telet. \u00c0 14H30, une manifestation est annonc\u00e9e \u00e0 Toulouse.<\/p>\n<p>La r\u00e9daction de TF1info<\/p>\n<p><script async src=\"https:\/\/platform.twitter.com\/widgets.js\" charset=\"utf-8\"><\/script><\/p>\n","protected":false},"excerpt":{"rendered":"Ce mercredi 10 septembre, des actions sont men\u00e9es en Ile-de-France et en r\u00e9gions, des m\u00e9tropoles aux petites villes,&hellip;\n","protected":false},"author":2,"featured_media":380058,"comment_status":"","ping_status":"","sticky":false,"template":"","format":"standard","meta":{"footnotes":""},"categories":[1888],"tags":[51343,1111,11,1921,1013,1003,51130,1073,1777,674,1011,27,1922,12,626,25,133,5010],"class_list":{"0":"post-380057","1":"post","2":"type-post","3":"status-publish","4":"format-standard","5":"has-post-thumbnail","7":"category-paris","8":"tag-bloquons-tout-une-journee-noire-le-10-septembre","9":"tag-actu","10":"tag-actualites","11":"tag-article-video","12":"tag-bruno-retailleau","13":"tag-budget","14":"tag-budget-2026-quelle-nouvelle-feuille-de-route-apres-la-chute-de-bayrou","15":"tag-emmanuel-macron","16":"tag-eu","17":"tag-europe","18":"tag-fr","19":"tag-france","20":"tag-info","21":"tag-news","22":"tag-paris","23":"tag-republique-francaise","24":"tag-video","25":"tag-video-sujets-de-societe"},"share_on_mastodon":{"url":"https:\/\/pubeurope.com\/@fr\/115179589355769266","error":""},"_links":{"self":[{"href":"https:\/\/www.europesays.com\/fr\/wp-json\/wp\/v2\/posts\/380057","targetHints":{"allow":["GET"]}}],"collection":[{"href":"https:\/\/www.europesays.com\/fr\/wp-json\/wp\/v2\/posts"}],"about":[{"href":"https:\/\/www.europesays.com\/fr\/wp-json\/wp\/v2\/types\/post"}],"author":[{"embeddable":true,"href":"https:\/\/www.europesays.com\/fr\/wp-json\/wp\/v2\/users\/2"}],"replies":[{"embeddable":true,"href":"https:\/\/www.europesays.com\/fr\/wp-json\/wp\/v2\/comments?post=380057"}],"version-history":[{"count":0,"href":"https:\/\/www.europesays.com\/fr\/wp-json\/wp\/v2\/posts\/380057\/revisions"}],"wp:featuredmedia":[{"embeddable":true,"href":"https:\/\/www.europesays.com\/fr\/wp-json\/wp\/v2\/media\/380058"}],"wp:attachment":[{"href":"https:\/\/www.europesays.com\/fr\/wp-json\/wp\/v2\/media?parent=380057"}],"wp:term":[{"taxonomy":"category","embeddable":true,"href":"https:\/\/www.europesays.com\/fr\/wp-json\/wp\/v2\/categories?post=380057"},{"taxonomy":"post_tag","embeddable":true,"href":"https:\/\/www.europesays.com\/fr\/wp-json\/wp\/v2\/tags?post=380057"}],"curies":[{"name":"wp","href":"https:\/\/api.w.org\/{rel}","templated":true}]}}