{"id":380059,"date":"2025-09-10T10:43:11","date_gmt":"2025-09-10T10:43:11","guid":{"rendered":"https:\/\/www.europesays.com\/fr\/380059\/"},"modified":"2025-09-10T10:43:11","modified_gmt":"2025-09-10T10:43:11","slug":"devant-les-eurodeputes-ursula-von-der-leyen-assure-que-leurope-defendra-chaque-centimetre-carre-de-son-territoire-liberation","status":"publish","type":"post","link":"https:\/\/www.europesays.com\/fr\/380059\/","title":{"rendered":"Devant les eurod\u00e9put\u00e9s, Ursula von\u00a0der\u00a0Leyen assure que \u00abl\u2019Europe d\u00e9fendra chaque centim\u00e8tre carr\u00e9 de son territoire\u00bb \u2013 Lib\u00e9ration"},"content":{"rendered":"<p class=\"sc-cPiKLX AiZTS text-element\">Une violation \u00abdangereuse\u00bb et \u00absans pr\u00e9c\u00e9dent\u00bb de l\u2019espace a\u00e9rien polonais et europ\u00e9en. Lors d\u2019un discours devant le Parlement europ\u00e9en, ce mercredi 10 septembre, la pr\u00e9sidente de la Commission europ\u00e9enne, Ursula von der Leyen, a d\u00e9nonc\u00e9 l\u2019incursion de \u00abplus de dix drones russes Shahed\u00bb dans les airs de l\u2019UE. \u00abL\u2019Europe d\u00e9fendra chaque centim\u00e8tre carr\u00e9 de son territoire\u00bb, a-t-elle assur\u00e9 devant les eurod\u00e9put\u00e9s r\u00e9unis \u00e0 Strasbourg, en d\u00e9clarant que l\u2019UE \u00e9tait \u00abpleinement solidaire de la Pologne\u00bb. Elle en a profit\u00e9 pour appeler le Vieux Continent \u00e0 muscler son effort de d\u00e9fense, afin de se doter \u00abde moyens strat\u00e9giques ind\u00e9pendants\u00bb. <\/p>\n<p class=\"sc-cPiKLX AiZTS text-element\">Pour ce faire, l\u2019UE devrait trouver un nouveau moyen de financer la d\u00e9fense de l\u2019Ukraine contre la Russie. \u00abIl nous faut travailler d\u2019urgence \u00e0 une nouvelle solution pour financer l\u2019effort de guerre de l\u2019Ukraine \u00e0 partir des avoirs russes gel\u00e9s. Gr\u00e2ce aux soldes de tr\u00e9sorerie associ\u00e9s \u00e0 ces actifs russes, nous pouvons accorder \u00e0 l\u2019Ukraine un pr\u00eat de r\u00e9paration\u00bb, a expliqu\u00e9 von der Leyen, en faisant r\u00e9f\u00e9rence aux int\u00e9r\u00eats. Mais \u00abon ne touchera pas aux actifs eux-m\u00eames, a-t-elle pr\u00e9cis\u00e9. Cette guerre est celle de la Russie. C\u2019est donc \u00e0 la Russie de payer.\u00bb <\/p>\n<p class=\"sc-cPiKLX AiZTS text-element\">Le montant de ce \u00abpr\u00eat de r\u00e9paration\u00bb n\u2019a pas \u00e9t\u00e9 indiqu\u00e9, mais la cheffe de l\u2019ex\u00e9cutif europ\u00e9en a pr\u00e9cis\u00e9 que les risques associ\u00e9s devraient \u00eatre port\u00e9s \u00abcollectivement\u00bb par les Vingt-Sept. Quant \u00e0 l\u2019Ukraine, elle \u00abne remboursera le pr\u00eat qu\u2019une fois que la Russie aura pay\u00e9 les dommages de guerre\u00bb, a-t-elle assur\u00e9. <\/p>\n<p class=\"sc-cPiKLX AiZTS text-element\">Elle n\u2019a mentionn\u00e9 aucun montant. Les pays du G7 ont d\u00e9j\u00e0 convenu d\u2019un soutien de 50 milliards de dollars (42,7 milliards d\u2019euros) \u00e0 l\u2019Ukraine, qui sera rembours\u00e9 gr\u00e2ce aux profits exceptionnels g\u00e9n\u00e9r\u00e9s par les quelque 300 milliards de dollars (256 milliards d\u2019euros) d\u2019actifs russes gel\u00e9s dans les pays du G7. Les avoirs de Moscou \u00e0 l\u2019\u00e9tranger ont \u00e9t\u00e9 gel\u00e9s apr\u00e8s l\u2019invasion de l\u2019Ukraine en f\u00e9vrier 2022. La plus grande partie, quelque 210 milliards d\u2019euros, se trouve en Belgique. <\/p>\n<p class=\"sc-cPiKLX AiZTS text-element\">Les 27 Etats de l\u2019Union ont dans un premier temps d\u00e9cid\u00e9 d\u2019utiliser les int\u00e9r\u00eats g\u00e9n\u00e9r\u00e9s par ces avoirs, soit plusieurs milliards d\u2019euros par an, pour financer l\u2019effort de guerre de l\u2019Ukraine. Apr\u00e8s des mois de discussions, les dirigeants du G7 avaient ensuite conclu un accord en octobre 2024 pour utiliser les int\u00e9r\u00eats g\u00e9n\u00e9r\u00e9s par ces avoirs pour garantir un pr\u00eat en faveur de l\u2019Ukraine. Certains pays de l\u2019UE jugent qu\u2019il faut aller plus loin, en utilisant le capital lui-m\u00eame, et pas seulement des int\u00e9r\u00eats.<\/p>\n<p class=\"sc-cPiKLX AiZTS text-element\">Mais une majorit\u00e9 d\u2019Etats membres, dont la France, l\u2019Allemagne et les Pays-Bas, se montrent beaucoup plus prudents et soulignent qu\u2019une saisie de ces avoirs se heurte \u00e0 des obstacles juridiques et risque de d\u00e9stabiliser l\u2019euro en d\u00e9tournant de futurs investisseurs \u00e9trangers.<\/p>\n<p class=\"sc-cPiKLX AiZTS text-element\">Lors de son discours devant les eurod\u00e9put\u00e9s, Ursula von der Leyen a \u00e9galement annonc\u00e9 ce mercredi qu\u2019elle organiserait prochainement un sommet \u00abpour le retour des enfants ukrainiens\u00bb enlev\u00e9s par la Russie. \u00abTous les enfants ukrainiens enlev\u00e9s doivent \u00eatre rendus !\u00bb a lanc\u00e9 la cheffe de l\u2019ex\u00e9cutif europ\u00e9en apr\u00e8s avoir fait applaudir un adolescent ukrainien pr\u00e9sent dans l\u2019h\u00e9micycle du Parlement europ\u00e9en. <\/p>\n","protected":false},"excerpt":{"rendered":"Une violation \u00abdangereuse\u00bb et \u00absans pr\u00e9c\u00e9dent\u00bb de l\u2019espace a\u00e9rien polonais et europ\u00e9en. Lors d\u2019un discours devant le Parlement&hellip;\n","protected":false},"author":2,"featured_media":380060,"comment_status":"","ping_status":"","sticky":false,"template":"","format":"standard","meta":{"footnotes":""},"categories":[1591],"tags":[11,2196,1887,12,2437,1885,1886,132,297,364,2544],"class_list":{"0":"post-380059","1":"post","2":"type-post","3":"status-publish","4":"format-standard","5":"has-post-thumbnail","7":"category-russie","8":"tag-actualites","9":"tag-commission-europeenne","10":"tag-federation-de-russie","11":"tag-news","12":"tag-pologne","13":"tag-russia","14":"tag-russian-federation","15":"tag-russie","16":"tag-ukraine-la-crise","17":"tag-union-europeenne","18":"tag-ursula-von-der-leyen"},"share_on_mastodon":{"url":"https:\/\/pubeurope.com\/@fr\/115179592488144612","error":""},"_links":{"self":[{"href":"https:\/\/www.europesays.com\/fr\/wp-json\/wp\/v2\/posts\/380059","targetHints":{"allow":["GET"]}}],"collection":[{"href":"https:\/\/www.europesays.com\/fr\/wp-json\/wp\/v2\/posts"}],"about":[{"href":"https:\/\/www.europesays.com\/fr\/wp-json\/wp\/v2\/types\/post"}],"author":[{"embeddable":true,"href":"https:\/\/www.europesays.com\/fr\/wp-json\/wp\/v2\/users\/2"}],"replies":[{"embeddable":true,"href":"https:\/\/www.europesays.com\/fr\/wp-json\/wp\/v2\/comments?post=380059"}],"version-history":[{"count":0,"href":"https:\/\/www.europesays.com\/fr\/wp-json\/wp\/v2\/posts\/380059\/revisions"}],"wp:featuredmedia":[{"embeddable":true,"href":"https:\/\/www.europesays.com\/fr\/wp-json\/wp\/v2\/media\/380060"}],"wp:attachment":[{"href":"https:\/\/www.europesays.com\/fr\/wp-json\/wp\/v2\/media?parent=380059"}],"wp:term":[{"taxonomy":"category","embeddable":true,"href":"https:\/\/www.europesays.com\/fr\/wp-json\/wp\/v2\/categories?post=380059"},{"taxonomy":"post_tag","embeddable":true,"href":"https:\/\/www.europesays.com\/fr\/wp-json\/wp\/v2\/tags?post=380059"}],"curies":[{"name":"wp","href":"https:\/\/api.w.org\/{rel}","templated":true}]}}