{"id":380063,"date":"2025-09-10T10:45:12","date_gmt":"2025-09-10T10:45:12","guid":{"rendered":"https:\/\/www.europesays.com\/fr\/380063\/"},"modified":"2025-09-10T10:45:12","modified_gmt":"2025-09-10T10:45:12","slug":"football-noe-bijou-ex-asnl-et-usa-rebondit-en-regional-1","status":"publish","type":"post","link":"https:\/\/www.europesays.com\/fr\/380063\/","title":{"rendered":"Football. No\u00e9 Bijou (ex ASNL et USA) rebondit en R\u00e9gional 1"},"content":{"rendered":"<p>No\u00e9 Bijou a pris son temps. Mais il a trouv\u00e9 chaussure \u00e0 son pied. Et c\u2019est en R\u00e9gional 1, sous le maillot de Pagny-sur-Moselle et sous la direction du nouvel entra\u00eeneur des \u00ab\u00a0jaunards\u00a0\u00bb Farez Brahmia, qu\u2019il va poursuivre sa carri\u00e8re de footballeur, <a href=\"https:\/\/www.estrepublicain.fr\/sport\/2025\/06\/23\/noe-bijou-de-retour-des-etats-unis-diplome-et-sur-le-marche\" target=\"_blank\" rel=\"noopener\">apr\u00e8s quatre ann\u00e9es pass\u00e9es en facult\u00e9 am\u00e9ricaine<\/a>.<\/p>\n<p>On se souvient qu\u2019en 2021, l\u2019ex U19 de l\u2019ASNL avait choisi de concilier football (dans le championnat NCAA) et \u00e9tudes aux USA. Un ambitieux projet qu\u2019il a men\u00e9 \u00e0 bien, allant au bout de son cursus universitaire, avec en poche un dipl\u00f4me en management du sport.<\/p>\n<p>Rentr\u00e9 au pays au d\u00e9but de l\u2019\u00e9t\u00e9, le solide d\u00e9fenseur nous avait indiqu\u00e9 qu\u2019il cherchait \u00ab\u00a0un bon projet sportif\u00a0\u00bb dans un club de R1 \u00e0 N2 de la r\u00e9gion. Il a donc \u00e9t\u00e9 s\u00e9duit par celui de l\u2019AS Pagny avec laquelle il s\u2019appr\u00eate \u00e0 retrouver les terrains lorrains.<\/p>\n","protected":false},"excerpt":{"rendered":"No\u00e9 Bijou a pris son temps. Mais il a trouv\u00e9 chaussure \u00e0 son pied. Et c\u2019est en R\u00e9gional&hellip;\n","protected":false},"author":2,"featured_media":380064,"comment_status":"","ping_status":"","sticky":false,"template":"","format":"standard","meta":{"footnotes":""},"categories":[1589],"tags":[11,42991,1704,1706,73,1866,107,1701,63,1702,12,24496,517,1700,1864,1865,1863,308],"class_list":{"0":"post-380063","1":"post","2":"type-post","3":"status-publish","4":"format-standard","5":"has-post-thumbnail","7":"category-etats-unis","8":"tag-actualites","9":"tag-cc-du-bassin-de-pont-a-mousson-54c1","10":"tag-edition-nancy-et-agglomeration","11":"tag-edition-pont-a-mousson","12":"tag-etats-unis","13":"tag-etats-unis-damerique","14":"tag-fil-info","15":"tag-fil-info-sport","16":"tag-football","17":"tag-nancy","18":"tag-news","19":"tag-pagny-sur-moselle","20":"tag-sport","21":"tag-sport-lorrain","22":"tag-united-states","23":"tag-united-states-of-america","24":"tag-us","25":"tag-usa"},"share_on_mastodon":{"url":"https:\/\/pubeurope.com\/@fr\/115179601859058619","error":""},"_links":{"self":[{"href":"https:\/\/www.europesays.com\/fr\/wp-json\/wp\/v2\/posts\/380063","targetHints":{"allow":["GET"]}}],"collection":[{"href":"https:\/\/www.europesays.com\/fr\/wp-json\/wp\/v2\/posts"}],"about":[{"href":"https:\/\/www.europesays.com\/fr\/wp-json\/wp\/v2\/types\/post"}],"author":[{"embeddable":true,"href":"https:\/\/www.europesays.com\/fr\/wp-json\/wp\/v2\/users\/2"}],"replies":[{"embeddable":true,"href":"https:\/\/www.europesays.com\/fr\/wp-json\/wp\/v2\/comments?post=380063"}],"version-history":[{"count":0,"href":"https:\/\/www.europesays.com\/fr\/wp-json\/wp\/v2\/posts\/380063\/revisions"}],"wp:featuredmedia":[{"embeddable":true,"href":"https:\/\/www.europesays.com\/fr\/wp-json\/wp\/v2\/media\/380064"}],"wp:attachment":[{"href":"https:\/\/www.europesays.com\/fr\/wp-json\/wp\/v2\/media?parent=380063"}],"wp:term":[{"taxonomy":"category","embeddable":true,"href":"https:\/\/www.europesays.com\/fr\/wp-json\/wp\/v2\/categories?post=380063"},{"taxonomy":"post_tag","embeddable":true,"href":"https:\/\/www.europesays.com\/fr\/wp-json\/wp\/v2\/tags?post=380063"}],"curies":[{"name":"wp","href":"https:\/\/api.w.org\/{rel}","templated":true}]}}