{"id":380081,"date":"2025-09-10T10:55:16","date_gmt":"2025-09-10T10:55:16","guid":{"rendered":"https:\/\/www.europesays.com\/fr\/380081\/"},"modified":"2025-09-10T10:55:16","modified_gmt":"2025-09-10T10:55:16","slug":"top-14-je-suis-sous-leau-mais-je-croque-a-fond-camille-lopez-bayonne-raconte-sa-nouvelle-vie-dentraineur","status":"publish","type":"post","link":"https:\/\/www.europesays.com\/fr\/380081\/","title":{"rendered":"Top 14 &#8211; \u00ab\u00a0Je suis sous l\u2019eau, mais je croque \u00e0 fond\u00a0\u00bb\u00a0: Camille Lopez (Bayonne) raconte sa nouvelle vie d\u2019entra\u00eeneur"},"content":{"rendered":"<p>\n                Apr\u00e8s une longue et riche carri\u00e8re de joueur, Camille Lopez (36 ans) a int\u00e9gr\u00e9, cet \u00e9t\u00e9, le staff de l\u2019Aviron bayonnais. Mardi soir, sur la terrasse du Campus de Jean-Dauger, il a racont\u00e9, en d\u00e9tail, les contours d\u2019une nouvelle vie prenante, dans laquelle l\u2019ancien ouvreur s\u2019\u00e9panouit pleinement.\n            <\/p>\n<p><strong>Comment se passe votre nouvelle vie d\u2019entra\u00eeneur\u00a0?<\/strong><br \/>Bien\u00a0! Je d\u00e9couvre, j\u2019apprends. Franchement, je prends du plaisir. Je ne suis pas \u00e9tonn\u00e9 l\u00e0-dessus, car je suis un passionn\u00e9 de ce sport. J\u2019avais conscience de certains points en tant que joueur, car, avec mon poste strat\u00e9gique, je participais \u00e0 des r\u00e9unions, mais je ne savais pas que d\u2019autres choses se passaient comme \u00e7a.<\/p>\n<p><strong>C\u2019est-\u00e0-dire\u00a0?<\/strong><br \/>Quand j\u2019\u00e9tais joueur, on se disait : \u00ab\u00a0Mais qu\u2019est-ce que les entra\u00eeneurs foutent pendant autant de temps dans ce bureau\u00a0? On a un plan de jeu, un syst\u00e8me\u2026\u201d Maintenant que j\u2019ai bascul\u00e9 de l\u2019autre c\u00f4t\u00e9, je vois que les amplitudes horaires sont compl\u00e8tement diff\u00e9rentes. \u00c7a a \u00e9t\u00e9 un sacr\u00e9 changement et c\u2019est un rythme \u00e0 prendre. Je suis en train de m\u2019y habituer, petit \u00e0 petit. J\u2019arrive un peu avant 7\u00a0heures au stade et je repars vers 18\u00a0heures, et encore\u2026 J\u2019essaye de ne pas partir trop tard car j\u2019ai une vie de famille \u00e0 c\u00f4t\u00e9. C\u2019est un \u00e9quilibre \u00e0 trouver.<\/p>\n<blockquote>\n<p>Quand les entra\u00eenements ont repris, cet \u00e9t\u00e9, \u00e7a ne me manquait pas de faire du physique, car ce n\u2019\u00e9tait pas ma tasse de th\u00e9<\/p>\n<\/blockquote>\n<p><strong>Et vous n\u2019\u00eates qu\u2019entra\u00eeneur adjoint\u2026<\/strong><br \/>C\u2019est s\u00fbr\u00a0! Apr\u00e8s, j\u2019ai la chance d\u2019avoir int\u00e9gr\u00e9 un staff o\u00f9 on m\u2019int\u00e9resse \u00e0 toutes sortes de sujets. On ne se contente pas de me dire\u00a0: \u00ab\u00a0Tu t\u2019occupes de \u00e7a\u00a0\u00bb. Ged (Fraser) et Greg (Patat), qui sont au-dessus de moi, sont hyper int\u00e9ressants dans leur mani\u00e8re d\u2019aborder le tout, on est beaucoup dans l\u2019\u00e9change.<\/p>\n<p><strong>Avant d\u2019\u00e9voquer en longueur votre nouveau r\u00f4le, avez-vous ressenti cette petite mort du sportif lorsque vous avez raccroch\u00e9 les crampons\u00a0?<\/strong><br \/>Pour le moment, je ne la ressens pas. Quand les entra\u00eenements ont repris, cet \u00e9t\u00e9, \u00e7a ne me manquait pas de faire du physique, car ce n\u2019\u00e9tait pas ma tasse de th\u00e9. Jouer au rugby, lire des situations, distribuer, faire des coups gagnants et\u00a0m\u2019amuser, \u00e7a me plaisait et \u00e7a manque toujours un peu, mais franchement, \u00e7a va. La seule peur que j\u2019avais, c\u2019\u00e9tait le match. Sur le premier amical, j\u2019avais envie de jouer. Si j\u2019avais pu faire d\u2019autres ann\u00e9es en ne participant qu\u2019aux matchs, je l\u2019aurais fait, mais malheureusement, aujourd\u2019hui, tu ne peux pas. Franchement, je pense le vivre assez bien et j\u2019ai la chance de m\u2019\u00e9panouir dans ce que je fais.<\/p>\n<p><strong>Vous restez, toutefois, un entra\u00eeneur actif sur le terrain\u2026<\/strong><br \/>Oui et je ne ressens pas cette petite mort car je suis au c\u0153ur du truc, sur le terrain. Je vis au quotidien avec les mecs, j\u2019ai chang\u00e9 de statut, mais il n\u2019y a quasiment rien qui a chang\u00e9.<\/p>\n<p><strong>N\u2019\u00e9tiez-vous d\u00e9j\u00e0 pas, un peu, entra\u00eeneur-joueur l\u2019an pass\u00e9\u00a0?<\/strong><br \/>Non, je restais \u00e0 ma place, mais notre staff est ouvert \u00e0 l\u2019\u00e9change et dans le projet de jeu, les joueurs ont toujours \u00e9t\u00e9 int\u00e9ress\u00e9s. Pratiquer des strat\u00e9gies, analyser l\u2019autre \u00e9quipe, voir les lancements que l\u2019on peut faire pour essayer de cr\u00e9er quelque chose, sont des trucs qui me plaisaient.<\/p>\n<p><strong>Concr\u00e8tement, quel est votre champ d\u2019action\u00a0?<\/strong><br \/>Je suis sur l\u2019aspect strat\u00e9gique du jeu au pied. J\u2019accompagne les buteurs. J\u2019ai aussi l\u2019aspect des sorties de camp. C\u2019est hyper important aujourd\u2019hui. C\u2019est large, parce que \u00e7a concerne le jeu courant, la touche, la m\u00eal\u00e9e. Enfin, tout le monde m\u2019int\u00e8gre dans le syst\u00e8me offensif. M\u00eame si Nick (Abendanon) a bascul\u00e9 sur un r\u00f4le d\u2019entra\u00eeneur de la d\u00e9fense, on \u00e9change sur son secteur et il \u00e9change avec nous sur l\u2019attaque, les trois-quarts.<\/p>\n<blockquote>\n<p>Je me suis quasiment cass\u00e9 la voix sur le premier match contre Biarritz, mais \u00e7a ne sert \u00e0 rien. Lorsque j\u2019\u00e9tais joueur, je n\u2019entendais pas l\u2019entra\u00eeneur qui criait sur le bord du terrain. Mais inconsciemment, tu le fais, car tu as l\u2019impression d\u2019\u00eatre l\u00e0, avec eux.<\/p>\n<\/blockquote>\n<p><strong>\u00cates-vous force de proposition ou ressentez-vous un complexe par rapport aux autres entra\u00eeneurs, qui sont plus exp\u00e9riment\u00e9s\u00a0?<\/strong><br \/>Le staff veut que je ne sois pas en retrait, mais j\u2019ai dit \u00e0 Greg que je pr\u00e9f\u00e9rais \u00eatre force de proposition sur des choses que j\u2019ai v\u00e9cues, m\u00eame parfois hors rugby. J\u2019ai \u00e9t\u00e9 proche des joueurs il n\u2019y a pas si longtemps, je sais les attentes qu\u2019ils ont. S\u2019ils ont quelque chose \u00e0 dire, je ne veux pas que \u00e7a reste dans le vestiaire. Ce serait b\u00eate qu\u2019on n\u2019arrive pas \u00e0 communiquer. Si je peux \u00eatre ce relais-l\u00e0, c\u2019est int\u00e9ressant. Je dis \u00e0 Greg ce que je pense, il prend ou ne prend pas. C\u2019est lui le boss.<\/p>\n<p><strong>Avez-vous eu besoin de mettre des barri\u00e8res avec les joueurs, ou le fait que vous ne soyez pas d\u00e9cisionnaire, par exemple, sur la composition d\u2019\u00e9quipe n\u2019oblige pas \u00e7a\u00a0?<\/strong><br \/>Non. On a l\u2019habitude de manger, le midi, avec une table du staff d\u2019un c\u00f4t\u00e9 et les joueurs de l\u2019autre. J\u2019ai demand\u00e9 \u00e0 Greg si c\u2019\u00e9tait d\u00e9rangeant que je mange avec les joueurs. Il m\u2019a dit que non. Je ne suis pas d\u00e9cisionnaire, mais si je dois donner mon avis sur la composition d\u2019\u00e9quipe, \u00e7a ne me posera aucun probl\u00e8me. Si je dis un truc au staff en haut et qu\u2019en bas, je dis l\u2019inverse aux joueurs, \u00e7a ne peut pas marcher. Tant que tu es droit avec les mecs\u2026<\/p>\n<p><strong>Qu\u2019est-ce qui vous manque le plus, aujourd\u2019hui\u00a0?<\/strong><br \/>Le match, la comp\u00e9tition et le vestiaire. Tu vis des moments forts, au quotidien, pendant la semaine d\u2019entra\u00eenement. Le jour du match, je me change, je vais dehors pour pr\u00e9parer l\u2019\u00e9chauffement. M\u00eame si je suis dans le vestiaire, c\u2019est diff\u00e9rent. Tu manques des moments. Tu as envie de vivre les discours, les regards. Ce sont des choses que je n\u2019ai plus trop.<\/p>\n<p><strong>Malgr\u00e9 tout, vous avez v\u00e9cu pleinement le match contre l\u2019Usap\u2026<\/strong><br \/>J\u2019esp\u00e8re que tous les matchs ne seront pas comme \u00e7a. C\u2019est dur. La frustration vient du fait que tu n\u2019aies aucun impact, alors que quand tu joues, tu peux te l\u00e2cher. Je me suis quasiment cass\u00e9 la voix sur le premier match contre Biarritz, mais \u00e7a ne sert \u00e0 rien. Lorsque j\u2019\u00e9tais joueur, je n\u2019entendais pas l\u2019entra\u00eeneur qui criait sur le bord du terrain. Mais inconsciemment, tu le fais, car tu as l\u2019impression d\u2019\u00eatre l\u00e0, avec eux. Je ne savais pas comment agir, je ne l\u2019ai pas calcul\u00e9. C\u2019est sorti naturellement. Des fois, ce n\u2019est pas bon, car les bords de terrain sont bourr\u00e9s de micros, des choses peuvent m\u2019\u00e9chapper, mais je suis novice, je ne ma\u00eetrise pas tout.<\/p>\n<p><strong>Gr\u00e9gory Patat, lui, arrive \u00e0 \u00eatre tr\u00e8s froid \u00e0 vos c\u00f4t\u00e9s\u2026<\/strong><br \/>Nous sommes compl\u00e8tement oppos\u00e9s sur \u00e7a, mais on ne va pas comparer Greg Patat et Camille Lopez. Il y a le grand monsieur et le petit nouveau qui d\u00e9bute.<\/p>\n<p><strong>Est-ce lui qui a demand\u00e9 que vous soyez en bas\u00a0?<\/strong><br \/>Ce n\u2019est pas moi qui ai d\u00e9cid\u00e9. C\u2019est le boss. J\u2019avais certains agissements qui pouvaient ne pas \u00eatre bons lorsque je sortais du terrain et que j\u2019\u00e9tais derri\u00e8re lui. Je pense qu\u2019il s\u2019est pos\u00e9 la question de me mettre en haut, mais Nick, qui \u00e9tait assistant terrain, a pris la d\u00e9fense et d\u2019en haut, tu vois mieux.<\/p>\n<p><strong>Comment travaillez-vous avec Joris Segonds\u00a0?<\/strong><br \/>Le but, c\u2019est que \u00e7a reste fluide. Je ne vais rien lui changer ou lui apporter. Il a suffisamment d\u2019exp\u00e9rience. Il a encore d\u00e9montr\u00e9, samedi, que tout roulait. Par rapport \u00e0 des situations, on va d\u00e9briefer strat\u00e9giquement, mais on le faisait un peu l\u2019an pass\u00e9.<\/p>\n<p>        <img decoding=\"async\" class=\"std-img__img responsive-img\" src=\"https:\/\/www.europesays.com\/fr\/wp-content\/uploads\/2025\/09\/1757501715_166_image.jpg\" alt=\"Apr\u00e8s avoir \u00e9t\u00e9 co\u00e9quipiers au m\u00eame poste, Joris Segonds et Camille Lopez ont une relation de joueur \u00e0 entra\u00eeneur.\"\/><\/p>\n<p>                Apr\u00e8s avoir \u00e9t\u00e9 co\u00e9quipiers au m\u00eame poste, Joris Segonds et Camille Lopez ont une relation de joueur \u00e0 entra\u00eeneur.<br \/>\n                                    Icon Sport &#8211; Alexandre Dimou<\/p>\n<p><strong>Quid du jeu au pied\u00a0?<\/strong><br \/>Joris a suffisamment d\u00e9montr\u00e9 qu\u2019il avait un super-pouvoir avec cette longueur au pied et cette pr\u00e9cision. Sur le c\u00f4t\u00e9 tir au but, il peut et il faut qu\u2019il aille chercher plus loin. J\u2019ai discut\u00e9 avec lui, en d\u00e9but de saison, par rapport \u00e0 ce que je pouvais attendre sur des pourcentages, j\u2019ai essay\u00e9 de lui mettre un petit objectif pour le stimuler, tout simplement, mais je ne vais pas lui apprendre \u00e0 buter. C\u2019est un tr\u00e8s grand buteur et je ne vais pas lui dire : \u00ab\u00a0Lundi tu fais ci, mardi \u00e7a\u00a0\u00bb. Avec Gareth (Anscombe), ils ont suffisamment d\u2019exp\u00e9rience.<\/p>\n<p><strong>Qu\u2019en est-il de votre relation avec Cheikh Tiberghien\u00a0?<\/strong><br \/>Je l\u2019ai connu \u00e0 Clermont, on a une relation plus proche qu\u2019avec certains joueurs. L\u2019an dernier, il est venu me poser des questions car \u00e7a l\u2019int\u00e9ressait, il avait envie. On continue, l\u00e0. Mais je ne suis pas l\u00e0 pour expliquer \u00e0 qui que ce soit le rugby et comment on va jouer. Par contre, s\u2019ils sont demandeurs, je suis l\u00e0 pour essayer de leur r\u00e9pondre. J\u2019ai \u00e9chang\u00e9 avec Baptiste Germain. Pour moi, il a une certaine exp\u00e9rience, il a v\u00e9cu des choses, mais avec un joueur comme Tom (Spring) ou Yohan (Orab\u00e9), qui a commenc\u00e9 \u00e0 buter, on va essayer de peaufiner des choses.<\/p>\n<blockquote>\n<p>Le rugby ? J\u2019ai tout coup\u00e9. Pour le moment, je n\u2019ai strictement rien fait, mais il va falloir que je reprenne une petite activit\u00e9, sinon, mon corps va me le faire payer. Passer de tout \u00e0 rien, ce n\u2019est pas bon. \u00c7a va me faire du bien pour couper avec le rugby.<\/p>\n<\/blockquote>\n<p><strong>Ce r\u00f4le d\u2019adjoint vous donne-t-il envie de voir plus loin\u00a0?<\/strong><br \/>Aujourd\u2019hui, c\u2019est tout frais et j\u2019aime \u00e7a. C\u2019est certain. Ma femme d\u00e9couvre une autre facette de moi. Le soir, j\u2019essaye de fermer mon ordinateur le temps de manger avec les enfants, mais quand ils sont couch\u00e9s, je le r\u00e9-ouvre. C\u2019est le d\u00e9but, j\u2019y vais \u00e0 fond, mais c\u2019est trop t\u00f4t pour parler de la suite. Est-ce que je vais devenir un grand entra\u00eeneur comme ceux que je c\u00f4toie\u00a0? C\u2019est trop t\u00f4t pour le dire. Je l\u2019esp\u00e8re, car j\u2019aime ce sport. Pour le moment, je ne me vois pas du tout dans un autre r\u00f4le qu\u2019adjoint. Je pense que je ne suis pas fait pour occuper un r\u00f4le comme Greg pour le moment. J\u2019ai besoin de ce c\u00f4t\u00e9 terrain, d\u2019\u00eatre avec les trois-quarts.<\/p>\n<p><strong>Avez-vous des inspirations\u00a0?<\/strong><br \/>Non pas forc\u00e9ment. Je prends exemple sur ce que j\u2019ai \u00e0 c\u00f4t\u00e9 de moi. \u00ab\u00a0Ged\u00a0\u00bb Fraser est un monstre, une machine dans ce r\u00f4le-l\u00e0. Il va \u00e0 10\u00a0000. Il a une capacit\u00e9 d\u2019analyse\u2026 Je vais devoir revoir trois fois quelque chose, \u00e0 l\u2019entra\u00eenement, qu\u2019il aura identifi\u00e9 en une seule fois. Je ne sais pas comment il fait. Il est gentil avec moi et il ne me d\u00e9courage pas. Il me dit que, lui aussi, il a mis du temps.<\/p>\n<p><strong>Avez-vous parl\u00e9 de cette nouvelle vie avec Morgan Parra, dont vous \u00eates tr\u00e8s proche\u00a0?<\/strong><br \/>Forc\u00e9ment. Morgan conna\u00eet ma passion pour ce sport-l\u00e0 et il m\u2019avait pr\u00e9venu que c\u2019\u00e9tait prenant. Il avait raison\u2026 Je ne vais pas mentir, je suis sous l\u2019eau entre \u00e7a et la formation. Je ne touche pas terre, mais j\u2019aime \u00e7a, donc je croque \u00e0 fond.<\/p>\n<p><strong>Comment concilier ce nouveau travail avec l\u2019\u00e9quilibre familial\u00a0?<\/strong><br \/>Je vais le prendre en compte. Je le dis en rigolant, mais je l\u2019ai au plus profond de moi\u00a0: je n\u2019ai pas envie de divorcer au bout de quatre mois. J\u2019ai une belle famille, je ne veux pas tout perdre pour un changement de r\u00f4le. C\u2019est un nouveau rythme, un \u00e9quilibre \u00e0 trouver. Quand tu as la t\u00eate dans le guidon, c\u2019est ni bon pour le c\u00f4t\u00e9 rugby, ni pour le c\u00f4t\u00e9 famille. Mes enfants vont reprendre les activit\u00e9s sportives avec la rentr\u00e9e, il faudra que je les am\u00e8ne si ma femme a des rendez-vous. Il faudra que je sois l\u00e0 pour assumer ce r\u00f4le de p\u00e8re qui existe toujours.<\/p>\n<p>        <img decoding=\"async\" class=\"std-img__img responsive-img\" src=\"https:\/\/www.europesays.com\/fr\/wp-content\/uploads\/2025\/09\/1757501716_472_image.jpg\" alt=\"Camille Lopez, d\u00e9sormais dans le staff de l'Aviron bayonnais.\"\/><\/p>\n<p>                Camille Lopez, d\u00e9sormais dans le staff de l&rsquo;Aviron bayonnais.<br \/>\n                                    Icon Sport &#8211; Alexandre Dimou<\/p>\n<p><strong>Avez-vous totalement arr\u00eat\u00e9 le sport depuis votre fin de carri\u00e8re\u00a0?<\/strong><br \/>Oui, j\u2019ai tout coup\u00e9. J\u2019ai tous les appareils en bas du bureau, mais faire du v\u00e9lo ou du rameur, je n\u2019aime pas. Un padel, une pelote, un foot \u00e0 cinq, \u00e7a m\u2019int\u00e9resse, mais \u00e7a prend plus de temps que 30 minutes de v\u00e9lo. Pour le moment, je n\u2019ai strictement rien fait, mais il va falloir que je reprenne une petite activit\u00e9, sinon, mon corps va me le faire payer. Passer de tout \u00e0 rien, ce n\u2019est pas bon. \u00c7a va me faire du bien pour couper avec le rugby.<\/p>\n<p><strong>Qu\u2019est-ce qui est le plus int\u00e9ressant dans votre nouvelle vie\u00a0?<\/strong><br \/>L\u2019interaction que j\u2019ai, dans le staff, avec tous les autres membres, sur le rugby ou sur le reste. Je d\u00e9couvre ces \u00e9changes. Il y avait la vie de groupe en tant que joueur. L\u00e0, on est moins nombreux, mais on n\u2019est pas mal, aussi. Il y a quelque chose \u00e0 cr\u00e9er, l\u00e0 aussi, et j\u2019ai des id\u00e9es pour faire vivre ce staff.<\/p>\n<p><strong>Finalement, n\u2019est-ce pas logique de vous voir int\u00e9grer un staff\u00a0?<\/strong><br \/>Je ne sais pas, mais en tout cas, j\u2019aime \u00e7a. Je ne suis personne et on verra ce que \u00e7a va donner. Aujourd\u2019hui, c\u2019est trop t\u00f4t pour dire que c\u2019est une suite logique.<\/p>\n","protected":false},"excerpt":{"rendered":"Apr\u00e8s une longue et riche carri\u00e8re de joueur, Camille Lopez (36 ans) a int\u00e9gr\u00e9, cet \u00e9t\u00e9, le staff&hellip;\n","protected":false},"author":2,"featured_media":380082,"comment_status":"","ping_status":"","sticky":false,"template":"","format":"standard","meta":{"footnotes":""},"categories":[1416],"tags":[1011,27,479,1468,60],"class_list":{"0":"post-380081","1":"post","2":"type-post","3":"status-publish","4":"format-standard","5":"has-post-thumbnail","7":"category-rugby","8":"tag-fr","9":"tag-france","10":"tag-rugby","11":"tag-rugby-football","12":"tag-sports"},"share_on_mastodon":{"url":"https:\/\/pubeurope.com\/@fr\/115179639638491653","error":""},"_links":{"self":[{"href":"https:\/\/www.europesays.com\/fr\/wp-json\/wp\/v2\/posts\/380081","targetHints":{"allow":["GET"]}}],"collection":[{"href":"https:\/\/www.europesays.com\/fr\/wp-json\/wp\/v2\/posts"}],"about":[{"href":"https:\/\/www.europesays.com\/fr\/wp-json\/wp\/v2\/types\/post"}],"author":[{"embeddable":true,"href":"https:\/\/www.europesays.com\/fr\/wp-json\/wp\/v2\/users\/2"}],"replies":[{"embeddable":true,"href":"https:\/\/www.europesays.com\/fr\/wp-json\/wp\/v2\/comments?post=380081"}],"version-history":[{"count":0,"href":"https:\/\/www.europesays.com\/fr\/wp-json\/wp\/v2\/posts\/380081\/revisions"}],"wp:featuredmedia":[{"embeddable":true,"href":"https:\/\/www.europesays.com\/fr\/wp-json\/wp\/v2\/media\/380082"}],"wp:attachment":[{"href":"https:\/\/www.europesays.com\/fr\/wp-json\/wp\/v2\/media?parent=380081"}],"wp:term":[{"taxonomy":"category","embeddable":true,"href":"https:\/\/www.europesays.com\/fr\/wp-json\/wp\/v2\/categories?post=380081"},{"taxonomy":"post_tag","embeddable":true,"href":"https:\/\/www.europesays.com\/fr\/wp-json\/wp\/v2\/tags?post=380081"}],"curies":[{"name":"wp","href":"https:\/\/api.w.org\/{rel}","templated":true}]}}