{"id":380083,"date":"2025-09-10T10:56:10","date_gmt":"2025-09-10T10:56:10","guid":{"rendered":"https:\/\/www.europesays.com\/fr\/380083\/"},"modified":"2025-09-10T10:56:10","modified_gmt":"2025-09-10T10:56:10","slug":"victoria-rodriguez-tiantsoa-sarah-rakotomanga-rajaonah-en-direct-lequipe","status":"publish","type":"post","link":"https:\/\/www.europesays.com\/fr\/380083\/","title":{"rendered":"Victoria Rodriguez &#8211; Tiantsoa Sarah Rakotomanga Rajaonah en direct &#8211; L&#039;\u00c9quipe"},"content":{"rendered":"<ol>\n<li><a href=\"https:\/\/news.google.com\/rss\/articles\/CBMi5gFBVV95cUxNR3VXSW1QYTdNYnBQTjB6U1VzOW5lVlZ5QWN0Z0NWSG5ncFpJRmMxZXZjcjdvZ3lZM3lZVnJhZGkxeXJmZ2QyOTFnem5MMkVDck9rXzgxS1lDRElPUWZPZ0FIYl9lUUpHcDYxSVROaWs2djhUWDE4VnRwMTFHUV9HOE9SWXBzdjVYRWZSems2ZFRoSUVvc2poeG9jQkhtRE1jd05QZmtCS01CZHVZUHY3Z0xlTk52amNrcncwQ0ZnTmJHb2d6T3BmclUzNVNUVkFLWE0xcjlJY1E5TzNuMnRFT3E3bXYtZw?oc=5\" target=\"_blank\" rel=\"noopener\">Victoria Rodriguez &#8211; Tiantsoa Sarah Rakotomanga Rajaonah en direct<\/a>&nbsp;&nbsp;L&rsquo;\u00c9quipe<\/li>\n<li><a href=\"https:\/\/news.google.com\/rss\/articles\/CBMiiwJBVV95cUxNMlczQ05yLXl0Z2xpMzR5bGNma3c1RG1LVDJmSDg2R1BJUmpZdFVBYWdoS1UyeVhRMmRfcXZJMzdiRzdTSDlFQWIwY2RwUkkzamdZM3hBSmZjUUI5SVl0LVIxU3RFTDc0dXV2MTltMkUtRVpKYTJKcFJWTll1UmNOQlZKQTJMNFdtSWZHSlFrMmVRYVVwUldNSmR4VjFuV3RKSlVhdzZRM3lrcURidk9GMlR4MUxaWGEzc2FOaU9JRndpMDVHX0FRTjNxNjVJd0l3SkFTbjVnV1E2OFBINHZ1RzcxekNDMlY5QkV3bjNBRlN4VVRPV0dMQmRMNlBTWUdMQ01jSjBiZG9PWlk?oc=5\" target=\"_blank\" rel=\"noopener\">Men\u00e9e 5-0 dans le troisi\u00e8me set, la jeune Fran\u00e7aise Tiantsoa Sarah Rakotomanga Rajaonah cr\u00e9\u00e9e l&rsquo;exploit au premier tour \u00e0 Sao Paulo<\/a>&nbsp;&nbsp;L&rsquo;\u00c9quipe<\/li>\n<li><a href=\"https:\/\/news.google.com\/rss\/articles\/CBMisAFBVV95cUxNOWkwblFtQlJGdUdRYmZCTnlrZFByaVZCUEU5amZINjhqaWtWdnc0UGdPWjd6ZVhfTm9FY2QwbDRSWEprSWhYZVRzNmZtQUJoWm1seE1vRk8zRl8tY1JxU2MwT0xqSEFFSFFyQ1laU2JpZ2llTWV1Snl3MkFzbVk5bXJETE5heDFOSUtnamMwaDFNOHNuclRWNkZTR2JVOHNNRjlCT2dUcG1iNWo5ZEpMWdIBrwFBVV95cUxQc291ZU1oZzBCNklBSGY0UnJWV2xGbUJwdV83aTAyLXFOY2xOc1NCcHRuUTE2cGRPX1ZTQ0R5UzY1ZXNDMDI0M2NjYm9YT05QYW5HdnlhQ0Mzbi1uZ1FublJmZDdmWkctYThGMTVtZnRVdUpaR1g2RVdrLTdoT0M3Si1YZ29fV2t3V1BYb0luS1g4QVpRYTBITW04RHJZb0dGM2hKX01Yc1pUeXhOOFd3?oc=5\" target=\"_blank\" rel=\"noopener\">WTA &#8211; Sao Paulo : Mansouri sortie d&rsquo;entr\u00e9e par Eala<\/a>&nbsp;&nbsp;Orange Actualit\u00e9s | Sports<\/li>\n<li><a href=\"https:\/\/news.google.com\/rss\/articles\/CBMizwFBVV95cUxNSWg5bXRxdVBkYWY2cFJCQ2tuTGxQTHlQdC1hSjFVZW1YcldwdEEzV0dGcUhuVzZKb2FLakJ3ajNOUEY2NTQxQUEtOWNJX3F4ZWRhZFhvQm1ib19oQVIxTmZibUFZV09fdVBLQmVQRzB6SlRSSU9XWEN2M3ZtRmNUOE9vYnJnd1dYSW16S0hlUWt5UFJKZlNKOUJ3ZlVXYVdWaEFpc0JVVW00UzhSOEdjbnlaNjYtXzBHNW9mS2x6MWZoN21TYXJIQ3FXQU42aGM?oc=5\" target=\"_blank\" rel=\"noopener\">Tennis : l\u2019incroyable remont\u00e9e d\u2019une Fran\u00e7aise \u00e0 S\u00e3o Paulo men\u00e9e 5-0 dans le troisi\u00e8me set<\/a>&nbsp;&nbsp;Le Figaro<\/li>\n<li><a href=\"https:\/\/news.google.com\/rss\/articles\/CBMiigFBVV95cUxObFZBLVA0aGlzRjNDRWZnWWh3Q0diVVJudVF6cmRUeXFmQXNQTDBWaG1TRHB6YzFROXlLQWFoLVNCeTkwTzZYdk9DZnhVUzVCMEFlTTQzb05raFFWOGhIS3lDbHRCRk9GcU4zbjdQLUM1a1lTXzFPOUhaZ3gtRTdMLVAxOTBxRGhzc0E?oc=5\" target=\"_blank\" rel=\"noopener\">Sao Paulo: Jeanjean tombe de haut<\/a>&nbsp;&nbsp;MSN<\/li>\n<\/ol>\n","protected":false},"excerpt":{"rendered":"Victoria Rodriguez &#8211; Tiantsoa Sarah Rakotomanga Rajaonah en direct&nbsp;&nbsp;L&rsquo;\u00c9quipe Men\u00e9e 5-0 dans le troisi\u00e8me set, la jeune Fran\u00e7aise&hellip;\n","protected":false},"author":2,"featured_media":1983,"comment_status":"","ping_status":"","sticky":false,"template":"","format":"standard","meta":{"footnotes":""},"categories":[1415],"tags":[1011,27,60,1467],"class_list":{"0":"post-380083","1":"post","2":"type-post","3":"status-publish","4":"format-standard","5":"has-post-thumbnail","7":"category-tennis","8":"tag-fr","9":"tag-france","10":"tag-sports","11":"tag-tennis"},"share_on_mastodon":{"url":"https:\/\/pubeurope.com\/@fr\/115179643405130392","error":""},"_links":{"self":[{"href":"https:\/\/www.europesays.com\/fr\/wp-json\/wp\/v2\/posts\/380083","targetHints":{"allow":["GET"]}}],"collection":[{"href":"https:\/\/www.europesays.com\/fr\/wp-json\/wp\/v2\/posts"}],"about":[{"href":"https:\/\/www.europesays.com\/fr\/wp-json\/wp\/v2\/types\/post"}],"author":[{"embeddable":true,"href":"https:\/\/www.europesays.com\/fr\/wp-json\/wp\/v2\/users\/2"}],"replies":[{"embeddable":true,"href":"https:\/\/www.europesays.com\/fr\/wp-json\/wp\/v2\/comments?post=380083"}],"version-history":[{"count":0,"href":"https:\/\/www.europesays.com\/fr\/wp-json\/wp\/v2\/posts\/380083\/revisions"}],"wp:featuredmedia":[{"embeddable":true,"href":"https:\/\/www.europesays.com\/fr\/wp-json\/wp\/v2\/media\/1983"}],"wp:attachment":[{"href":"https:\/\/www.europesays.com\/fr\/wp-json\/wp\/v2\/media?parent=380083"}],"wp:term":[{"taxonomy":"category","embeddable":true,"href":"https:\/\/www.europesays.com\/fr\/wp-json\/wp\/v2\/categories?post=380083"},{"taxonomy":"post_tag","embeddable":true,"href":"https:\/\/www.europesays.com\/fr\/wp-json\/wp\/v2\/tags?post=380083"}],"curies":[{"name":"wp","href":"https:\/\/api.w.org\/{rel}","templated":true}]}}