{"id":380084,"date":"2025-09-10T10:58:12","date_gmt":"2025-09-10T10:58:12","guid":{"rendered":"https:\/\/www.europesays.com\/fr\/380084\/"},"modified":"2025-09-10T10:58:12","modified_gmt":"2025-09-10T10:58:12","slug":"marc-marquez-peut-il-remporter-le-titre-des-ce-weekend","status":"publish","type":"post","link":"https:\/\/www.europesays.com\/fr\/380084\/","title":{"rendered":"Marc Marquez peut-il remporter le titre d\u00e8s ce weekend ?"},"content":{"rendered":"<p>\t\t\t<strong class=\"post-excerpt\"><\/p>\n<p itemprop=\"description\">Dominateur sur le championnat MotoGP cette ann\u00e9e, Marc Marquez peut-il \u00eatre titr\u00e9 d\u00e8s ce weekend ? Et \u00e0 quelles conditions.<\/p>\n<p><\/strong>\t\t<\/p>\n<p class=\"p1\">Depuis que la saison de MotoGP a d\u00e9but\u00e9, ce sont les fr\u00e8res Marquez qui m\u00e8nent la danse. Et tout particuli\u00e8rement Marc, d\u00e9j\u00e0 octuple champion du monde. Le pilote a d\u00e9j\u00e0 une telle avance qu\u2019il est d\u00e9j\u00e0 quasiment assur\u00e9 d\u2019\u00eatre champion une neuvi\u00e8me fois. \u00c0 quelle conditions ?<\/p>\n<p>   \t\t\t Marc Marquez champion, mais quand ? <\/p>\n<p class=\"p1\">Cela ne fait plus trop de doute. On peut presque le dire en \u00e9tant sur de ne pas se tromper\u2026 Marc Marquez va tr\u00e8s probablement \u00eatre champion du monde de MotoGP cette saison. <strong>Et ainsi devenir l\u2019\u00e9gal de <a href=\"https:\/\/www.sportauto.fr\/actu\/insolites-actu\/kimi-antonelli-valentino-rossi-karting-f1-moto-gp-test-2025-430403.html\" target=\"_blank\" rel=\"noopener\">Valentino Rossi<\/a> avec 9 nitr\u00e9s de champion du monde.<\/strong> Mais math\u00e9matiquement, ce n\u2019est pas encore fait.<br \/>Marc Marquez doit encore gagner quelques points pour s\u2019assurer du titre. Rappelons que pour le moment, l\u2019ain\u00e9 des deux fr\u00e8res m\u00e8ne la danse avec 487 points.<strong> Juste derri\u00e8re, son fr\u00e8re Alex accuse 182 points de retard au classement g\u00e9n\u00e9ral.<\/strong> Pire encore, le co\u00e9quipier de Marc Marquez chez Ducati, Francesco Bagnaia, accuse lui 250 points de retards apr\u00e8s les 15 premiers weekend de courses.<br \/>L\u2019octuple champion du monde aurait pu avoir la balle de match entre les mains d\u00e8s ce weekend \u00e0 Saint-Marin. Mais pour \u00e7a, il fallait reprendre au moins 10 points d\u2019avance \u00e0 <a href=\"https:\/\/www.sportauto.fr\/motogp\/motogp-grand-prix-catalogne-espagne-2025-quelle-heure-programme-horaire-tv-depart-course-dimanche-438110.html\" target=\"_blank\" rel=\"noopener\">Alex Marquez en Catalogne<\/a>.<strong> Ce fut chose faite le samedi en remportant <a href=\"https:\/\/www.sportauto.fr\/motogp\/motogp-grand-prix-hongrie-2025-programme-tv-sprint-samedi-437354.html\" target=\"_blank\" rel=\"noopener\">la course Sprint<\/a> et en reprenant 12 points d\u2019avance.<\/strong> Mais le dimanche, c\u2019est Alex qui a \u00e9t\u00e9 plus fort. R\u00e9sultat, sur l\u2019ensemble du weekend, le grand-fr\u00e8re n\u2019a pris que 7 points d\u2019avance. Pas suffisant.<\/p>\n<p> Une chance de titre \u00e0 Suzuka ? <\/p>\n<p class=\"p1\">\u00c0 date,<strong> il reste au maximum 259 points \u00e0 distribuer lors de cette saison 2025 de MotoGP.<\/strong> Avec 250 points de retard sur son co\u00e9quipier, Pecco Bagnaia sera potentiellement hors course d\u00e8s le<a href=\"https:\/\/www.motogp.com\/fr\/calendar\/2025\/event\/san-marino\/81a1f1c7-a9d3-48a1-a9e4-3dafd70726a4?tab=overview\" target=\"_blank\" rel=\"noopener\"> prochain Grand Prix de MotoGP.<\/a> Pass\u00e9 le weekend \u00e0 Misano, il y a de fortes chances que seul un Marquez puisse \u00eatre champion du monde.<br \/>Pour faire simple, <strong>si Marc Marquez termine 9\u00e8me ou mieux \u00e0 Misano, il sera assur\u00e9 d\u2019\u00eatre hors d\u2019atteinte de son co\u00e9quipier.<\/strong> En revanche, Il ne pourra pas se mettre \u00e0 l\u2019abri de son fr\u00e8re. Pour cela, il faudra attendre Suzuka.<br \/>On s\u2019explique en quelques chiffres. Pour devenir champion du monde de MotoGP 2025,<strong> le pilote espagnol a besoin d\u2019avoir plus de 222 points d\u2019avance sur son fr\u00e8re \u00e0 l\u2019issue du weekend de <a href=\"https:\/\/www.sportauto.fr\/motogp\/motogp-grand-prix-saint-marin-misano-2025-programme-horaires-tv-week-end-438614.html\" target=\"_blank\" rel=\"noopener\">course \u00e0 Misano.<\/a><\/strong> Sauf que c\u2019est impossible, puisqu\u2019un weekend (Sprint + Grand Prix) n\u2019a que 37 points \u00e0 offrir au maximum. Et qu\u2019actuellement il n\u2019a \u00ab\u00a0que\u00a0\u00bb 182 points d\u2019avance.<br \/>En revanche, \u00e0 l\u2019issue du Grand Prix MotoGP de Suzuka, Marquez pourra \u00eatre titr\u00e9.<\/p>\n<p class=\"p1\"><strong>\u00c0 quelle condition ? Qu\u2019il finisse le weekend avec plus de 185 points d\u2019avance sur son petit fr\u00e8re.<\/strong> Et pour cause, il ne restera plus que 185 points \u00e0 gagner jusqu\u2019\u00e0 la fin de saison. \u00c9videmment, nous esp\u00e9rons que le suspense dure le plus longtemps possible\u2026 Mais cela ne semble pas dans <a href=\"https:\/\/www.sportauto.fr\/motogp\/motogp-marc-marquez-est-redevenu-mutant-davant-435654.html\" target=\"_blank\" rel=\"noopener\">les projets de MM93.<\/a><\/p>\n","protected":false},"excerpt":{"rendered":"Dominateur sur le championnat MotoGP cette ann\u00e9e, Marc Marquez peut-il \u00eatre titr\u00e9 d\u00e8s ce weekend ? Et \u00e0&hellip;\n","protected":false},"author":2,"featured_media":380085,"comment_status":"","ping_status":"","sticky":false,"template":"","format":"standard","meta":{"footnotes":""},"categories":[1413],"tags":[1011,27,1638,1457,1456,60],"class_list":{"0":"post-380084","1":"post","2":"type-post","3":"status-publish","4":"format-standard","5":"has-post-thumbnail","7":"category-moto","8":"tag-fr","9":"tag-france","10":"tag-has_diapo","11":"tag-moto","12":"tag-motocycle","13":"tag-sports"},"share_on_mastodon":{"url":"https:\/\/pubeurope.com\/@fr\/115179651358159610","error":""},"_links":{"self":[{"href":"https:\/\/www.europesays.com\/fr\/wp-json\/wp\/v2\/posts\/380084","targetHints":{"allow":["GET"]}}],"collection":[{"href":"https:\/\/www.europesays.com\/fr\/wp-json\/wp\/v2\/posts"}],"about":[{"href":"https:\/\/www.europesays.com\/fr\/wp-json\/wp\/v2\/types\/post"}],"author":[{"embeddable":true,"href":"https:\/\/www.europesays.com\/fr\/wp-json\/wp\/v2\/users\/2"}],"replies":[{"embeddable":true,"href":"https:\/\/www.europesays.com\/fr\/wp-json\/wp\/v2\/comments?post=380084"}],"version-history":[{"count":0,"href":"https:\/\/www.europesays.com\/fr\/wp-json\/wp\/v2\/posts\/380084\/revisions"}],"wp:featuredmedia":[{"embeddable":true,"href":"https:\/\/www.europesays.com\/fr\/wp-json\/wp\/v2\/media\/380085"}],"wp:attachment":[{"href":"https:\/\/www.europesays.com\/fr\/wp-json\/wp\/v2\/media?parent=380084"}],"wp:term":[{"taxonomy":"category","embeddable":true,"href":"https:\/\/www.europesays.com\/fr\/wp-json\/wp\/v2\/categories?post=380084"},{"taxonomy":"post_tag","embeddable":true,"href":"https:\/\/www.europesays.com\/fr\/wp-json\/wp\/v2\/tags?post=380084"}],"curies":[{"name":"wp","href":"https:\/\/api.w.org\/{rel}","templated":true}]}}