{"id":380090,"date":"2025-09-10T11:01:10","date_gmt":"2025-09-10T11:01:10","guid":{"rendered":"https:\/\/www.europesays.com\/fr\/380090\/"},"modified":"2025-09-10T11:01:10","modified_gmt":"2025-09-10T11:01:10","slug":"fonseca-a-un-rendez-vous-important-dimanche-a-minuit","status":"publish","type":"post","link":"https:\/\/www.europesays.com\/fr\/380090\/","title":{"rendered":"Fonseca a un rendez-vous important dimanche \u00e0 minuit"},"content":{"rendered":"<p><b>D\u00e9but mars dernier, Paulo Fonseca craquait compl\u00e8tement, pour une raison anodine, contre Benoit Millot, arbitre du match entre l&rsquo;Olympique Lyonnais et le Stade Brestois. Une attitude qui a logiquement valu une suspension longue dur\u00e9e, mais qui sera bient\u00f4t termin\u00e9e en partie.<\/b><\/p>\n<p>C&rsquo;est une sc\u00e8ne que personne n&rsquo;a oubli\u00e9e. <a href=\"https:\/\/www.foot01.com\/ol\/ol-paulo-fonseca-est-scandalise-459415\" target=\"_self\" rel=\"noopener\">Lors du match OL-Brest en mars dernier au Groupama Stadium, l&rsquo;entra\u00eeneur portugais de Lyon se ruait vers l&rsquo;arbitre<\/a> et \u00e9tait \u00e0 deux doigts de mettre un coup de t\u00eate \u00e0 Benoit Millot. Au final, Paulo Fonseca, avait reconnu sa faute, ce qui ne l&rsquo;avait pas emp\u00each\u00e9 d&rsquo;\u00eatre suspendu dans les comp\u00e9titions fran\u00e7aises jusqu&rsquo;au 30 novembre 2025, avec interdiction d&rsquo;acc\u00e9der au vestiaire de son \u00e9quipe avant le 15 septembre. L&rsquo;OL avait tent\u00e9 de faire appel, mais cette sanction avait \u00e9t\u00e9 confirm\u00e9e. Le temps a fait son \u0153uvre, et dimanche soir, apr\u00e8s le match \u00e0 Rennes, Paulo Fonseca en aura fini avec son interdiction de vestiaire, laquelle sera finie \u00e0 minuit. S&rsquo;il ne pourra pas rejoindre son \u00e9quipe dans les vestiaires du Roazhon Park, le coach de l&rsquo;OL sera libre de le faire le vendredi 19 lors de la r\u00e9ception d&rsquo;Angers.Paulo Fonseca peut rentrer dans le vestiaireCependant, avant de revoir l&rsquo;entra\u00eeneur de l&rsquo;Olympique Lyonnais au bord d&rsquo;un terrain de Ligue 1, il lui faudra attendre jusqu&rsquo;\u00e0 la fin du mois de novembre. Mais en Europa League, Paulo Fonseca pourra \u00eatre sur le banc d\u00e8s <a href=\"https:\/\/www.foot01.com\/ol\/europa-league-l-ol-s-en-sort-tres-tres-bien-459291\" target=\"_self\" rel=\"noopener\">l&rsquo;entr\u00e9e en lice de l&rsquo;OL contre Utrecht le 25 septembre<\/a>. L&rsquo;UEFA n&rsquo;avait en effet pas suspendu l&rsquo;entra\u00eeneur de l&rsquo;Olympique Lyonnais. La FFF n&rsquo;avait pas demand\u00e9 \u00e0 ce que la sanction en Ligue 1 ne soit pas \u00e9tendue \u00e0 toute la plan\u00e8te, ce qui avait fait bondir les arbitres, constern\u00e9s de voir que la F\u00e9d\u00e9ration ne les soutenait pas plus que cela. Pour les dirigeants de l&rsquo;Olympique Lyonnais, mais \u00e9galement les joueurs, la possibilit\u00e9 de voir l&rsquo;entra\u00eeneur pouvoir faire son retour dans les vestiaires est forc\u00e9ment une bonne chose.\u00a0<\/p>\n","protected":false},"excerpt":{"rendered":"D\u00e9but mars dernier, Paulo Fonseca craquait compl\u00e8tement, pour une raison anodine, contre Benoit Millot, arbitre du match entre&hellip;\n","protected":false},"author":2,"featured_media":380091,"comment_status":"","ping_status":"","sticky":false,"template":"","format":"standard","meta":{"footnotes":""},"categories":[1410],"tags":[63,1011,27,60],"class_list":{"0":"post-380090","1":"post","2":"type-post","3":"status-publish","4":"format-standard","5":"has-post-thumbnail","7":"category-football","8":"tag-football","9":"tag-fr","10":"tag-france","11":"tag-sports"},"share_on_mastodon":{"url":"https:\/\/pubeurope.com\/@fr\/115179663247768032","error":""},"_links":{"self":[{"href":"https:\/\/www.europesays.com\/fr\/wp-json\/wp\/v2\/posts\/380090","targetHints":{"allow":["GET"]}}],"collection":[{"href":"https:\/\/www.europesays.com\/fr\/wp-json\/wp\/v2\/posts"}],"about":[{"href":"https:\/\/www.europesays.com\/fr\/wp-json\/wp\/v2\/types\/post"}],"author":[{"embeddable":true,"href":"https:\/\/www.europesays.com\/fr\/wp-json\/wp\/v2\/users\/2"}],"replies":[{"embeddable":true,"href":"https:\/\/www.europesays.com\/fr\/wp-json\/wp\/v2\/comments?post=380090"}],"version-history":[{"count":0,"href":"https:\/\/www.europesays.com\/fr\/wp-json\/wp\/v2\/posts\/380090\/revisions"}],"wp:featuredmedia":[{"embeddable":true,"href":"https:\/\/www.europesays.com\/fr\/wp-json\/wp\/v2\/media\/380091"}],"wp:attachment":[{"href":"https:\/\/www.europesays.com\/fr\/wp-json\/wp\/v2\/media?parent=380090"}],"wp:term":[{"taxonomy":"category","embeddable":true,"href":"https:\/\/www.europesays.com\/fr\/wp-json\/wp\/v2\/categories?post=380090"},{"taxonomy":"post_tag","embeddable":true,"href":"https:\/\/www.europesays.com\/fr\/wp-json\/wp\/v2\/tags?post=380090"}],"curies":[{"name":"wp","href":"https:\/\/api.w.org\/{rel}","templated":true}]}}