{"id":380092,"date":"2025-09-10T11:02:10","date_gmt":"2025-09-10T11:02:10","guid":{"rendered":"https:\/\/www.europesays.com\/fr\/380092\/"},"modified":"2025-09-10T11:02:10","modified_gmt":"2025-09-10T11:02:10","slug":"brigitte-macron-et-sebastien-lecornu-ces-vacances-passees-chez-carla-bruni","status":"publish","type":"post","link":"https:\/\/www.europesays.com\/fr\/380092\/","title":{"rendered":"Brigitte Macron et S\u00e9bastien Lecornu : ces vacances pass\u00e9es chez Carla Bruni"},"content":{"rendered":"<p>La nomination de <a href=\"https:\/\/www.closermag.fr\/politique\/sebastien-lecornu-ce-surnom-peu-flatteur-et-vinaigre-que-lui-donnait-nicolas-sarkozy-3578339\" target=\"_blank\" rel=\"noopener\"><br \/>\nS\u00e9bastien Lecornu<\/a> \u00e0 Matignon ce mardi 9 septembre 2025 n\u2019a rien<br \/>\nd\u2019un hasard. \u00c0 39 ans, <a href=\"https:\/\/www.closermag.fr\/politique\/sebastien-lecornu-le-nouveau-premier-ministre-est-il-en-couple-3578306\" target=\"_blank\" rel=\"noopener\"><br \/>\nl\u2019ancien ministre des Arm\u00e9es<\/a> a r\u00e9ussi \u00e0 s\u2019imposer dans le<br \/>\ncercle <a href=\"https:\/\/www.closermag.fr\/politique\/sebastien-lecornu-jalouse-sa-relation-particuliere-avec-emmanuel-macron-ne-plait-pas-a-tout-le-monde-3578385\" target=\"_blank\" rel=\"noopener\"><br \/>\nrapproch\u00e9 d\u2019Emmanuel Macron<\/a>, mais aussi aupr\u00e8s de la Premi\u00e8re<br \/>\ndame. Brigitte Macron a toujours appr\u00e9ci\u00e9 son humour et sa<br \/>\nvivacit\u00e9. Mais cette complicit\u00e9 s\u2019est \u00e9galement nourrie de moments<br \/>\npartag\u00e9s dans un cadre plus intime : <strong>les s\u00e9jours chez Carla<br \/>\nBruni<\/strong>. Depuis plusieurs ann\u00e9es, Brigitte Macron et<br \/>\nS\u00e9bastien Lecornu entretiennent une relation de confiance ponctu\u00e9e<br \/>\nde rendez-vous r\u00e9guliers.<\/p>\n<p>Outre leurs d\u00eeners, organis\u00e9s environ deux fois par an, ils<br \/>\nauraient \u00e9galement pris l\u2019habitude de passer du temps ensemble dans<br \/>\nle sud de la France, chez Carla Bruni et Nicolas Sarkozy. Le couple<br \/>\npr\u00e9sidentiel et le jeune ministre auraient ainsi <strong>s\u00e9journ\u00e9<br \/>\nau cap N\u00e8gre,<\/strong> la propri\u00e9t\u00e9 familiale de la chanteuse, mais<br \/>\naussi au fort de Br\u00e9gan\u00e7on, r\u00e9sidence secondaire des chefs de<br \/>\nl\u2019\u00c9tat.<\/p>\n<p>S\u00e9bastien Lecornu a aim\u00e9 passer des moments privil\u00e9gi\u00e9s avec<br \/>\nCarla Bruni<\/p>\n<p>Autant de moments privil\u00e9gi\u00e9s qui t\u00e9moignent de la proximit\u00e9<br \/>\nentre les Macron, <a href=\"https:\/\/www.closermag.fr\/politique\/sebastien-lecornu-a-t-il-des-enfants-3578320\" target=\"_blank\" rel=\"noopener\"><br \/>\nLecornu<\/a> et l\u2019ancienne Premi\u00e8re dame. Carla Bruni joue ici un<br \/>\nr\u00f4le particulier. Amie fid\u00e8le de <a href=\"https:\/\/www.closermag.fr\/politique\/sebastien-lecornu-ce-surnom-peu-flatteur-et-vinaigre-que-lui-donnait-nicolas-sarkozy-3578339\" target=\"_blank\" rel=\"noopener\"><br \/>\nNicolas Sarkozy,<\/a> elle a su rester une figure accueillante pour<br \/>\nde nombreuses personnalit\u00e9s politiques, quelles que soient leurs<br \/>\n\u00e9tiquettes. Brigitte Macron s\u2019y sentirait \u00e0 l\u2019aise, entour\u00e9e d\u2019un<br \/>\ncercle plus intime que celui de l\u2019\u00c9lys\u00e9e, et loin des regards<br \/>\ninsistants.<\/p>\n<p>Ces escapades sont l\u2019occasion pour elle de retrouver une<br \/>\natmosph\u00e8re plus l\u00e9g\u00e8re, mais aussi de renforcer les liens avec<br \/>\nLecornu, dans une ambiance moins protocolaire. Ces vacances<br \/>\npartag\u00e9es au cap N\u00e8gre ou <strong>\u00e0 Br\u00e9gan\u00e7on ne sont pas<br \/>\nanodines.\u00a0<\/strong><\/p>\n<p>Ses relations avec Brigitte Macron<\/p>\n<p>Elles disent quelque chose de l\u2019entrelacement entre les cercles<br \/>\npolitiques et personnels, o\u00f9 se jouent parfois des alliances<br \/>\ndiscr\u00e8tes. \u00ab\u00a0Brigitte Macron est \u00e0 l\u2019aise avec lui car ils<br \/>\nappartiennent \u00e0 la m\u00eame droite provinciale, pas forc\u00e9ment<br \/>\nconservatrice\u00a0\u00bb, confiait r\u00e9cemment un proche \u00e0<br \/>\nL\u2019Opinion. Un constat qui \u00e9claire la place particuli\u00e8re<br \/>\nqu\u2019occupe Lecornu dans la galaxie macroniste.<\/p>\n<p>Car si sa nomination \u00e0 <a href=\"https:\/\/www.closermag.fr\/politique\/moi-je-suis-honteux-de-ca-ce-celebre-ministre-intime-de-sebastien-lecornu-lache-le-morceau-en-plein-direct-3578375\" target=\"_blank\" rel=\"noopener\"><br \/>\nMatignon<\/a> doit beaucoup \u00e0 son profil politique, elle s\u2019explique<br \/>\naussi par cette proximit\u00e9 relationnelle, fa\u00e7onn\u00e9e dans des lieux<br \/>\ncomme ceux de Carla Bruni.<\/p>\n","protected":false},"excerpt":{"rendered":"La nomination de S\u00e9bastien Lecornu \u00e0 Matignon ce mardi 9 septembre 2025 n\u2019a rien d\u2019un hasard. \u00c0 39&hellip;\n","protected":false},"author":2,"featured_media":380093,"comment_status":"","ping_status":"","sticky":false,"template":"","format":"standard","meta":{"footnotes":""},"categories":[1359],"tags":[548,986,12667,58,59,1011,27,973,11067],"class_list":{"0":"post-380092","1":"post","2":"type-post","3":"status-publish","4":"format-standard","5":"has-post-thumbnail","7":"category-people","8":"tag-article-simple","9":"tag-brigitte-macron","10":"tag-carla-bruni","11":"tag-divertissement","12":"tag-entertainment","13":"tag-fr","14":"tag-france","15":"tag-people","16":"tag-sebastien-lecornu"},"share_on_mastodon":{"url":"https:\/\/pubeurope.com\/@fr\/115179667098052282","error":""},"_links":{"self":[{"href":"https:\/\/www.europesays.com\/fr\/wp-json\/wp\/v2\/posts\/380092","targetHints":{"allow":["GET"]}}],"collection":[{"href":"https:\/\/www.europesays.com\/fr\/wp-json\/wp\/v2\/posts"}],"about":[{"href":"https:\/\/www.europesays.com\/fr\/wp-json\/wp\/v2\/types\/post"}],"author":[{"embeddable":true,"href":"https:\/\/www.europesays.com\/fr\/wp-json\/wp\/v2\/users\/2"}],"replies":[{"embeddable":true,"href":"https:\/\/www.europesays.com\/fr\/wp-json\/wp\/v2\/comments?post=380092"}],"version-history":[{"count":0,"href":"https:\/\/www.europesays.com\/fr\/wp-json\/wp\/v2\/posts\/380092\/revisions"}],"wp:featuredmedia":[{"embeddable":true,"href":"https:\/\/www.europesays.com\/fr\/wp-json\/wp\/v2\/media\/380093"}],"wp:attachment":[{"href":"https:\/\/www.europesays.com\/fr\/wp-json\/wp\/v2\/media?parent=380092"}],"wp:term":[{"taxonomy":"category","embeddable":true,"href":"https:\/\/www.europesays.com\/fr\/wp-json\/wp\/v2\/categories?post=380092"},{"taxonomy":"post_tag","embeddable":true,"href":"https:\/\/www.europesays.com\/fr\/wp-json\/wp\/v2\/tags?post=380092"}],"curies":[{"name":"wp","href":"https:\/\/api.w.org\/{rel}","templated":true}]}}