{"id":380094,"date":"2025-09-10T11:03:16","date_gmt":"2025-09-10T11:03:16","guid":{"rendered":"https:\/\/www.europesays.com\/fr\/380094\/"},"modified":"2025-09-10T11:03:16","modified_gmt":"2025-09-10T11:03:16","slug":"bruno-deladoire-remporte-la-deuxieme-edition-du-concours-photo-lectoure-a-travers-le-bleu","status":"publish","type":"post","link":"https:\/\/www.europesays.com\/fr\/380094\/","title":{"rendered":"Bruno Deladoire remporte la deuxi\u00e8me \u00e9dition du concours photo \u00ab\u00a0Lectoure \u00e0 travers le bleu\u00a0\u00bb"},"content":{"rendered":"<p>\n                                                                    l&rsquo;essentiel<br \/>\n                                                                Le concours photographique \u00ab\u00a0Lectoure \u00e0 travers le bleu\u00a0\u00bb a r\u00e9compens\u00e9 ses laur\u00e9ats, confirmant son succ\u00e8s grandissant avec 63 clich\u00e9s pr\u00e9sent\u00e9s par 29 participants.\n                            <\/p>\n<p>La c\u00e9r\u00e9monie de remise des prix de la 2e \u00e9dition du concours de photographie, \u00ab\u00a0<a href=\"https:\/\/www.ladepeche.fr\/communes\/lectoure,32208\/\" target=\"_blank\" rel=\"noopener\">Lectoure<\/a> \u00e0 travers le bleu\u00a0\u00bb, s\u2019est tenue vendredi 5\u00a0septembre \u00e0 l\u2019h\u00f4tel de ville. Bruno Deladoire a remport\u00e9 le 1er prix pour sa photo \u00ab\u00a0Au clair de la lune sur la cath\u00e9drale\u00a0\u00bb, ainsi que le coup de c\u0153ur du jury pour sa seconde photo \u00ab\u00a0L\u2019art de vivre lectourois\u00a0\u00bb. Fid\u00e8le au concours, Bruno Deladoire avait d\u00e9croch\u00e9 le 3e prix lors de la premi\u00e8re \u00e9dition.<\/p>\n<p class=\"std-elt__inline\">\n        <strong>\u00c0 lire aussi :<\/strong><br \/>\n        <a href=\"https:\/\/www.ladepeche.fr\/2025\/07\/04\/lectoure-a-travers-le-bleu-la-deuxieme-edition-du-concours-photo-est-lancee-12805053.php\" target=\"_blank\" rel=\"noopener\">\u00ab\u00a0Lectoure \u00e0 travers le bleu\u00a0\u00bb, la deuxi\u00e8me \u00e9dition du concours photo est lanc\u00e9e<\/a>\n    <\/p>\n<p>Patrick Sarramiac a obtenu le 2e prix avec \u00ab\u00a0La halle aux grains et son ambiance\u00a0\u00bb. Il a \u00e9galement re\u00e7u le coup de c\u0153ur de \u00ab\u00a0La D\u00e9p\u00eache du Midi\u00a0\u00bb pour sa photo \u00ab\u00a0Le ch\u00e2teau des comtes d\u2019Armagnac\u00a0\u00bb.<\/p>\n<p>Ela\u00efa Lovato est la 3e laur\u00e9ate, gr\u00e2ce \u00e0 sa photo \u00ab\u00a0Les mains bleues du Bleu de Lectoure\u00a0\u00bb. Paquita Rivi\u00e8re a \u00e9t\u00e9 distingu\u00e9e par le prix du coup de c\u0153ur \u00e0 encourager du jury, pour sa photo \u00ab\u00a0Main dans la main, rue Antichan\u00a0\u00bb.<\/p>\n<p>63 photos soumises<\/p>\n<p>Serge Mauro, hors concours, a \u00e9t\u00e9 chaleureusement f\u00e9licit\u00e9 pour sa s\u00e9rie de photos sur les 100 portes bleues de Lectoure.<\/p>\n<p>Gr\u00e2ce \u00e0 l\u2019engagement des partenaires fid\u00e8les, le concours a gagn\u00e9 en visibilit\u00e9 et en qualit\u00e9.\u00a0Au total, 63 photos ont \u00e9t\u00e9 soumises par 29 candidats, contre 49 photos et 21 participants lors de la premi\u00e8re \u00e9dition.<\/p>\n<p>Cette ann\u00e9e encore, le jury \u00e9tait compos\u00e9 de membres dont l\u2019expertise a permis de garantir la l\u00e9gitimit\u00e9 et l\u2019exigence du concours. Olivier Auriol, directeur du Comit\u00e9 d\u00e9partemental de tourisme, \u00e9tait ainsi aux c\u00f4t\u00e9s d\u2019Isabelle Souriment, Damien Leroy et Fiona Demechelis, photographes professionnels. Benjamin Calvez, responsable de l\u2019\u00e9dition du Gers de \u00ab\u00a0La D\u00e9p\u00eache du Midi\u00a0\u00bb, repr\u00e9sentait le groupe lors de la c\u00e9r\u00e9monie.<\/p>\n<p>Toutes les photos gagnantes seront affich\u00e9es sur les panneaux Decaux de la ville de Lectoure. Elles restent la propri\u00e9t\u00e9 des candidats. Elles pourront \u00eatre r\u00e9utilis\u00e9es par la ville conform\u00e9ment au r\u00e8glement du concours, avec mention obligatoire du copyright de l\u2019auteur.<\/p>\n","protected":false},"excerpt":{"rendered":"l&rsquo;essentiel Le concours photographique \u00ab\u00a0Lectoure \u00e0 travers le bleu\u00a0\u00bb a r\u00e9compens\u00e9 ses laur\u00e9ats, confirmant son succ\u00e8s grandissant avec&hellip;\n","protected":false},"author":2,"featured_media":380095,"comment_status":"","ping_status":"","sticky":false,"template":"","format":"standard","meta":{"footnotes":""},"categories":[1358],"tags":[1348,1384,1385,1386,58,59,1011,27],"class_list":{"0":"post-380094","1":"post","2":"type-post","3":"status-publish","4":"format-standard","5":"has-post-thumbnail","7":"category-arts-et-design","8":"tag-arts","9":"tag-arts-and-design","10":"tag-arts-et-design","11":"tag-design","12":"tag-divertissement","13":"tag-entertainment","14":"tag-fr","15":"tag-france"},"share_on_mastodon":{"url":"https:\/\/pubeurope.com\/@fr\/115179671059113101","error":""},"_links":{"self":[{"href":"https:\/\/www.europesays.com\/fr\/wp-json\/wp\/v2\/posts\/380094","targetHints":{"allow":["GET"]}}],"collection":[{"href":"https:\/\/www.europesays.com\/fr\/wp-json\/wp\/v2\/posts"}],"about":[{"href":"https:\/\/www.europesays.com\/fr\/wp-json\/wp\/v2\/types\/post"}],"author":[{"embeddable":true,"href":"https:\/\/www.europesays.com\/fr\/wp-json\/wp\/v2\/users\/2"}],"replies":[{"embeddable":true,"href":"https:\/\/www.europesays.com\/fr\/wp-json\/wp\/v2\/comments?post=380094"}],"version-history":[{"count":0,"href":"https:\/\/www.europesays.com\/fr\/wp-json\/wp\/v2\/posts\/380094\/revisions"}],"wp:featuredmedia":[{"embeddable":true,"href":"https:\/\/www.europesays.com\/fr\/wp-json\/wp\/v2\/media\/380095"}],"wp:attachment":[{"href":"https:\/\/www.europesays.com\/fr\/wp-json\/wp\/v2\/media?parent=380094"}],"wp:term":[{"taxonomy":"category","embeddable":true,"href":"https:\/\/www.europesays.com\/fr\/wp-json\/wp\/v2\/categories?post=380094"},{"taxonomy":"post_tag","embeddable":true,"href":"https:\/\/www.europesays.com\/fr\/wp-json\/wp\/v2\/tags?post=380094"}],"curies":[{"name":"wp","href":"https:\/\/api.w.org\/{rel}","templated":true}]}}