{"id":380100,"date":"2025-09-10T11:06:11","date_gmt":"2025-09-10T11:06:11","guid":{"rendered":"https:\/\/www.europesays.com\/fr\/380100\/"},"modified":"2025-09-10T11:06:11","modified_gmt":"2025-09-10T11:06:11","slug":"pour-son-grand-retour-alice-on-the-roof-collabore-avec-un-grand-nom-de-la-chanson-francaise-une-premiere-chanson-devoilee","status":"publish","type":"post","link":"https:\/\/www.europesays.com\/fr\/380100\/","title":{"rendered":"Pour son grand retour, Alice On The Roof collabore avec un grand nom de la chanson fran\u00e7aise\u00a0: une premi\u00e8re chanson d\u00e9voil\u00e9e"},"content":{"rendered":"<p>Alice et Albin<\/p>\n<p class=\"text-left ap-StoryElement ap-StoryElement--mb ap-StoryText\">Dans les textures sonores sonorit\u00e9s et dans l&rsquo;\u00e9motion, on reconna\u00eet la patte d&rsquo;Alice et\u2026 celle d&rsquo;Albin de la Simone. Connu pour sa carri\u00e8re solo mais aussi pour ses collaborations avec Vanessa Paradis, Miossec ou encore Pomme, Albin de la Simone a cor\u00e9alis\u00e9 le troisi\u00e8me album de notre compatriote. Une collaboration qui a du sens. Alice et Albin se connaissent bien. Ils sont tous les deux sign\u00e9s sur le label fran\u00e7ais T\u00f4t ou Tard. Alice a interpr\u00e9t\u00e9 en duo \u00ab\u00a0Pourquoi on pleure\u00a0\u00bb sur Toi l\u00e0-bas, dernier album d&rsquo;Albin de la Simone paru en avril dernier.<\/p>\n<p class=\"text-left ap-StoryElement ap-StoryElement--mb ap-StoryText\">Initialement annonc\u00e9 pour le 14 novembre, le successeur d\u00e9sormais attendu \u00ab\u00a0\u00e0 l&rsquo;automne\u00a0\u00bb, selon [PIAS], distributeur belge du label. Le titre de l&rsquo;album reste secret, mais une chose est s\u00fbre : il sera enti\u00e8rement chant\u00e9 en fran\u00e7ais.<\/p>\n<p>Le choix du fran\u00e7ais<\/p>\n<p class=\"text-left ap-StoryElement ap-StoryElement--mb ap-StoryText\">Le titre de ce troisi\u00e8me album n&rsquo;a pas encore \u00e9t\u00e9 d\u00e9voil\u00e9. Par contre, on sait que les chansons ont \u00e9t\u00e9 \u00e9crites exclusivement en fran\u00e7ais. On se souvient que la langue anglaise et le Fran\u00e7ais se c\u00f4toyaient sur Madame. Un choix qui n&rsquo;avait pas heurt\u00e9 son public mais qui reste toujours un frein pour les programmateurs radio attach\u00e9s \u00e0 leurs formats et leurs quotas. Une tourn\u00e9e accompagnera bien s\u00fbr cette sortie.<\/p>\n<p><img loading=\"lazy\" decoding=\"async\" class=\"w-full lazyload lazyload--opacity object-contain\" style=\"aspect-ratio:120 \/ 100;opacity:1\" alt=\"Alice On The Roof Cr\u00e9dit Sara Bastai T\u00f4t ou Tard\/Pias\" width=\"768\" height=\"639\" fetchpriority=\"auto\" src=\"https:\/\/www.europesays.com\/fr\/wp-content\/uploads\/2025\/04\/1743933249_335_S5VKD3X55FFF3BW6V4SEHXNP7I.png\"  data- data-optimumx=\"1\"\/>Alice On The Roof Cr\u00e9dit Sara Bastai T\u00f4t ou Tard\/Pias \u00a9Sara Bastai T\u00f4t ou Tard\/PiasThe Voice Kids<\/p>\n<p class=\"text-left ap-StoryElement ap-StoryElement--mb ap-StoryText\">Texte profond, m\u00e9lodie apais\u00e9e et production l\u00e9ch\u00e9e : \u00ab\u00a0Comme je t&rsquo;ai aim\u00e9\u00a0\u00bb voit Alice On The Roof s&rsquo;\u00e9loigne de l&rsquo;\u00e9lectro pop d'\u00a0\u00bbEasy Come Easy Go\u00a0\u00bb et donne envie d&rsquo;en entendre davantage. On retrouve aussi Alice On The Roof dans le jury de la saison 3 de The Voice Kids Belgique (RTBF). Elle y si\u00e8ge aux c\u00f4t\u00e9s de Typh Barrow, qui revient aussi avec un nouveau single ce 19 septembre, Matthew Irons (Puggy, \u00e9galement de retour avec un album en octobre) et le Fran\u00e7ais Joseph Kamel.<\/p>\n","protected":false},"excerpt":{"rendered":"Alice et Albin Dans les textures sonores sonorit\u00e9s et dans l&rsquo;\u00e9motion, on reconna\u00eet la patte d&rsquo;Alice et\u2026 celle&hellip;\n","protected":false},"author":2,"featured_media":380101,"comment_status":"","ping_status":"","sticky":false,"template":"","format":"standard","meta":{"footnotes":""},"categories":[1355],"tags":[51344,25089,6630,58,59,1011,27,1227,1361,873,25091,16865,51345,3058],"class_list":{"0":"post-380100","1":"post","2":"type-post","3":"status-publish","4":"format-standard","5":"has-post-thumbnail","7":"category-musique","8":"tag-back-to-back","9":"tag-british-royal-family","10":"tag-celebrity-family","11":"tag-divertissement","12":"tag-entertainment","13":"tag-fr","14":"tag-france","15":"tag-horizontal","16":"tag-music","17":"tag-musique","18":"tag-royal-family","19":"tag-royals","20":"tag-side-by-side","21":"tag-topshots"},"share_on_mastodon":{"url":"https:\/\/pubeurope.com\/@fr\/115179682913478632","error":""},"_links":{"self":[{"href":"https:\/\/www.europesays.com\/fr\/wp-json\/wp\/v2\/posts\/380100","targetHints":{"allow":["GET"]}}],"collection":[{"href":"https:\/\/www.europesays.com\/fr\/wp-json\/wp\/v2\/posts"}],"about":[{"href":"https:\/\/www.europesays.com\/fr\/wp-json\/wp\/v2\/types\/post"}],"author":[{"embeddable":true,"href":"https:\/\/www.europesays.com\/fr\/wp-json\/wp\/v2\/users\/2"}],"replies":[{"embeddable":true,"href":"https:\/\/www.europesays.com\/fr\/wp-json\/wp\/v2\/comments?post=380100"}],"version-history":[{"count":0,"href":"https:\/\/www.europesays.com\/fr\/wp-json\/wp\/v2\/posts\/380100\/revisions"}],"wp:featuredmedia":[{"embeddable":true,"href":"https:\/\/www.europesays.com\/fr\/wp-json\/wp\/v2\/media\/380101"}],"wp:attachment":[{"href":"https:\/\/www.europesays.com\/fr\/wp-json\/wp\/v2\/media?parent=380100"}],"wp:term":[{"taxonomy":"category","embeddable":true,"href":"https:\/\/www.europesays.com\/fr\/wp-json\/wp\/v2\/categories?post=380100"},{"taxonomy":"post_tag","embeddable":true,"href":"https:\/\/www.europesays.com\/fr\/wp-json\/wp\/v2\/tags?post=380100"}],"curies":[{"name":"wp","href":"https:\/\/api.w.org\/{rel}","templated":true}]}}