{"id":380102,"date":"2025-09-10T11:07:16","date_gmt":"2025-09-10T11:07:16","guid":{"rendered":"https:\/\/www.europesays.com\/fr\/380102\/"},"modified":"2025-09-10T11:07:16","modified_gmt":"2025-09-10T11:07:16","slug":"le-prochain-film-a-trouve-son-realisateur-et-on-en-attend-beaucoup","status":"publish","type":"post","link":"https:\/\/www.europesays.com\/fr\/380102\/","title":{"rendered":"le prochain film a trouv\u00e9 son r\u00e9alisateur (et on en attend beaucoup)"},"content":{"rendered":"<p><strong>Depuis 25 ans, les aventures d\u2019Ast\u00e9rix et Ob\u00e9lix au cin\u00e9ma alternent entre triomphe populaire et vautrages critiques. Malgr\u00e9 des hauts et surtout beaucoup de bas, un nouveau film en prises de vues r\u00e9elles est lanc\u00e9, et son futur r\u00e9alisateur a \u00e9t\u00e9 choisi. <\/strong><\/p>\n<p>Depuis <a href=\"https:\/\/www.ecranlarge.com\/films\/841166-asterix-et-obelix-contre-cesar\" data-type=\"films\" data-id=\"656575\" target=\"_blank\" rel=\"noopener\"><strong>Ast\u00e9rix et Ob\u00e9lix contre <\/strong><\/a><strong><a href=\"https:\/\/www.ecranlarge.com\/films\/841166-asterix-et-obelix-contre-cesar\" data-type=\"films\" data-id=\"656575\" target=\"_blank\" rel=\"noopener\">C\u00e9sar<\/a> <\/strong>en 1999 (pr\u00e8s de 9 millions d\u2019entr\u00e9es en France), les irr\u00e9ductibles Gaulois n\u2019ont jamais vraiment quitt\u00e9 le grand \u00e9cran. En 2002, <a href=\"https:\/\/www.ecranlarge.com\/films\/841167-asterix-et-obelix-mission-cleopatre\" data-type=\"films\" data-id=\"656576\" target=\"_blank\" rel=\"noopener\"><strong>Ast\u00e9rix et Ob\u00e9lix : Mission Cl\u00e9op\u00e2tre<\/strong><\/a> <strong>pulv\u00e9risait tout sur son passage avec 14,5 millions de spectateurs<\/strong> et un statut culte imm\u00e9diat.<\/p>\n<p>Mais la potion magique s\u2019est ensuite \u00e9vent\u00e9e avec <a href=\"https:\/\/www.ecranlarge.com\/films\/839450-asterix-aux-jeux-olympiques\" data-type=\"films\" data-id=\"654875\" target=\"_blank\" rel=\"noopener\"><strong>Ast\u00e9rix aux Jeux Olympiques<\/strong><\/a> en 2008, qui avait attir\u00e9 6,8 millions d\u2019entr\u00e9es, mais avait \u00e9t\u00e9 lynch\u00e9 par la critique. <a href=\"https:\/\/www.ecranlarge.com\/films\/859065-asterix-et-obelix-au-service-de-sa-majeste\" data-type=\"films\" data-id=\"674345\" target=\"_blank\" rel=\"noopener\"><strong>Au service de Sa Majest\u00e9<\/strong><\/a> n\u2019avait pas fait mieux en 2012, avec \u00ab\u00a0seulement\u00a0\u00bb 3,8 millions de spectateurs. Enfin, en 2023, <a href=\"https:\/\/www.ecranlarge.com\/films\/1118715-asterix-obelix-lempire-du-milieu\" data-type=\"films\" data-id=\"795105\" target=\"_blank\" rel=\"noopener\"><strong>L\u2019Empire du Milieu<\/strong><\/a> avait sauv\u00e9 les meubles avec 4,6 millions d\u2019entr\u00e9es, tout en confirmant <strong>la grosse fatigue artistique de la formule<\/strong>.<\/p>\n<p>                    <img decoding=\"async\" alt=\"\" class=\"wp-image-518375\" style=\"object-fit:cover;width:25px;height:25px\" src=\"https:\/\/www.ecranlarge.com\/content\/uploads\/2023\/09\/arrow-right-circle.svg\"\/><\/p>\n<p>Malgr\u00e9 des r\u00e9sultats au box-office honorables, la qualit\u00e9 des films a sembl\u00e9 suivre la pente inverse du menhir depuis <strong>Mission Cl\u00e9op\u00e2tre<\/strong>. Et pourtant, comme une preuve que le Gaulois n\u2019est jamais vraiment KO, <strong>un nouveau projet de film en prises de vues r\u00e9elles est en route<\/strong> et a \u00e9t\u00e9 confi\u00e9 \u00e0 une figure qu\u2019on n\u2019attendait pas derri\u00e8re la cam\u00e9ra.<\/p>\n<p>Au pire, qu\u2019est-ce qu\u2019on Ast\u00e9rix ? <\/p>\n<p>La rumeur disant que <a href=\"https:\/\/www.ecranlarge.com\/films\/news\/asterix-prochain-film-realisateur-jonathan-cohen\" data-type=\"link\" data-id=\"https:\/\/www.ecranlarge.com\/films\/news\/asterix-prochain-film-realisateur-jonathan-cohen\" target=\"_blank\" rel=\"noopener\">Jonathan Cohen pourrait r\u00e9aliser le prochain <\/a><strong><a href=\"https:\/\/www.ecranlarge.com\/films\/news\/asterix-prochain-film-realisateur-jonathan-cohen\" data-type=\"link\" data-id=\"https:\/\/www.ecranlarge.com\/films\/news\/asterix-prochain-film-realisateur-jonathan-cohen\" target=\"_blank\" rel=\"noopener\">Ast\u00e9rix<\/a> <\/strong>courait depuis juin dernier. Une information d\u00e9sormais confirm\u00e9e, \u00e0 la suite de la publication d\u2019un article de <a href=\"https:\/\/variety.com\/2025\/film\/global\/hugo-selignac-venice-dog-51-cedric-jimenez-dupieux-carax-1236510190\/\" data-type=\"link\" data-id=\"https:\/\/variety.com\/2025\/film\/global\/hugo-selignac-venice-dog-51-cedric-jimenez-dupieux-carax-1236510190\/\" target=\"_blank\" rel=\"noopener\">Variety<\/a>. <strong>Acteur appr\u00e9ci\u00e9 pour ses personnages loufoques et son humour absurde<\/strong>, Jonathan Cohen (qui avait incarn\u00e9 Graindema\u00efs dans <strong>L\u2019Empire du Milieu<\/strong>) dirigera le prochain film en prises de vues r\u00e9elles d\u2019Ast\u00e9rix et Ob\u00e9lix.<\/p>\n<p>Le choix a de quoi surprendre, tant Cohen est plus connu pour ses cr\u00e9ations d\u00e9cal\u00e9es et ses parodies de t\u00e9l\u00e9r\u00e9alit\u00e9 (<strong>Serge le Mytho, La Flamme, Le Flambeau<\/strong>) que pour son rapport au patrimoine culturel. Mais apr\u00e8s tout, qui de mieux qu\u2019un humoriste l\u00e9g\u00e8rement borderline pour d\u00e9poussi\u00e9rer des h\u00e9ros devenus un peu ringards ?<\/p>\n<p><a href=\"https:\/\/www.ecranlarge.com\/content\/uploads\/2025\/09\/maxresdefault1.jpg\" target=\"_blank\" rel=\"noopener\"><\/p>\n<p><img loading=\"lazy\" decoding=\"async\" alt=\"\" src=\"https:\/\/www.europesays.com\/fr\/wp-content\/uploads\/2025\/09\/maxresdefault1-1260x709.jpg\" width=\"1260\" height=\"709\"  \/><\/p>\n<p><\/a>MythomanixDu neuf avec du vieux<\/p>\n<p>Concernant ce prochain film, le site Satellifacts a confirm\u00e9 qu\u2019il s\u2019agira d\u2019une adaptation du dessin anim\u00e9 <strong>Les 12 travaux d\u2019Ast\u00e9rix<\/strong>. Sorti en 1976, le film sign\u00e9 Ren\u00e9 Goscinny et Albert Uderzo avait attir\u00e9 plus de deux millions de spectateurs, et surtout <strong>marqu\u00e9 les esprits avec ses s\u00e9quences cultes<\/strong> (la maison qui rend fou, la s\u00e9ance d\u2019hypnose, les l\u00e9gions fant\u00f4mes\u2026). Reprendre ce monument, c\u2019est \u00e0 la fois rassurant pour les producteurs (le mat\u00e9riau est b\u00e9ton) et risqu\u00e9 : <strong>comment rivaliser avec une madeleine de Proust qui appartient \u00e0 l\u2019imaginaire collectif<\/strong> ?<\/p>\n<p>Ceci dit, l\u2019orientation est plut\u00f4t maligne, puisque ces derni\u00e8res ann\u00e9es, les aventures gauloises ont cartonn\u00e9 en animation.<strong> Le Domaine des dieux<\/strong> et <strong>Le Secret de la potion magique<\/strong> ont tous deux d\u00e9pass\u00e9 les trois millions d\u2019entr\u00e9es. Et sur petit \u00e9cran, c\u2019est aussi le carton plein, avec <strong>Id\u00e9fix et les Irr\u00e9ductibles<\/strong>, une s\u00e9rie anim\u00e9e pour le jeune public, et <strong>Ast\u00e9rix : Le combat des chefs<\/strong>, la s\u00e9rie Netflix cr\u00e9\u00e9e par Alain Chabat. Revenir puiser dans cet h\u00e9ritage appara\u00eet comme une \u00e9vidence, quitte \u00e0 faire passer la version live pour un cosplay g\u00e9ant de l\u2019\u0153uvre anim\u00e9e.<\/p>\n<p>                    <img decoding=\"async\" alt=\"\" class=\"wp-image-518375\" style=\"object-fit:cover;width:25px;height:25px\" src=\"https:\/\/www.ecranlarge.com\/content\/uploads\/2023\/09\/arrow-right-circle.svg\"\/><\/p>\n<p><a href=\"https:\/\/www.ecranlarge.com\/content\/uploads\/2025\/09\/asterix-et-obelix-le-prochain-film-en-a-trouve-son-realisateur-et-on-en-attend-beaucoup-1.jpg\" target=\"_blank\" rel=\"noopener\"><\/p>\n<p><img loading=\"lazy\" decoding=\"async\" alt=\"\" src=\"https:\/\/www.europesays.com\/fr\/wp-content\/uploads\/2025\/09\/asterix-et-obelix-le-prochain-film-en-a-trouve-son-realisateur-et-on-en-attend-beaucoup-1-1260x708.j.jpeg\" width=\"1260\" height=\"708\"  \/><\/p>\n<p><\/a>\u00ab\u00a0Aujourd\u2019hui nous allons d\u00e9couvrir un mot\u00a0\u00bb<\/p>\n<p>Enfin, il faut rappeler qu\u2019Ast\u00e9rix ne s\u2019arr\u00eatera pas l\u00e0, \u00e9tant donn\u00e9 qu\u2019un autre projet est d\u00e9j\u00e0 dans les cartons. En 2026 sortira <strong>Ast\u00e9rix : Le Royaume de Nubie<\/strong>, un film d\u2019animation r\u00e9alis\u00e9 par Alexandre Heboyan (<strong>Mune, le gardien de la lune<\/strong>) et \u00e9crit par Matthieu Delaporte et Alexandre de La Patelli\u00e8re (le duo derri\u00e8re <strong>Le Comte de Monte-Cristo <\/strong>version 2024). <\/p>\n<p>Pour le moment, le prochain film live <strong>Ast\u00e9rix<\/strong> n\u2019a aucune date de sortie, et aucun acteur n\u2019est encore officiellement rattach\u00e9 au projet.<\/p>\n","protected":false},"excerpt":{"rendered":"Depuis 25 ans, les aventures d\u2019Ast\u00e9rix et Ob\u00e9lix au cin\u00e9ma alternent entre triomphe populaire et vautrages critiques. Malgr\u00e9&hellip;\n","protected":false},"author":2,"featured_media":380103,"comment_status":"","ping_status":"","sticky":false,"template":"","format":"standard","meta":{"footnotes":""},"categories":[1354],"tags":[58,59,1346,1011,27,1360],"class_list":{"0":"post-380102","1":"post","2":"type-post","3":"status-publish","4":"format-standard","5":"has-post-thumbnail","7":"category-films","8":"tag-divertissement","9":"tag-entertainment","10":"tag-films","11":"tag-fr","12":"tag-france","13":"tag-movies"},"share_on_mastodon":{"url":"https:\/\/pubeurope.com\/@fr\/115179686895935236","error":""},"_links":{"self":[{"href":"https:\/\/www.europesays.com\/fr\/wp-json\/wp\/v2\/posts\/380102","targetHints":{"allow":["GET"]}}],"collection":[{"href":"https:\/\/www.europesays.com\/fr\/wp-json\/wp\/v2\/posts"}],"about":[{"href":"https:\/\/www.europesays.com\/fr\/wp-json\/wp\/v2\/types\/post"}],"author":[{"embeddable":true,"href":"https:\/\/www.europesays.com\/fr\/wp-json\/wp\/v2\/users\/2"}],"replies":[{"embeddable":true,"href":"https:\/\/www.europesays.com\/fr\/wp-json\/wp\/v2\/comments?post=380102"}],"version-history":[{"count":0,"href":"https:\/\/www.europesays.com\/fr\/wp-json\/wp\/v2\/posts\/380102\/revisions"}],"wp:featuredmedia":[{"embeddable":true,"href":"https:\/\/www.europesays.com\/fr\/wp-json\/wp\/v2\/media\/380103"}],"wp:attachment":[{"href":"https:\/\/www.europesays.com\/fr\/wp-json\/wp\/v2\/media?parent=380102"}],"wp:term":[{"taxonomy":"category","embeddable":true,"href":"https:\/\/www.europesays.com\/fr\/wp-json\/wp\/v2\/categories?post=380102"},{"taxonomy":"post_tag","embeddable":true,"href":"https:\/\/www.europesays.com\/fr\/wp-json\/wp\/v2\/tags?post=380102"}],"curies":[{"name":"wp","href":"https:\/\/api.w.org\/{rel}","templated":true}]}}