{"id":380108,"date":"2025-09-10T11:10:12","date_gmt":"2025-09-10T11:10:12","guid":{"rendered":"https:\/\/www.europesays.com\/fr\/380108\/"},"modified":"2025-09-10T11:10:12","modified_gmt":"2025-09-10T11:10:12","slug":"road-trip-mystique-dans-le-desert-marocain","status":"publish","type":"post","link":"https:\/\/www.europesays.com\/fr\/380108\/","title":{"rendered":"road trip mystique dans le d\u00e9sert marocain"},"content":{"rendered":"<p>                         <img loading=\"lazy\" decoding=\"async\" src=\"https:\/\/www.europesays.com\/fr\/wp-content\/uploads\/2025\/09\/29a7a0b_upload-1-qvs7vufbxkb6-v2478.jpg\" alt=\"Esteban (Bruno Nu\u00f1ez Arjona) et Luis (Sergi Lopez) dans \u00ab\u00a0Sirat\u00a0\u00bb, d\u2019Olivier Laxe.\"   width=\"664\" height=\"443\"\/>    Esteban (Bruno Nu\u00f1ez Arjona) et Luis (Sergi Lopez) dans \u00ab\u00a0Sirat\u00a0\u00bb, d\u2019Olivier Laxe.  PYRAMIDE DISTRIBUTION                <\/p>\n<blockquote class=\"article__catchphrase\">\n<p class=\"article__quote\">L\u2019AVIS DU \u00ab\u00a0MONDE\u00a0\u00bb \u2013 A NE PAS MANQUER<\/p>\n<\/blockquote>\n<p class=\"article__paragraph  \">Trois v\u00e9hicules foncent \u00e0 toute allure sur la terre rouge du d\u00e9sert marocain, sous un ciel orange et bleu, soulevant dans leur sillage un voile de poussi\u00e8re. L\u2019image, qui semble tout droit sortie de Sirat, le quatri\u00e8me long-m\u00e9trage d\u2019Oliver Laxe, cl\u00f4t en r\u00e9alit\u00e9 <a href=\"https:\/\/www.lemonde.fr\/cinema\/article\/2016\/08\/23\/mimosas-la-voie-de-l-atlas-dieu-et-son-fou_4986595_3476.html\" rel=\"nofollow noopener\" target=\"_blank\">Mimosas. La voie de l\u2019Atlas<\/a> (2016), son deuxi\u00e8me film. Une odyss\u00e9e spirituelle aux allures de conte qui cherchait d\u00e9j\u00e0 \u00e0 relier mondes physiques et m\u00e9taphysiques.<\/p>\n<p class=\"article__paragraph  \">Neuf ann\u00e9es plus tard, le r\u00e9alisateur franco-espagnol a aff\u00fbt\u00e9 ses armes et chang\u00e9 de braquet. Si Mimosas. La voie de l\u2019Atlas avait remport\u00e9 le Grand Prix de la Semaine de la critique \u00e0 Cannes, Sirat a \u00e9t\u00e9 pr\u00e9sent\u00e9 en mai en comp\u00e9tition officielle, repartant avec un Prix du jury et un prix Cannes Soundtrack. Et la r\u00e9putation, lourde d\u2019attentes, de \u00ab\u00a0r\u00e9v\u00e9lation choc\u00a0\u00bb du Festival.<\/p>\n<p class=\"article__paragraph  \">La musique est une bonne porte d\u2019entr\u00e9e au c\u0153ur de ce film singulier qui propose au spectateur de se laisser prendre au jeu pendant pr\u00e8s de deux heures d\u2019une exp\u00e9rience sensorielle rare au cin\u00e9ma. Le long-m\u00e9trage s\u2019ouvre d\u2019ailleurs sur l\u2019installation au milieu du d\u00e9sert marocain d\u2019un gigantesque sound system qui annonce le d\u00e9but d\u2019une rave-party. Oliver Laxe filme longuement les danseurs pris dans une transe joyeuse sur fond de musique techno. La mise en sc\u00e8ne capture \u00e0 la fois la puissance collective des corps participant \u00e0 un m\u00eame mouvement et l\u2019individualit\u00e9 de certains de ces raveurs occidentaux aux looks alternatifs. Deux \u00e9chelles qui ne cessent de communiquer tout au long du film.<\/p>\n<p class=\"reading-mode-only \"><strong>Il vous reste 73.38% de cet article \u00e0 lire. La suite est r\u00e9serv\u00e9e aux abonn\u00e9s.<\/strong><\/p>\n","protected":false},"excerpt":{"rendered":"Esteban (Bruno Nu\u00f1ez Arjona) et Luis (Sergi Lopez) dans \u00ab\u00a0Sirat\u00a0\u00bb, d\u2019Olivier Laxe. PYRAMIDE DISTRIBUTION L\u2019AVIS DU \u00ab\u00a0MONDE\u00a0\u00bb \u2013&hellip;\n","protected":false},"author":2,"featured_media":380109,"comment_status":"","ping_status":"","sticky":false,"template":"","format":"standard","meta":{"footnotes":""},"categories":[8],"tags":[58,59,1011,27],"class_list":{"0":"post-380108","1":"post","2":"type-post","3":"status-publish","4":"format-standard","5":"has-post-thumbnail","7":"category-divertissement","8":"tag-divertissement","9":"tag-entertainment","10":"tag-fr","11":"tag-france"},"share_on_mastodon":{"url":"https:\/\/pubeurope.com\/@fr\/115179699035312003","error":""},"_links":{"self":[{"href":"https:\/\/www.europesays.com\/fr\/wp-json\/wp\/v2\/posts\/380108","targetHints":{"allow":["GET"]}}],"collection":[{"href":"https:\/\/www.europesays.com\/fr\/wp-json\/wp\/v2\/posts"}],"about":[{"href":"https:\/\/www.europesays.com\/fr\/wp-json\/wp\/v2\/types\/post"}],"author":[{"embeddable":true,"href":"https:\/\/www.europesays.com\/fr\/wp-json\/wp\/v2\/users\/2"}],"replies":[{"embeddable":true,"href":"https:\/\/www.europesays.com\/fr\/wp-json\/wp\/v2\/comments?post=380108"}],"version-history":[{"count":0,"href":"https:\/\/www.europesays.com\/fr\/wp-json\/wp\/v2\/posts\/380108\/revisions"}],"wp:featuredmedia":[{"embeddable":true,"href":"https:\/\/www.europesays.com\/fr\/wp-json\/wp\/v2\/media\/380109"}],"wp:attachment":[{"href":"https:\/\/www.europesays.com\/fr\/wp-json\/wp\/v2\/media?parent=380108"}],"wp:term":[{"taxonomy":"category","embeddable":true,"href":"https:\/\/www.europesays.com\/fr\/wp-json\/wp\/v2\/categories?post=380108"},{"taxonomy":"post_tag","embeddable":true,"href":"https:\/\/www.europesays.com\/fr\/wp-json\/wp\/v2\/tags?post=380108"}],"curies":[{"name":"wp","href":"https:\/\/api.w.org\/{rel}","templated":true}]}}