{"id":380110,"date":"2025-09-10T11:11:24","date_gmt":"2025-09-10T11:11:24","guid":{"rendered":"https:\/\/www.europesays.com\/fr\/380110\/"},"modified":"2025-09-10T11:11:24","modified_gmt":"2025-09-10T11:11:24","slug":"vous-avez-loupe-la-keynote-apple-a-cause-de-sebastien-lecornu-voici-les-8-nouveautes-a-retenir","status":"publish","type":"post","link":"https:\/\/www.europesays.com\/fr\/380110\/","title":{"rendered":"Vous avez loup\u00e9 la keynote Apple \u00e0 cause de S\u00e9bastien Lecornu ? Voici les 8 nouveaut\u00e9s \u00e0 retenir"},"content":{"rendered":"<p>La keynote Apple 2025 confirme la strat\u00e9gie sant\u00e9 et design de la firme. iPhone Air de 5,6 mm, AirPods Pro 3 avec suivi cardiaque, Apple Watch pr\u00e9ventive : voici les huit nouveaut\u00e9s qui comptent vraiment cette ann\u00e9e.<\/p>\n<p><a href=\"https:\/\/images.frandroid.com\/wp-content\/uploads\/2025\/09\/evenement-apple-9-septembre-1-11-16-screenshot.jpg\" target=\"_blank\" class=\"article-content__figure\" rel=\"noopener\"><img fetchpriority=\"high\" decoding=\"async\" loading=\"eager\" width=\"1200\" height=\"675\" src=\"https:\/\/www.europesays.com\/fr\/wp-content\/uploads\/2025\/09\/evenement-apple-9-septembre-1-11-16-screenshot.jpg\" alt=\"\" class=\"wp-image-2790017 wp-image wp-image\"  \/><\/a><\/p>\n<p>Apple a d\u00e9voil\u00e9 sa nouvelle gamme 2025 <a href=\"https:\/\/www.frandroid.com\/marques\/apple\/2786529_keynote-apple-comment-suivre-la-presentation-des-iphone-17-watch-11-airpods-pro-3-en-direct\" target=\"_blank\" rel=\"noopener\">lors d\u2019une keynote charg\u00e9e en annonces<\/a>. iPhone 17, <a href=\"https:\/\/www.frandroid.com\/marques\/apple\/2788211_voici-liphone-air-la-reponse-dapple-a-samsung-est-cinglante\" target=\"_blank\" rel=\"noopener\">iPhone Air ultra-fin<\/a>, Apple Watch avec suivi d\u2019hypertension, AirPods Pro avec capteur cardiaque : voici les huit innovations qui vont compter cette ann\u00e9e.<\/p>\n<p>Tout ce qu\u2019il faut savoir sur les annonces d\u2019Apple<\/p>\n<p>Pendant l\u2019\u00e9v\u00e9nement Awe dropping, Apple a officialis\u00e9 les nouveaux iPhone, dont l\u2019<a href=\"https:\/\/www.frandroid.com\/marques\/apple\/2788211_voici-liphone-air-la-reponse-dapple-a-samsung-est-cinglante\" target=\"_blank\" rel=\"noopener\">iPhone Air<\/a>, <a href=\"https:\/\/www.frandroid.com\/marques\/apple\/2788303_iphone-17-pro-et-pro-max-officiels-toutes-les-nouveautes-devoilees-par-apple\" target=\"_blank\" rel=\"noopener\">iPhone 17 Pro et 17 Pro Max<\/a>, l\u2019<a href=\"https:\/\/www.frandroid.com\/marques\/apple\/2788363_iphone-17-apple-democratise-enfin-le-120-hz-sur-son-modele-dentree-de-gamme\" target=\"_blank\" rel=\"noopener\">iPhone 17 standard<\/a>, la puce <a href=\"https:\/\/www.frandroid.com\/marques\/apple\/2788973_apple-a19-pro-voici-les-secrets-de-la-puissance-de-liphone-17-pro-et-de-liphone-air\" target=\"_blank\" rel=\"noopener\">Apple A19 Pro<\/a>, l\u2019<a href=\"https:\/\/www.frandroid.com\/marques\/apple\/2788203_apple-watch-series-11-apple-mise-enfin-sur-le-sommeil-et-ameliore-lautonomie-de-sa-montre\" target=\"_blank\" rel=\"noopener\">Apple Watch Series 11<\/a> et les <a href=\"https:\/\/www.frandroid.com\/marques\/apple\/2788323_nouveaux-airpods-pro-3-capteur-cardiaque-resistance-ip57-meilleure-isolation\" target=\"_blank\" rel=\"noopener\">AirPods Pro 3<\/a>. En plus de <a target=\"_blank\" href=\"https:\/\/www.youtube.com\/watch?v=gxqFInv5xL0\" rel=\"noopener\">la premi\u00e8re prise en main vid\u00e9o de Numerama<\/a>, vous retrouvez aussi notre r\u00e9sum\u00e9 en vid\u00e9o, sur <a href=\"https:\/\/youtu.be\/9VHKqSx3eec?si=wnx6DwD-2nMIChg-\" target=\"_blank\" rel=\"noopener\">notre cha\u00eene YouTube<\/a>. Abonnez-vous !<\/p>\n<p class=\"bottom-text\">                <a href=\"https:\/\/youtu.be\/9VHKqSx3eec?si=wnx6DwD-2nMIChg-\" target=\"_blank\" rel=\"noopener\">Lien YouTube<\/a>                                    <a href=\"https:\/\/www.youtube.com\/subscription_center?add_user=FrAndroidTube\" target=\"_blank\" rel=\"noopener\">S\u2019abonner \u00e0 Frandroid<\/a>                            <\/p>\n<p>                Ce contenu est bloqu\u00e9 car vous n\u2019avez pas accept\u00e9 les cookies et autres traceurs. Ce contenu est fourni par YouTube.<br \/>Pour pouvoir le visualiser, vous devez accepter l\u2019usage \u00e9tant op\u00e9r\u00e9 par YouTube avec vos donn\u00e9es qui pourront \u00eatre utilis\u00e9es pour les finalit\u00e9s suivantes : vous permettre de visualiser et de partager des contenus avec des m\u00e9dias sociaux, favoriser le d\u00e9veloppement et l\u2019am\u00e9lioration des produits d\u2019Humanoid et de ses partenaires, vous afficher des publicit\u00e9s personnalis\u00e9es par rapport \u00e0 votre profil et activit\u00e9, vous d\u00e9finir un profil publicitaire personnalis\u00e9, mesurer la performance des publicit\u00e9s et du contenu de ce site et mesurer l\u2019audience de ce site <a href=\"#\" class=\"js-privacy\" target=\"_blank\">(en savoir plus)<\/a>            <\/p>\n<p>                En cliquant sur \u00ab J\u2019accepte tout \u00bb, vous consentez aux finalit\u00e9s susmentionn\u00e9es pour l\u2019ensemble des cookies et autres traceurs d\u00e9pos\u00e9s par Humanoid et <a class=\"embed-consent-overlay-vendors-link\" href=\"#preferences-vendeurs\">ses partenaires<\/a>.            <\/p>\n<p>                Vous gardez la possibilit\u00e9 de retirer votre consentement \u00e0 tout moment. Pour plus d\u2019informations, nous vous invitons \u00e0 prendre connaissance de notre <a href=\"https:\/\/www.frandroid.com\/politique-cookies\" target=\"_blank\" rel=\"noopener\">Politique cookies<\/a>.            <\/p>\n<p>            J\u2019accepte tout        <\/p>\n<p class=\"embed-consent-overlay-manage-choices\">            <a href=\"#preferences-publicitaires\">G\u00e9rer mes choix<\/a>        <\/p>\n<p>1. L\u2019iPhone Air ultra-fin fait son entr\u00e9e<\/p>\n<p>Apple lance<a href=\"https:\/\/www.frandroid.com\/marques\/apple\/2788211_voici-liphone-air-la-reponse-dapple-a-samsung-est-cinglante\" target=\"_blank\" rel=\"noopener\"> l\u2019iPhone Air<\/a>, un mod\u00e8le in\u00e9dit de 5,6 mm d\u2019\u00e9paisseur qui devient l\u2019iPhone le plus fin jamais con\u00e7u. \u00c9quip\u00e9 d\u2019un \u00e9cran de 6,5 pouces et d\u2019une puce A19 Pro, cet appareil mise sur le design et la l\u00e9g\u00e8ret\u00e9 plut\u00f4t que sur la polyvalence photo.<\/p>\n<p><a href=\"https:\/\/images.frandroid.com\/wp-content\/uploads\/2025\/09\/apple-event-september-9-45-2-screenshot.jpg\" target=\"_blank\" class=\"article-content__figure\" rel=\"noopener\"><img loading=\"lazy\" decoding=\"async\" width=\"1200\" height=\"675\" src=\"https:\/\/www.europesays.com\/fr\/wp-content\/uploads\/2025\/09\/apple-event-september-9-45-2-screenshot-1200x675.jpg\" alt=\"\" class=\"wp-image-2788941 wp-image\"  \/><\/a><\/p>\n<p>L\u2019iPhone Air adopte un capteur photo unique de 48 m\u00e9gapixels et devient le premier smartphone Apple 100 % eSIM dans le monde. Cette strat\u00e9gie technique lib\u00e8re de l\u2019espace interne pour une batterie plus grosse malgr\u00e9 l\u2019\u00e9paisseur r\u00e9duite. <\/p>\n<p><a href=\"https:\/\/www.europesays.com\/fr\/wp-content\/uploads\/2025\/09\/image-27-3.jpg\" target=\"_blank\" class=\"article-content__figure\"><img loading=\"lazy\" decoding=\"async\" width=\"1200\" height=\"675\" src=\"https:\/\/www.europesays.com\/fr\/wp-content\/uploads\/2025\/09\/image-27-3.jpg\" alt=\"\" class=\"wp-image-2789749 wp-image\"  \/><\/a><\/p>\n<p>Prix : 1229 euros, soit un positionnement entre l\u2019iPhone 17 standard et les mod\u00e8les Pro.<\/p>\n<p class=\"shortcode-container see-more\">\n    Pour aller plus loin<br \/><a href=\"https:\/\/www.frandroid.com\/marques\/apple\/2788211_voici-liphone-air-la-reponse-dapple-a-samsung-est-cinglante\" target=\"_blank\" rel=\"noopener\">Voici l\u2019iPhone Air : la r\u00e9ponse d\u2019Apple \u00e0 Samsung est cinglante<\/a>\n            <\/p>\n<p>2. iPhone 17 : ProMotion d\u00e9mocratis\u00e9 et prix baiss\u00e9s<\/p>\n<p><a href=\"https:\/\/www.frandroid.com\/marques\/apple\/2788363_iphone-17-apple-democratise-enfin-le-120-hz-sur-son-modele-dentree-de-gamme\" target=\"_blank\" rel=\"noopener\">L\u2019iPhone 17 standard h\u00e9rite du ProMotion 120 Hz<\/a> jusqu\u2019alors r\u00e9serv\u00e9 aux mod\u00e8les Pro. L\u2019\u00e9cran passe de 1 \u00e0 120 Hz adaptatif selon le contenu, am\u00e9liorant fluidit\u00e9 et autonomie. Apple promet huit heures de lecture vid\u00e9o suppl\u00e9mentaires par rapport \u00e0 l\u2019iPhone 16.<\/p>\n<p><a href=\"https:\/\/www.europesays.com\/fr\/wp-content\/uploads\/2025\/09\/image-27-2.jpg\" target=\"_blank\" class=\"article-content__figure\"><img loading=\"lazy\" decoding=\"async\" width=\"1200\" height=\"675\" src=\"https:\/\/www.europesays.com\/fr\/wp-content\/uploads\/2025\/09\/image-27-2.jpg\" alt=\"\" class=\"wp-image-2789747 wp-image\"  \/><\/a><\/p>\n<p>La gamme se simplifie avec seulement deux capacit\u00e9s : 256 Go \u00e0 969 euros et 512 Go \u00e0 1219 euros. Apple supprime l\u2019option 128 Go jug\u00e9e insuffisante et propose directement plus de stockage au prix de l\u2019ancienne entr\u00e9e de gamme. Une rare baisse tarifaire dans l\u2019univers Apple.<\/p>\n<p class=\"shortcode-container see-more\">\n    Pour aller plus loin<br \/><a href=\"https:\/\/www.frandroid.com\/marques\/apple\/2788363_iphone-17-apple-democratise-enfin-le-120-hz-sur-son-modele-dentree-de-gamme\" target=\"_blank\" rel=\"noopener\">iPhone 17 : Apple d\u00e9mocratise enfin le 120 Hz sur son mod\u00e8le d\u2019entr\u00e9e de gamme<\/a>\n            <\/p>\n<p>3. iPhone 17 Pro : chambre \u00e0 vapeur et performances thermiques<\/p>\n<p>Les <a href=\"https:\/\/www.frandroid.com\/marques\/apple\/2788303_iphone-17-pro-et-pro-max-officiels-toutes-les-nouveautes-devoilees-par-apple\" target=\"_blank\" rel=\"noopener\">iPhone 17 Pro et Pro Max<\/a> int\u00e8grent une chambre \u00e0 vapeur in\u00e9dite sur iPhone pour g\u00e9rer la chaleur g\u00e9n\u00e9r\u00e9e par la puce A19 Pro. Ce syst\u00e8me de refroidissement passif maintient des performances \u00e9lev\u00e9es en continu sans throttling thermique.<\/p>\n<p><a href=\"https:\/\/www.europesays.com\/fr\/wp-content\/uploads\/2025\/09\/image-27-1.jpg\" target=\"_blank\" class=\"article-content__figure\"><img loading=\"lazy\" decoding=\"async\" width=\"1200\" height=\"675\" src=\"https:\/\/www.europesays.com\/fr\/wp-content\/uploads\/2025\/09\/image-27-1.jpg\" alt=\"\" class=\"wp-image-2789741 wp-image\"  \/><\/a><\/p>\n<p>Le design passe \u00e0 l\u2019aluminium forg\u00e9, abandonnant le titane pour sa meilleure conductivit\u00e9 thermique. Cette d\u00e9cision technique am\u00e9liore la dissipation de chaleur tout en r\u00e9duisant le poids. L\u2019iPhone 17 Pro Max atteint 39 heures d\u2019autonomie vid\u00e9o, un record pour Apple.<\/p>\n<p class=\"shortcode-container see-more\">\n    Pour aller plus loin<br \/><a href=\"https:\/\/www.frandroid.com\/marques\/apple\/2788303_iphone-17-pro-et-pro-max-officiels-toutes-les-nouveautes-devoilees-par-apple\" target=\"_blank\" rel=\"noopener\">iPhone 17 Pro et Pro Max officiels : toutes les nouveaut\u00e9s d\u00e9voil\u00e9es par Apple<\/a>\n            <\/p>\n<p>4. AirPods Pro 3 : capteur cardiaque et sport connect\u00e9<\/p>\n<p>Les <a href=\"https:\/\/www.frandroid.com\/marques\/apple\/2788323_nouveaux-airpods-pro-3-capteur-cardiaque-resistance-ip57-meilleure-isolation\" target=\"_blank\" rel=\"noopener\">AirPods Pro 3<\/a> embarquent le plus petit capteur de fr\u00e9quence cardiaque jamais int\u00e9gr\u00e9 par Apple. Ces \u00e9couteurs mesurent le rythme cardiaque pendant l\u2019effort et transforment l\u2019iPhone en station fitness compl\u00e8te via l\u2019app Forme.<\/p>\n<p><a href=\"https:\/\/www.europesays.com\/fr\/wp-content\/uploads\/2025\/09\/image-26.png\" target=\"_blank\" class=\"article-content__figure\"><img loading=\"lazy\" decoding=\"async\" width=\"768\" height=\"431\" src=\"https:\/\/www.europesays.com\/fr\/wp-content\/uploads\/2025\/09\/image-26.png\" alt=\"\" class=\"wp-image-2789727 wp-image\"  \/><\/a><\/p>\n<p>L\u2019isolation active double ses performances par rapport aux AirPods Pro 2, tandis que l\u2019autonomie passe \u00e0 8 heures avec ANC activ\u00e9. La certification IP57 autorise enfin l\u2019usage intensif sport sans crainte de la transpiration. Prix maintenu \u00e0 249 euros.<\/p>\n<p class=\"shortcode-container see-more\">\n    Pour aller plus loin<br \/><a href=\"https:\/\/www.frandroid.com\/marques\/apple\/2788323_nouveaux-airpods-pro-3-capteur-cardiaque-resistance-ip57-meilleure-isolation\" target=\"_blank\" rel=\"noopener\">Nouveaux AirPods Pro 3 : capteur cardiaque, r\u00e9sistance IP57, meilleure isolation<\/a>\n            <\/p>\n<p>5. Apple Watch Series 11 : d\u00e9tection d\u2019hypertension<\/p>\n<p>L\u2019<a href=\"https:\/\/www.frandroid.com\/marques\/apple\/2788203_apple-watch-series-11-apple-mise-enfin-sur-le-sommeil-et-ameliore-lautonomie-de-sa-montre\" target=\"_blank\" rel=\"noopener\">Apple Watch Series 11<\/a> surveille les signes pr\u00e9curseurs d\u2019hypertension en analysant les variations de pression art\u00e9rielle. Cette fonction pr\u00e9ventive alerte l\u2019utilisateur avant l\u2019apparition de sympt\u00f4mes graves et sera disponible dans 150 pays selon les autorisations m\u00e9dicales.<\/p>\n<p><a href=\"https:\/\/www.europesays.com\/fr\/wp-content\/uploads\/2025\/09\/image-27.jpg\" target=\"_blank\" class=\"article-content__figure\"><img loading=\"lazy\" decoding=\"async\" width=\"768\" height=\"431\" src=\"https:\/\/www.europesays.com\/fr\/wp-content\/uploads\/2025\/09\/image-27.jpg\" alt=\"\" class=\"wp-image-2789731 wp-image\"  \/><\/a><\/p>\n<p>La montre ajoute un score de sommeil personnalis\u00e9 et un verre deux fois plus r\u00e9sistant aux rayures. L\u2019autonomie reste fix\u00e9e \u00e0 24 heures. Prix de d\u00e9part : 449 euros, soit 50 euros de plus que la Series 10.<\/p>\n<p class=\"shortcode-container see-more\">\n    Pour aller plus loin<br \/><a href=\"https:\/\/www.frandroid.com\/marques\/apple\/2788203_apple-watch-series-11-apple-mise-enfin-sur-le-sommeil-et-ameliore-lautonomie-de-sa-montre\" target=\"_blank\" rel=\"noopener\">Apple Watch Series 11 : Apple mise enfin sur le sommeil et am\u00e9liore l\u2019autonomie de sa montre<\/a>\n            <\/p>\n<p>6. Apple Watch Ultra 3 : 42 heures d\u2019autonomie<\/p>\n<p>L\u2019<a href=\"https:\/\/www.frandroid.com\/marques\/apple\/2788217_apple-watch-ultra-3-apple-devoile-sa-premiere-montre-avec-connexion-satellite\" target=\"_blank\" rel=\"noopener\">Apple Watch Ultra 3<\/a> pousse l\u2019endurance \u00e0 42 heures d\u2019autonomie gr\u00e2ce \u00e0 une batterie agrandie et un \u00e9cran plus efficient. Cette version sport extr\u00eame vise les ultra-traileurs et aventuriers qui passent plusieurs jours en autonomie.<\/p>\n<p><a href=\"https:\/\/www.europesays.com\/fr\/wp-content\/uploads\/2025\/09\/image-27-4.jpg\" target=\"_blank\" class=\"article-content__figure\"><img loading=\"lazy\" decoding=\"async\" width=\"768\" height=\"432\" src=\"https:\/\/www.europesays.com\/fr\/wp-content\/uploads\/2025\/09\/image-27-4.jpg\" alt=\"\" class=\"wp-image-2789751 wp-image\"  \/><\/a><\/p>\n<p>L\u2019\u00e9cran s\u2019agrandit encore pour une meilleure lisibilit\u00e9 en conditions difficiles. Apple maintient le prix \u00e0 899 euros malgr\u00e9 les am\u00e9liorations, positionnant cette Ultra 3 face aux montres Garmin et Suunto sur le segment outdoor premium.<\/p>\n<p class=\"shortcode-container see-more\">\n    Pour aller plus loin<br \/><a href=\"https:\/\/www.frandroid.com\/marques\/apple\/2788217_apple-watch-ultra-3-apple-devoile-sa-premiere-montre-avec-connexion-satellite\" target=\"_blank\" rel=\"noopener\">Apple Watch Ultra 3 : Apple d\u00e9voile sa premi\u00e8re montre avec connexion satellite<\/a>\n            <\/p>\n<p>7. Puce A19 Pro : performances IA tripl\u00e9es<\/p>\n<p><a href=\"https:\/\/www.frandroid.com\/marques\/apple\/2788973_apple-a19-pro-voici-les-secrets-de-la-puissance-de-liphone-17-pro-et-de-liphone-air\" target=\"_blank\" rel=\"noopener\">La puce A19 Pro<\/a> int\u00e8gre des acc\u00e9l\u00e9rateurs neuronaux dans chaque c\u0153ur GPU, multipliant par trois les performances d\u2019intelligence artificielle par rapport \u00e0 l\u2019A18 Pro. Cette architecture permet de faire tourner des mod\u00e8les IA complexes directement sur l\u2019iPhone.<\/p>\n<p class=\"shortcode-container see-more\">\n    Pour aller plus loin<br \/><a href=\"https:\/\/www.frandroid.com\/marques\/apple\/2788973_apple-a19-pro-voici-les-secrets-de-la-puissance-de-liphone-17-pro-et-de-liphone-air\" target=\"_blank\" rel=\"noopener\">Apple A19 Pro : voici les secrets de la puissance de l\u2019iPhone 17 Pro et de l\u2019iPhone Air<\/a>\n            <\/p>\n<p>Le MetalFX Upscaling am\u00e9liore la d\u00e9finition des jeux en temps r\u00e9el via l\u2019IA, tandis que le ray tracing mat\u00e9riel produit des \u00e9clairages photor\u00e9alistes. <\/p>\n<p class=\"shortcode-container see-more\">\n    Pour aller plus loin<br \/><a href=\"https:\/\/www.frandroid.com\/marques\/apple\/2788973_apple-a19-pro-voici-les-secrets-de-la-puissance-de-liphone-17-pro-et-de-liphone-air\" target=\"_blank\" rel=\"noopener\">Apple A19 Pro : voici les secrets de la puissance de l\u2019iPhone 17 Pro et de l\u2019iPhone Air<\/a>\n            <\/p>\n<p>8. Strat\u00e9gie eSIM et stockage 2 To<\/p>\n<p>Apple g\u00e9n\u00e9ralise l\u2019eSIM sur l\u2019iPhone Air et propose pour la premi\u00e8re fois <a href=\"https:\/\/www.frandroid.com\/marques\/apple\/2789377_apple-lance-liphone-le-plus-cher-au-monde\" target=\"_blank\" rel=\"noopener\">2 To de stockage sur l\u2019iPhone 17 Pro Max (2479 euros)<\/a>. Cette capacit\u00e9 r\u00e9pond aux besoins des cr\u00e9ateurs vid\u00e9o travaillant en ProRes RAW directement sur iPhone.<\/p>\n<p><a href=\"https:\/\/images.frandroid.com\/wp-content\/uploads\/2025\/09\/apple-event-september-9-58-6-screenshot-1.jpg\" target=\"_blank\" class=\"article-content__figure\" rel=\"noopener\"><img loading=\"lazy\" decoding=\"async\" width=\"1200\" height=\"675\" src=\"https:\/\/www.europesays.com\/fr\/wp-content\/uploads\/2025\/09\/apple-event-september-9-58-6-screenshot-1-1200x675.jpg\" alt=\"\" class=\"wp-image-2789753 wp-image\"  \/><\/a><\/p>\n<p>Quant \u00e0 la strat\u00e9gie <a href=\"https:\/\/www.frandroid.com\/produits-android\/smartphone\/1311679_esim-definition-operateurs-et-smartphones-compatibles-tout-savoir-sur-la-carte-sim-virtuelle\" target=\"_blank\" rel=\"noopener\">eSIM<\/a> d\u2019Apple, elle facilite les changements d\u2019op\u00e9rateur et lib\u00e8re de l\u2019espace interne. Elles permettent aussi \u00e0 Apple de renforcer son contr\u00f4le sur l\u2019\u00e9cosyst\u00e8me mobile et de red\u00e9finir ses relations avec les op\u00e9rateurs.\u00a0La firme am\u00e9ricaine peut d\u00e9sormais influencer directement le processus d\u2019activation des lignes, traditionnellement g\u00e9r\u00e9 par les seuls op\u00e9rateurs.<\/p>\n<p class=\"shortcode-container see-more\">\n    Pour aller plus loin<br \/><a href=\"https:\/\/www.frandroid.com\/marques\/apple\/2789377_apple-lance-liphone-le-plus-cher-au-monde\" target=\"_blank\" rel=\"noopener\">Apple lance l\u2019iPhone le plus cher au monde<\/a>\n            <\/p>\n<p>Rejoignez-nous de 17 \u00e0 19h, un mercredi sur deux, pour l\u2019\u00e9mission <strong>UNLOCK<\/strong> produite par <strong>Frandroid<\/strong> et <strong>Numerama<\/strong> ! Actus tech, interviews, astuces et analyses\u2026 On se retrouve <a href=\"https:\/\/www.twitch.tv\/frandroidlive\" target=\"_blank\" rel=\"noopener\">en direct sur Twitch<\/a> ou en rediffusion <a href=\"https:\/\/www.youtube.com\/@unlocktalk\" target=\"_blank\" rel=\"noopener\">sur YouTube<\/a> !<\/p>\n","protected":false},"excerpt":{"rendered":"La keynote Apple 2025 confirme la strat\u00e9gie sant\u00e9 et design de la firme. iPhone Air de 5,6 mm,&hellip;\n","protected":false},"author":2,"featured_media":380111,"comment_status":"","ping_status":"","sticky":false,"template":"","format":"standard","meta":{"footnotes":""},"categories":[7],"tags":[270,1011,27,43,40,41,39,42,44],"class_list":{"0":"post-380110","1":"post","2":"type-post","3":"status-publish","4":"format-standard","5":"has-post-thumbnail","7":"category-sciences-et-technologies","8":"tag-breaking","9":"tag-fr","10":"tag-france","11":"tag-science","12":"tag-science-and-technology","13":"tag-sciences","14":"tag-sciences-et-technologies","15":"tag-technologies","16":"tag-technology"},"share_on_mastodon":{"url":"https:\/\/pubeurope.com\/@fr\/115179702797965964","error":""},"_links":{"self":[{"href":"https:\/\/www.europesays.com\/fr\/wp-json\/wp\/v2\/posts\/380110","targetHints":{"allow":["GET"]}}],"collection":[{"href":"https:\/\/www.europesays.com\/fr\/wp-json\/wp\/v2\/posts"}],"about":[{"href":"https:\/\/www.europesays.com\/fr\/wp-json\/wp\/v2\/types\/post"}],"author":[{"embeddable":true,"href":"https:\/\/www.europesays.com\/fr\/wp-json\/wp\/v2\/users\/2"}],"replies":[{"embeddable":true,"href":"https:\/\/www.europesays.com\/fr\/wp-json\/wp\/v2\/comments?post=380110"}],"version-history":[{"count":0,"href":"https:\/\/www.europesays.com\/fr\/wp-json\/wp\/v2\/posts\/380110\/revisions"}],"wp:featuredmedia":[{"embeddable":true,"href":"https:\/\/www.europesays.com\/fr\/wp-json\/wp\/v2\/media\/380111"}],"wp:attachment":[{"href":"https:\/\/www.europesays.com\/fr\/wp-json\/wp\/v2\/media?parent=380110"}],"wp:term":[{"taxonomy":"category","embeddable":true,"href":"https:\/\/www.europesays.com\/fr\/wp-json\/wp\/v2\/categories?post=380110"},{"taxonomy":"post_tag","embeddable":true,"href":"https:\/\/www.europesays.com\/fr\/wp-json\/wp\/v2\/tags?post=380110"}],"curies":[{"name":"wp","href":"https:\/\/api.w.org\/{rel}","templated":true}]}}