{"id":380112,"date":"2025-09-10T11:12:14","date_gmt":"2025-09-10T11:12:14","guid":{"rendered":"https:\/\/www.europesays.com\/fr\/380112\/"},"modified":"2025-09-10T11:12:14","modified_gmt":"2025-09-10T11:12:14","slug":"alstom-grimpe-apres-une-nouvelle-commande-aux-etats-unis-bons-signes-pour-le-t2-10-09-2025-a-1054","status":"publish","type":"post","link":"https:\/\/www.europesays.com\/fr\/380112\/","title":{"rendered":"Alstom grimpe apr\u00e8s une nouvelle commande aux Etats-Unis, bons signes pour le T2 &#8211; 10\/09\/2025 \u00e0 10:54"},"content":{"rendered":"<p>        <img fetchpriority=\"high\" decoding=\"async\" src=\"https:\/\/www.europesays.com\/fr\/wp-content\/uploads\/2025\/09\/542fcbc84f5c58f7b5ddcd47e321395d-760x507.jpg\" alt=\"L'usine Alstom d'Aytre, pr\u00e8s de La Rochelle\" loading=\"eager\" width=\"760\" height=\"507\" style=\"max-width: 100%!important; height: auto;\"\/><\/p>\n<p class=\"c-image-news__legend\">L&rsquo;usine Alstom d&rsquo;Aytre, pr\u00e8s de La Rochelle<\/p>\n<p>\n Alstom grimpe mercredi \u00e0 la Bourse de Paris apr\u00e8s avoir annonc\u00e9 la veille une nouvelle commande de voitures et locomotives aux Etats-Unis pour une valeur totale d&rsquo;environ 1,1 milliard d&rsquo;euros, ce qui, selon les analystes, constitue un bon signe pour son deuxi\u00e8me trimestre.\n<\/p>\n<p>\n Le fabricant fran\u00e7ais de trains et de syst\u00e8mes de signalisation pour les r\u00e9seaux ferroviaires progresse de 6,4% vers 08h30 GMT, enregistrant la meilleure performance de l&rsquo;indice SFB 120, qui prend 0,52% au m\u00eame moment.\n<\/p>\n<p>\n Le groupe a annonc\u00e9 mardi soir que l&rsquo;agence am\u00e9ricaine de transport public NJ Transit avait exerc\u00e9 des options pour acheter 200 voitures Multilevel III suppl\u00e9mentaires et 12 locomotives ALP 45 bimodes.\n<\/p>\n<p>\n Cette nouvelle commande s&rsquo;ajoute aux 174 v\u00e9hicules Multilevel III que NJ Transit avait pr\u00e9c\u00e9demment command\u00e9s \u00e0 Alstom, pr\u00e9cise le groupe.\n<\/p>\n<p>\n Les analystes de J.P.Morgan soulignent dans une note publi\u00e9e mercredi qu&rsquo;Alstom a annonc\u00e9 des commandes d&rsquo;une valeur d&rsquo;environ 1,5 milliard d&rsquo;euros au cours des deux derniers jours, ce qui porte le total des commandes importantes du trimestre \u00e0 environ 4,4 milliards d&rsquo;euros.\n<\/p>\n<p>\n \u00ab\u00a0Les commandes non annonc\u00e9es\/de base se situent g\u00e9n\u00e9ralement entre 1,5 et 2,0 milliards d&rsquo;euros par trimestre, et m\u00eame dans le bas de cette fourchette, les commandes devraient d\u00e9sormais d\u00e9passer les 6 milliards d&rsquo;euros\u00a0\u00bb, \u00e9crit le courtier, ajoutant que ce chiffre est nettement sup\u00e9rieur \u00e0 sa propre estimation de 4,8 milliards d&rsquo;euros.\n<\/p>\n<p>\n \u00ab\u00a0Le montant r\u00e9el des commandes pourrait m\u00eame \u00eatre plus \u00e9lev\u00e9, \u00e9tant donn\u00e9 qu&rsquo;il reste encore trois semaines avant la fin du trimestre\u00a0\u00bb, ajoute J.P. Morgan.\n<\/p>\n<p>\n Outre le contrat annonc\u00e9 mercredi aux Etats-Unis, Alstom a dit lundi avoir sign\u00e9 un contrat de 538 millions d&rsquo;euros avec le Conseil r\u00e9gional du Grand Wellington, en Nouvelle-Z\u00e9lande, en vue de fournir 18 trains p\u00e9riurbains \u00e9lectriques \u00e0 batterie.\n<\/p>\n<p>\n Le groupe doit publier ses r\u00e9sultats semestriels le 13 novembre prochain.\n<\/p>\n<p>\n (R\u00e9dig\u00e9 par Diana Mandi\u00e1, \u00e9dit\u00e9 par Augustin Turpin)<\/p>\n","protected":false},"excerpt":{"rendered":"L&rsquo;usine Alstom d&rsquo;Aytre, pr\u00e8s de La Rochelle Alstom grimpe mercredi \u00e0 la Bourse de Paris apr\u00e8s avoir annonc\u00e9&hellip;\n","protected":false},"author":2,"featured_media":380113,"comment_status":"","ping_status":"","sticky":false,"template":"","format":"standard","meta":{"footnotes":""},"categories":[6],"tags":[400,398,408,35,405,33,34,1011,27,403,402,399,404,401,406,407],"class_list":{"0":"post-380112","1":"post","2":"type-post","3":"status-publish","4":"format-standard","5":"has-post-thumbnail","7":"category-economie","8":"tag-action-cac-40","9":"tag-bourse-de-paris","10":"tag-boursorama","11":"tag-business","12":"tag-cotations","13":"tag-economie","14":"tag-economy","15":"tag-fr","16":"tag-france","17":"tag-indices-devises","18":"tag-investir","19":"tag-investissement","20":"tag-marche-boursier","21":"tag-sicav","22":"tag-trackers","23":"tag-warrants"},"share_on_mastodon":{"url":"https:\/\/pubeurope.com\/@fr\/115179706421725334","error":""},"_links":{"self":[{"href":"https:\/\/www.europesays.com\/fr\/wp-json\/wp\/v2\/posts\/380112","targetHints":{"allow":["GET"]}}],"collection":[{"href":"https:\/\/www.europesays.com\/fr\/wp-json\/wp\/v2\/posts"}],"about":[{"href":"https:\/\/www.europesays.com\/fr\/wp-json\/wp\/v2\/types\/post"}],"author":[{"embeddable":true,"href":"https:\/\/www.europesays.com\/fr\/wp-json\/wp\/v2\/users\/2"}],"replies":[{"embeddable":true,"href":"https:\/\/www.europesays.com\/fr\/wp-json\/wp\/v2\/comments?post=380112"}],"version-history":[{"count":0,"href":"https:\/\/www.europesays.com\/fr\/wp-json\/wp\/v2\/posts\/380112\/revisions"}],"wp:featuredmedia":[{"embeddable":true,"href":"https:\/\/www.europesays.com\/fr\/wp-json\/wp\/v2\/media\/380113"}],"wp:attachment":[{"href":"https:\/\/www.europesays.com\/fr\/wp-json\/wp\/v2\/media?parent=380112"}],"wp:term":[{"taxonomy":"category","embeddable":true,"href":"https:\/\/www.europesays.com\/fr\/wp-json\/wp\/v2\/categories?post=380112"},{"taxonomy":"post_tag","embeddable":true,"href":"https:\/\/www.europesays.com\/fr\/wp-json\/wp\/v2\/tags?post=380112"}],"curies":[{"name":"wp","href":"https:\/\/api.w.org\/{rel}","templated":true}]}}