{"id":380117,"date":"2025-09-10T11:16:55","date_gmt":"2025-09-10T11:16:55","guid":{"rendered":"https:\/\/www.europesays.com\/fr\/380117\/"},"modified":"2025-09-10T11:16:55","modified_gmt":"2025-09-10T11:16:55","slug":"le-stephanois-dony-a-choisi-lequipe-de-patrick-fiori","status":"publish","type":"post","link":"https:\/\/www.europesays.com\/fr\/380117\/","title":{"rendered":"le St\u00e9phanois Dony a choisi l\u2019\u00e9quipe de Patrick Fiori"},"content":{"rendered":"<p>\u00ab\u00a0Ta voix, elle est magnifique. Il a une voix d\u2019op\u00e9ra, une technicit\u00e9 magnifique, il est \u00e0 l\u2019aise, il prend du plaisir, il est content de chanter pour les gens [\u2026] Je le veux dans mon \u00e9quipe\u00a0\u00bb.<\/p>\n<p>Samedi soir, sur le plateau de The Voice Kids, <a href=\"https:\/\/www.leprogres.fr\/p\/soprano\" target=\"_blank\" rel=\"nofollow noopener\">Soprano<\/a> a \u00e9t\u00e9 le premier \u00e0 faire retourner son si\u00e8ge lors de la prestation du St\u00e9phanois Dony, qui avait choisi de reprendre Bella Ciao.<\/p>\n<p>  \u00ab\u00a0D\u00e8s la premi\u00e8re note, on a senti ton talent\u00a0\u00bb<\/p>\n<p>Lors de <a href=\"https:\/\/www.leprogres.fr\/societe\/2025\/09\/05\/the-voice-kids-le-stephanois-dony-a-l-epreuve-des-auditions-a-l-aveugle\" target=\"_blank\" rel=\"nofollow noopener\">ce second \u00e9pisode des \u00ab auditions \u00e0 l\u2019aveugle \u00bb<\/a>, Santa, dont le si\u00e8ge rouge s\u2019est retourn\u00e9 au m\u00eame moment que le rappeur marseillais, a encha\u00een\u00e9\u00a0: \u00ab\u00a0D\u00e8s la premi\u00e8re note, on a senti ton talent, ta bonne humeur, ta voix pleine. Tu avais tout pour ambiancer le public et nos c\u0153urs.\u00a0\u00bb<\/p>\n<p>Des louanges qui ont fait pleurer le coll\u00e9gien de 14 ans \u00e0 peine sorti du plateau. Pourtant, c\u2019est bien l\u2019\u00e9quipe de Patrick Fiori, le dernier \u00e0 avoir valid\u00e9 sa prestation, que Dony a choisi de rejoindre (seul le si\u00e8ge de <a href=\"https:\/\/www.leprogres.fr\/p\/m-pokora\" target=\"_blank\" rel=\"nofollow noopener\">Matt Pokora<\/a> ne s\u2019est pas retourn\u00e9). Heureux d\u2019\u00eatre devenu son coach, celui qui incarnait Phoebus dans la com\u00e9die musicale Notre-Dame-de-Paris (1998) a fait un joli clin d\u2019\u0153il au jeune St\u00e9phanois en reprenant le refrain du Allez les Verts de Jacques Monty.<\/p>\n<p>Une mont\u00e9e en puissance<\/p>\n<p>Dans sa version du chant de r\u00e9volte italien, Dony a propos\u00e9 une entame lente avec un accompagnement au piano avant une mont\u00e9e en puissance et une acc\u00e9l\u00e9ration du rythme. De quoi mettre le feu dans le studio d\u2019enregistrement de la saison 11 de The Voice Kids.<\/p>\n<p>En coulisses, les membres de sa famille d\u2019origine sicilienne ont l\u00e2ch\u00e9 quelques \u00ab\u00a0forza\u00a0\u00bb. Prochaine \u00e9tape pour le St\u00e9phanois fan de <a href=\"https:\/\/www.leprogres.fr\/p\/lara-fabian\" target=\"_blank\" rel=\"nofollow noopener\">Lara Fabian<\/a> et de rap fran\u00e7ais\u00a0: \u00ab\u00a0l\u2019\u00e9tape des groupes\u00a0\u00bb.<\/p>\n<p class=\"note\">Le dernier \u00e9pisode des \u00ab\u00a0auditions \u00e0 l\u2019aveugle\u00a0\u00bb sera diffus\u00e9 ce samedi 13\u00a0septembre sur TF1 (21\u00a0h\u00a010). Samedi 20\u00a0septembre aura lieu l\u2019in\u00e9dite \u00ab\u00a0\u00e9tape des groupes\u00a0\u00bb, ultime \u00e9tape avant la \u00ab\u00a0grande finale\u00a0\u00bb.<\/p>\n","protected":false},"excerpt":{"rendered":"\u00ab\u00a0Ta voix, elle est magnifique. Il a une voix d\u2019op\u00e9ra, une technicit\u00e9 magnifique, il est \u00e0 l\u2019aise, il&hellip;\n","protected":false},"author":2,"featured_media":380118,"comment_status":"","ping_status":"","sticky":false,"template":"","format":"standard","meta":{"footnotes":""},"categories":[9653],"tags":[1111,11,2430,1687,7539,1777,674,1011,27,3367,873,12,25,4001,7538,104,2205],"class_list":{"0":"post-380117","1":"post","2":"type-post","3":"status-publish","4":"format-standard","5":"has-post-thumbnail","7":"category-saint-etienne","8":"tag-actu","9":"tag-actualites","10":"tag-auvergne-rhone-alpes","11":"tag-culture-loisirs","12":"tag-edition-loire-sud","13":"tag-eu","14":"tag-europe","15":"tag-fr","16":"tag-france","17":"tag-loire","18":"tag-musique","19":"tag-news","20":"tag-republique-francaise","21":"tag-saint-etienne","22":"tag-saint-etienne-ville","23":"tag-societe","24":"tag-television-medias"},"share_on_mastodon":{"url":"https:\/\/pubeurope.com\/@fr\/115179725962530237","error":""},"_links":{"self":[{"href":"https:\/\/www.europesays.com\/fr\/wp-json\/wp\/v2\/posts\/380117","targetHints":{"allow":["GET"]}}],"collection":[{"href":"https:\/\/www.europesays.com\/fr\/wp-json\/wp\/v2\/posts"}],"about":[{"href":"https:\/\/www.europesays.com\/fr\/wp-json\/wp\/v2\/types\/post"}],"author":[{"embeddable":true,"href":"https:\/\/www.europesays.com\/fr\/wp-json\/wp\/v2\/users\/2"}],"replies":[{"embeddable":true,"href":"https:\/\/www.europesays.com\/fr\/wp-json\/wp\/v2\/comments?post=380117"}],"version-history":[{"count":0,"href":"https:\/\/www.europesays.com\/fr\/wp-json\/wp\/v2\/posts\/380117\/revisions"}],"wp:featuredmedia":[{"embeddable":true,"href":"https:\/\/www.europesays.com\/fr\/wp-json\/wp\/v2\/media\/380118"}],"wp:attachment":[{"href":"https:\/\/www.europesays.com\/fr\/wp-json\/wp\/v2\/media?parent=380117"}],"wp:term":[{"taxonomy":"category","embeddable":true,"href":"https:\/\/www.europesays.com\/fr\/wp-json\/wp\/v2\/categories?post=380117"},{"taxonomy":"post_tag","embeddable":true,"href":"https:\/\/www.europesays.com\/fr\/wp-json\/wp\/v2\/tags?post=380117"}],"curies":[{"name":"wp","href":"https:\/\/api.w.org\/{rel}","templated":true}]}}