{"id":380121,"date":"2025-09-10T11:19:16","date_gmt":"2025-09-10T11:19:16","guid":{"rendered":"https:\/\/www.europesays.com\/fr\/380121\/"},"modified":"2025-09-10T11:19:16","modified_gmt":"2025-09-10T11:19:16","slug":"expo-zizania-a-la-bu-ingenieurs-brabois-factuel","status":"publish","type":"post","link":"https:\/\/www.europesays.com\/fr\/380121\/","title":{"rendered":"[Expo] \u00ab\u00a0ZizanIA\u00a0\u00bb \u00e0 la BU ing\u00e9nieurs Brabois &#8211; Factuel"},"content":{"rendered":"<p>Temps de lecture : 1 minute<\/p>\n<p>Informations pratiques<\/p>\n<p><strong>Localisation<\/strong> : BU ing\u00e9nieurs Brabois &#8211; 2 avenue de la for\u00eat de Haye &#8211; 54500 Vandoeuvre-l\u00e8s-Nancy<\/p>\n<p> <strong>Date de d\u00e9but<\/strong> : 22\/09\/2025 <strong>Date de fin<\/strong> : 24\/10\/2025<\/p>\n<p> <strong>ZizanIA ?<\/strong><\/p>\n<p class=\"MsoNormal\" style=\"text-align: left;text-indent: 0cm\" align=\"left\">Il s\u2019agit d\u2019une exposition qui m\u00eale des \u0153uvres d\u2019art r\u00e9alis\u00e9es par des \u00eatres humains et d\u2019autres cr\u00e9\u00e9es par l\u2019IA sur des th\u00e9matiques similaires. Cependant, nous ne vous dirons pas imm\u00e9diatement qui a fait quoi !<\/p>\n<p class=\"MsoNormal\" style=\"text-align: left;text-indent: 0cm\" align=\"left\">Cette exposition est \u00e0 d\u00e9couvrir du <strong>22 septembre au 24 octobre 2025<\/strong> \u00e0 la <strong>BU Ing\u00e9nieurs Brabois<\/strong>.<\/p>\n<p class=\"MsoNormal\" style=\"text-align: left;text-indent: 0cm\" align=\"left\">Une version num\u00e9rique est \u00e9galement accessible sur l\u2019<a href=\"https:\/\/bu-lorraine.artsteps.com\/view\/64771111d62ed45bc445a22d\" target=\"_blank\" rel=\"noopener\">e-Mus\u00e9e<\/a>.<\/p>\n<p class=\"MsoNormal\" style=\"text-align: left;text-indent: 0cm\" align=\"left\">Entr\u00e9e libre et accessible aux personnes \u00e0 mobilit\u00e9 r\u00e9duite.<\/p>\n<p><\/p>\n","protected":false},"excerpt":{"rendered":"Temps de lecture : 1 minute Informations pratiques Localisation : BU ing\u00e9nieurs Brabois &#8211; 2 avenue de la&hellip;\n","protected":false},"author":2,"featured_media":380122,"comment_status":"","ping_status":"","sticky":false,"template":"","format":"standard","meta":{"footnotes":""},"categories":[9635],"tags":[1111,11,1777,674,1011,27,775,1702,12,25],"class_list":{"0":"post-380121","1":"post","2":"type-post","3":"status-publish","4":"format-standard","5":"has-post-thumbnail","7":"category-nancy","8":"tag-actu","9":"tag-actualites","10":"tag-eu","11":"tag-europe","12":"tag-fr","13":"tag-france","14":"tag-grand-est","15":"tag-nancy","16":"tag-news","17":"tag-republique-francaise"},"share_on_mastodon":{"url":"https:\/\/pubeurope.com\/@fr\/115179733814149290","error":""},"_links":{"self":[{"href":"https:\/\/www.europesays.com\/fr\/wp-json\/wp\/v2\/posts\/380121","targetHints":{"allow":["GET"]}}],"collection":[{"href":"https:\/\/www.europesays.com\/fr\/wp-json\/wp\/v2\/posts"}],"about":[{"href":"https:\/\/www.europesays.com\/fr\/wp-json\/wp\/v2\/types\/post"}],"author":[{"embeddable":true,"href":"https:\/\/www.europesays.com\/fr\/wp-json\/wp\/v2\/users\/2"}],"replies":[{"embeddable":true,"href":"https:\/\/www.europesays.com\/fr\/wp-json\/wp\/v2\/comments?post=380121"}],"version-history":[{"count":0,"href":"https:\/\/www.europesays.com\/fr\/wp-json\/wp\/v2\/posts\/380121\/revisions"}],"wp:featuredmedia":[{"embeddable":true,"href":"https:\/\/www.europesays.com\/fr\/wp-json\/wp\/v2\/media\/380122"}],"wp:attachment":[{"href":"https:\/\/www.europesays.com\/fr\/wp-json\/wp\/v2\/media?parent=380121"}],"wp:term":[{"taxonomy":"category","embeddable":true,"href":"https:\/\/www.europesays.com\/fr\/wp-json\/wp\/v2\/categories?post=380121"},{"taxonomy":"post_tag","embeddable":true,"href":"https:\/\/www.europesays.com\/fr\/wp-json\/wp\/v2\/tags?post=380121"}],"curies":[{"name":"wp","href":"https:\/\/api.w.org\/{rel}","templated":true}]}}