{"id":380123,"date":"2025-09-10T11:21:13","date_gmt":"2025-09-10T11:21:13","guid":{"rendered":"https:\/\/www.europesays.com\/fr\/380123\/"},"modified":"2025-09-10T11:21:13","modified_gmt":"2025-09-10T11:21:13","slug":"upm-veut-arreter-la-production-sur-le-site-de-pompey-a-cote-de-nancy-menacant-82-emplois","status":"publish","type":"post","link":"https:\/\/www.europesays.com\/fr\/380123\/","title":{"rendered":"UPM veut arr\u00eater la production sur le site de Pompey, \u00e0 c\u00f4t\u00e9 de Nancy, mena\u00e7ant 82 emplois"},"content":{"rendered":"<p melodystyle=\"texte\">L\u2019avenir s\u2019assombrit pour le site UPM de Pompey (Meurthe-et-Moselle). Pour Tim Kirchen, le vice-pr\u00e9sident d\u2019UPM Adhesive Materials (CA : 1,6 Md\u20ac ; 3 200 salari\u00e9s), la branche charg\u00e9e des produits auto-adh\u00e9sifs du groupe finlandais UPM (CA : 10,3 Md\u20ac ; 15 800 salari\u00e9s), l\u2019enjeu se trouve dans la comp\u00e9titivit\u00e9 : \u00ab\u00a0En centralisant la production dans des usines plus comp\u00e9titives, nous am\u00e9liorerons \u00e9galement l\u2019efficacit\u00e9 des co\u00fbts et la qualit\u00e9 de nos produits\u00a0\u00bb. L\u2019usine vis\u00e9e par cette d\u00e9claration se trouve en p\u00e9riph\u00e9rie de Nancy, sur la commune de Pompey : UPM Adhesive Materials y emploie 145 salari\u00e9s dans une unit\u00e9 de fabrication de papier adh\u00e9sif et d\u2019\u00e9tiquettes.<\/p>\n<p>D\u00e9j\u00e0 50 postes supprim\u00e9s en 2023<\/p>\n<p melodystyle=\"texte\">Le groupe envisage \u00ab\u00a0d\u2019arr\u00eater la production\u00a0\u00bb sur le site, tout en continuant \u00e0 fonctionner comme un \u00ab\u00a0terminal de distribution\u00a0\u00bb des produits UPM Adhesive Materials. Une d\u00e9cision motiv\u00e9e par des surcapacit\u00e9s sur le march\u00e9, r\u00e9sultant d\u2019apr\u00e8s UPM Adhesive Materials d\u2019\u00e9volutions qualifi\u00e9es \u00ab\u00a0d\u2019exceptionnelles\u00a0\u00bb au cours des derni\u00e8res ann\u00e9es. D\u00e9j\u00e0 en 2023, les dirigeants d\u2019UPM Adhesive Materials, soci\u00e9t\u00e9 qui s\u2019appelait alors Raflatac, avaient \u00e9voqu\u00e9 une baisse d\u2019activit\u00e9 de 31 % pour justifier la suppression de 50 postes \u00e0 Pompey. Une part de la production du site lorrain avait \u00e9t\u00e9 d\u00e9localis\u00e9e en Pologne.<\/p>\n<p>Vers un \u00ab\u00a0terminal de distribution\u00a0\u00bb<\/p>\n<p melodystyle=\"texte\">Un plan social qui n\u2019avait pas \u00e9t\u00e9 assez loin aux yeux de Tim Kirchen. \u00ab\u00a0Ces changements pr\u00e9vus visent \u00e0 soutenir notre croissance en am\u00e9liorant la rentabilit\u00e9 globale de nos op\u00e9rations et en maximisant les synergies\u00a0\u00bb, d\u00e9taille dans un communiqu\u00e9 le dirigeant, sans laisser entendre que le site est vou\u00e9 une fermeture compl\u00e8te : \u00ab\u00a0Le site de Nancy devrait \u00eatre transform\u00e9 en terminal de distribution afin de continuer \u00e0 offrir un service de classe mondiale \u00e0 nos clients en Europe de l\u2019Ouest\u00a0\u00bb. D\u2019apr\u00e8s les \u00e9l\u00e9ments transmis par le groupe, 82 emplois seraient supprim\u00e9s sur le site meurthe-et-mosellan.<\/p>\n<p>Investissements sur d\u2019autres march\u00e9s<\/p>\n<p melodystyle=\"texte\">Exploitant un total de 12 sites de production \u00e0 travers le monde, la branche UPM Adhesive Materials revendique la croissance la plus rapide au sein du groupe UPM. Si l\u2019activit\u00e9 en Europe ne r\u00e9pond aux attentes du groupe, l\u2019entreprise a lanc\u00e9, d\u00e9but 2024, un investissement \u00e0 Toronto visant \u00e0 augmenter ses capacit\u00e9s de production en produits autocollants de papier et en mati\u00e8res synth\u00e9tiques pour l\u2019Am\u00e9rique du Nord et le Canada.<\/p>\n","protected":false},"excerpt":{"rendered":"L\u2019avenir s\u2019assombrit pour le site UPM de Pompey (Meurthe-et-Moselle). Pour Tim Kirchen, le vice-pr\u00e9sident d\u2019UPM Adhesive Materials (CA&hellip;\n","protected":false},"author":2,"featured_media":380124,"comment_status":"","ping_status":"","sticky":false,"template":"","format":"standard","meta":{"footnotes":""},"categories":[9635],"tags":[1111,11,1777,674,1011,27,775,1702,12,25],"class_list":{"0":"post-380123","1":"post","2":"type-post","3":"status-publish","4":"format-standard","5":"has-post-thumbnail","7":"category-nancy","8":"tag-actu","9":"tag-actualites","10":"tag-eu","11":"tag-europe","12":"tag-fr","13":"tag-france","14":"tag-grand-est","15":"tag-nancy","16":"tag-news","17":"tag-republique-francaise"},"share_on_mastodon":{"url":"https:\/\/pubeurope.com\/@fr\/115179741761798939","error":""},"_links":{"self":[{"href":"https:\/\/www.europesays.com\/fr\/wp-json\/wp\/v2\/posts\/380123","targetHints":{"allow":["GET"]}}],"collection":[{"href":"https:\/\/www.europesays.com\/fr\/wp-json\/wp\/v2\/posts"}],"about":[{"href":"https:\/\/www.europesays.com\/fr\/wp-json\/wp\/v2\/types\/post"}],"author":[{"embeddable":true,"href":"https:\/\/www.europesays.com\/fr\/wp-json\/wp\/v2\/users\/2"}],"replies":[{"embeddable":true,"href":"https:\/\/www.europesays.com\/fr\/wp-json\/wp\/v2\/comments?post=380123"}],"version-history":[{"count":0,"href":"https:\/\/www.europesays.com\/fr\/wp-json\/wp\/v2\/posts\/380123\/revisions"}],"wp:featuredmedia":[{"embeddable":true,"href":"https:\/\/www.europesays.com\/fr\/wp-json\/wp\/v2\/media\/380124"}],"wp:attachment":[{"href":"https:\/\/www.europesays.com\/fr\/wp-json\/wp\/v2\/media?parent=380123"}],"wp:term":[{"taxonomy":"category","embeddable":true,"href":"https:\/\/www.europesays.com\/fr\/wp-json\/wp\/v2\/categories?post=380123"},{"taxonomy":"post_tag","embeddable":true,"href":"https:\/\/www.europesays.com\/fr\/wp-json\/wp\/v2\/tags?post=380123"}],"curies":[{"name":"wp","href":"https:\/\/api.w.org\/{rel}","templated":true}]}}