{"id":380129,"date":"2025-09-10T11:24:13","date_gmt":"2025-09-10T11:24:13","guid":{"rendered":"https:\/\/www.europesays.com\/fr\/380129\/"},"modified":"2025-09-10T11:24:13","modified_gmt":"2025-09-10T11:24:13","slug":"marie-therese-mercier-et-cedric-fiolet-quinze-ans-davance","status":"publish","type":"post","link":"https:\/\/www.europesays.com\/fr\/380129\/","title":{"rendered":"Marie-Th\u00e9r\u00e8se Mercier et C\u00e9dric Fiolet, quinze ans d\u2019avance"},"content":{"rendered":"<p>            Par<br \/>\n        <strong><br \/>\n            <a href=\"https:\/\/actu.fr\/auteur\/lea-pippinato\" title=\"Consulter tous les articles de L\u00e9a Pippinato\" target=\"_blank\" rel=\"noopener\">L\u00e9a Pippinato<\/a><br \/>\n        <\/strong><\/p>\n<p>        Publi\u00e9 le<\/p>\n<p>            10 sept. 2025 \u00e0 12h30        <\/p>\n<p><strong>Quinze ans d\u00e9j\u00e0.<\/strong> Le 8 septembre 2010, l\u2019<strong>Arena de Montpellier<\/strong> ouvrait ses portes avec un concert d\u2019Indochine. Depuis, plus de 3 millions de spectateurs ont franchi ses portes, et la salle a accueilli plus de 300 \u00e9v\u00e9nements : concerts, comp\u00e9titions sportives, congr\u00e8s, expositions. Aujourd\u2019hui baptis\u00e9e <strong>Sud de France Arena<\/strong>, implant\u00e9e dans la commune de <strong>P\u00e9rols,<\/strong> elle reste la plus grande salle de spectacle d\u2019Occitanie et l\u2019un des \u00e9quipements majeurs du sud de la France.<\/p>\n<p>    <a href=\"https:\/\/www.google.com\/maps\/embed?pb=!1m18!1m12!1m3!1d23115.34922865283!2d3.8371328!3d43.597823999999996!2m3!1f0!2f0!3f0!3m2!1i1024!2i768!4f13.1!3m3!1m2!1s0x12b6a4d5fc7a3bf7%3A0x7409bb29f43e093a!2sSud%20de%20France%20Arena!5e0!3m2!1sfr!2sfr!4v1757442863931!5m2!1sfr!2sfr\" title=\"Ouvrie le lien\" target=\"_blank\" rel=\"noopener\">Cliquez ici pour visualiser le contenu<\/a><\/p>\n<p class=\" wall-content\">Construite \u00e0 P\u00e9rols, dans la continuit\u00e9 du Parc des Expositions, l\u2019Arena a marqu\u00e9 un tournant pour le territoire. \u00c0 l\u2019\u00e9poque, elle n\u2019avait aucun \u00e9quivalent. Elle fut la premi\u00e8re grande salle multimodale en r\u00e9gion, pens\u00e9e d\u00e8s l\u2019origine pour conjuguer trois univers : la culture, le sport et l\u2019\u00e9v\u00e9nementiel \u00e9conomique. Quinze ans plus tard, ce pari semble gagn\u00e9. <strong>Depuis 2019<\/strong>, la SPL Occitanie Events investit dans ses espaces et g\u00e9n\u00e8re une rentabilit\u00e9 d\u2019exploitation qui soutient le d\u00e9veloppement du territoire.<\/p>\n<p class=\" wall-content\">De Shakira \u00e0 Sting, de l\u2019EuroBasket aux championnats du monde de patinage artistique, en passant par les finales europ\u00e9ennes de League of Legends, l\u2019Arena a multipli\u00e9 les rendez-vous m\u00e9morables. Son r\u00f4le a aussi \u00e9volu\u00e9 : le march\u00e9 du spectacle a chang\u00e9, les usages ont mut\u00e9, l\u2019\u00e9v\u00e9nementiel professionnel s\u2019est impos\u00e9. D\u00e9sormais g\u00e9r\u00e9e par<strong> la SPL Occitanie Events<\/strong>, pr\u00e9sid\u00e9e par <strong>Marie-Th\u00e9r\u00e8se Mercier,<\/strong> conseill\u00e8re r\u00e9gionale de la R\u00e9gion Occitanie, et dirig\u00e9e par <strong>C\u00e9dric Fiolet<\/strong>, la salle poursuit sa mue. <strong>Interview.<\/strong><\/p>\n<p>Quinze ans apr\u00e8s son inauguration, que repr\u00e9sente l\u2019Arena pour vous ?<\/p>\n<p class=\" wall-content\"><strong>C\u00e9dric Fiolet :<\/strong> C\u2019est un symbole. Quand elle a ouvert, en 2010, c\u2019\u00e9tait la deuxi\u00e8me Arena de France et la premi\u00e8re en r\u00e9gion. Une salle multimodale, pens\u00e9e pour accueillir des concerts, du sport et des \u00e9v\u00e9nements professionnels. Personne n\u2019y croyait vraiment. Beaucoup estimaient qu\u2019une ville comme Montpellier n\u2019avait pas la capacit\u00e9 d\u2019attirer assez d\u2019artistes et de comp\u00e9titions pour la faire vivre. Quinze ans plus tard, nous avons prouv\u00e9 l\u2019inverse. L\u2019Arena a trouv\u00e9 sa place dans le paysage national et elle a contribu\u00e9 \u00e0 renforcer l\u2019image de la m\u00e9tropole.<\/p>\n<p class=\" wall-content\"><strong>Marie-Th\u00e9r\u00e8se Mercier :<\/strong> C\u2019est un outil qui a m\u00fbri avec \u00e9l\u00e9gance. Il faut rappeler l\u2019audace visionnaire de Georges Fr\u00eache. C\u2019est lui qui a voulu doter Montpellier de cette salle pionni\u00e8re, \u00e0 une \u00e9poque o\u00f9 peu de villes y croyaient. Sans son ambition et sa capacit\u00e9 \u00e0 anticiper, l\u2019Arena n\u2019aurait pas vu le jour. Elle reste moderne, modulable, adapt\u00e9e \u00e0 tous les formats. Et surtout, elle a accompagn\u00e9 l\u2019\u00e9volution des pratiques culturelles et sportives. Nous avons vu se succ\u00e9der des g\u00e9n\u00e9rations de publics : les fans de vari\u00e9t\u00e9s, de rock, de rap, les amateurs de sport, les jeunes passionn\u00e9s d\u2019e-sport, les congressistes venus du monde entier.<\/p>\n<p>Vid\u00e9os : en ce moment sur ActuLe march\u00e9 du spectacle a beaucoup \u00e9volu\u00e9.<\/p>\n<p class=\" wall-content\"><strong>C\u00e9dric Fiolet :<\/strong> En 2010, les grandes stars internationales passaient encore par des salles de 14 000 places. Shakira, Rihanna, Beyonc\u00e9 pouvaient venir \u00e0 Montpellier. Aujourd\u2019hui, c\u2019est termin\u00e9. Les tourn\u00e9es mondiales n\u00e9cessitent des jauges de 50 000 ou 60 000 spectateurs. Elles vont dans les stades ou dans les festivals. Cela a profond\u00e9ment chang\u00e9 notre programmation. Nous continuons d\u2019accueillir des artistes internationaux, mais sur des jauges interm\u00e9diaires : 8 000 \u00e0 13 000 places. Sting, le Cirque du Soleil ou 50 Cent, par exemple. Et nous travaillons beaucoup plus avec la sc\u00e8ne fran\u00e7aise, qui est en plein essor. L\u2019urbain a pris une importance consid\u00e9rable. C\u2019est la musique la plus \u00e9cout\u00e9e en France aujourd\u2019hui. Des artistes comme SDM ou Ninho remplissent l\u2019Arena en quelques semaines, avec parfois deux dates \u00e0 la suite. En parall\u00e8le, les artistes de vari\u00e9t\u00e9s restent tr\u00e8s demand\u00e9s. Les 4 dates d\u2019Indochine en mars ont affich\u00e9 complet. Nous devons composer avec cette diversit\u00e9. C\u2019est une force : l\u2019Arena n\u2019a jamais \u00e9t\u00e9 cantonn\u00e9e \u00e0 un seul genre. Elle accueille du rock, du classique, du rap, de la vari\u00e9t\u00e9, de l\u2019\u00e9lectro. Et c\u2019est cette pluralit\u00e9 qui la rend vivante.<\/p>\n<p>    <img   decoding=\"async\" loading=\"lazy\" src=\"https:\/\/www.europesays.com\/fr\/wp-content\/uploads\/2025\/09\/l1080032-960x640.jpg\" alt=\"Concerts, comp\u00e9titions sportives, congr\u00e8s, expositions : plus de 300 \u00e9v\u00e9nements se sont d\u00e9roul\u00e9s dans cette salle multimodale.\" width=\"960\" height=\"640\"\/><br \/>\n    Concerts, comp\u00e9titions sportives, congr\u00e8s, expositions : plus de 300 \u00e9v\u00e9nements se sont d\u00e9roul\u00e9s dans cette salle multimodale. (\u00a9Mario Sinistaj)<\/p>\n<p>Votre r\u00e9gion, votre actu !<\/p>\n<p>Recevez chaque jour les infos qui comptent pour vous.<\/p>\n<p>\t<a href=\"https:\/\/actu.fr\/newsletter\" class=\"ac-btn ac-btn--corner ac-btn--medium ac-btn--blue800\" target=\"_blank\" rel=\"noopener\">S&rsquo;incrire<\/a><br \/>\nL\u2019Arena, c\u2019est aussi une salle de sport.<\/p>\n<p class=\" wall-content\"><strong>Marie-Th\u00e9r\u00e8se Mercier :<\/strong> C\u2019est pr\u00e8s de 40 % de notre activit\u00e9. Nous avons accueilli presque tous les sports indoor possibles : handball, basket, tennis, gymnastique, judo, patinage, e-sport. La seule discipline que nous n\u2019avons pas encore organis\u00e9e est la natation. Pourtant, la salle a \u00e9t\u00e9 aussi con\u00e7ue pour \u00e7a : les fondations peuvent supporter un bassin olympique temporaire. Mais le co\u00fbt est \u00e9norme, souvent plus d\u2019un million d\u2019euros pour un seul \u00e9v\u00e9nement. Ce n\u2019est viable qu\u2019\u00e0 l\u2019\u00e9chelle des Jeux Olympiques. Le sport a aussi une dimension politique et symbolique. Quand l\u2019Arena accueille un championnat international retransmis en direct, ce sont des millions de t\u00e9l\u00e9spectateurs qui voient Montpellier et l\u2019Occitanie. Cela d\u00e9passe l\u2019\u00e9v\u00e9nement en lui-m\u00eame. C\u2019est une vitrine, une fa\u00e7on de montrer que notre territoire est capable d\u2019organiser des rendez-vous de dimension mondiale.<\/p>\n<p>Depuis quelques ann\u00e9es, l\u2019e-sport a trouv\u00e9 sa place \u00e0 Montpellier. Pourquoi ce choix ?<\/p>\n<p class=\" wall-content\"><strong>Marie-Th\u00e9r\u00e8se Mercier :<\/strong> C\u2019\u00e9tait une volont\u00e9 assum\u00e9e. Nous voulions capter un public jeune, qui n\u2019allait pas forc\u00e9ment dans les salles de concert ou aux matchs de handball. L\u2019e-sport est un ph\u00e9nom\u00e8ne culturel mondial. Accueillir les finales europ\u00e9ennes de League of Legends a \u00e9t\u00e9 un tournant. L\u2019Arena \u00e9tait pleine, l\u2019ambiance incroyable. Les parents d\u00e9couvraient que ce n\u2019\u00e9tait pas seulement du jeu vid\u00e9o, mais une discipline comp\u00e9titive, avec un vrai public et des enjeux \u00e9conomiques.\u00a0<\/p>\n<p class=\" wall-content\"><strong>C\u00e9dric Fiolet :<\/strong> Nous avons montr\u00e9 que l\u2019e-sport avait toute sa place dans un grand \u00e9quipement comme celui-ci. Mais nous devons rester vigilants. Tous les jeux ne sont pas adapt\u00e9s. Certains sont trop violents. League of Legends est parfait : univers fictif, ambiance bon enfant, comp\u00e9tition saine. Pour nous, l\u2019e-sport est une diversification pr\u00e9cieuse. Il apporte de nouveaux publics, de nouvelles opportunit\u00e9s et une image moderne. C\u2019est un axe que nous allons continuer \u00e0 d\u00e9velopper.<\/p>\n<p>Au fil des ann\u00e9es, les congr\u00e8s et \u00e9v\u00e9nements professionnels ont pris une place importante. Comment avez-vous conquis ce march\u00e9 ?<\/p>\n<p class=\" wall-content\"><strong>C\u00e9dric Fiolet :<\/strong> C\u2019est un des volets le moins visible pour le grand public, mais il est d\u00e9cisif dans l\u2019\u00e9quilibre \u00e9conomique de l\u2019Arena. Au d\u00e9part, convaincre un organisateur de congr\u00e8s de venir dans une salle de spectacle relevait presque de l\u2019utopie. Les grandes institutions choisissaient des palais des congr\u00e8s classiques, avec des auditoriums et des espaces modulables. Mais le march\u00e9 a \u00e9volu\u00e9. Les congr\u00e8s ont grandi, certains n\u00e9cessitent d\u00e9sormais des milliers de m\u00e8tres carr\u00e9s, des zones d\u2019exposition, de restauration, de circulation. Et c\u2019est l\u00e0 que l\u2019Arena s\u2019est impos\u00e9e comme un outil unique, en compl\u00e9ment du Parc des Expositions voisin. Nous pouvons accueillir une pl\u00e9ni\u00e8re de 7 000 personnes dans l\u2019Arena, organiser \u00e0 c\u00f4t\u00e9 une exposition avec des stands, des ateliers, et loger la logistique dans les halls du parc. Cela a convaincu de tr\u00e8s grands congr\u00e8s de venir, comme celui des notaires, celui des experts-comptables ou encore l\u2019Union sociale pour l\u2019habitat. Aujourd\u2019hui, Montpellier est identifi\u00e9e au niveau national comme une destination capable de recevoir des congr\u00e8s parmi les plus importants de France.<\/p>\n<p class=\" wall-content\"><strong>Marie-Th\u00e9r\u00e8se Mercier :<\/strong> Ce succ\u00e8s tient aussi \u00e0 l\u2019\u00e9volution de l\u2019offre h\u00f4teli\u00e8re. Il y a quinze ans, Montpellier ne disposait ni de la quantit\u00e9 ni de la qualit\u00e9 d\u2019h\u00f4tels n\u00e9cessaires pour accueillir 5 000 congressistes dans de bonnes conditions. D\u00e9sormais, nous avons des \u00e9tablissements haut de gamme, qui r\u00e9pondent aux standards internationaux. Les participants ne viennent pas seuls, ils sont souvent accompagn\u00e9s, et ils cherchent une destination attractive. L\u2019atout m\u00e9diterran\u00e9en, la qualit\u00e9 de vie de la r\u00e9gion, la mer, le soleil, les possibilit\u00e9s touristiques\u2026 tout cela compte \u00e9norm\u00e9ment.<\/p>\n<p>Cette compl\u00e9mentarit\u00e9 avec le Parc des Expositions est-elle un atout d\u00e9cisif ?<\/p>\n<p class=\" wall-content\"><strong>C\u00e9dric Fiolet :<\/strong> Absolument. L\u2019Arena et le Parc Expo ne sont pas deux \u00e9quipements s\u00e9par\u00e9s. Ils forment un m\u00eame outil, un complexe \u00e9v\u00e9nementiel. Pour un congr\u00e8s de grande ampleur, nous avons besoin de cette articulation. L\u2019Arena accueille la grande s\u00e9ance pl\u00e9ni\u00e8re, les halls du Parc Expo h\u00e9bergent les stands, les zones de restauration, les espaces de networking. Pour l\u2019Open Occitanie, par exemple, le tournoi se joue dans l\u2019Arena, mais le village officiel et toutes les animations partenaires s\u2019installent au Parc Expo. M\u00eame chose pour le crossfit, qui a eu besoin de plusieurs halls pour d\u00e9ployer ses installations. Sans cette compl\u00e9mentarit\u00e9, nous ne serions pas capables d\u2019accueillir des \u00e9v\u00e9nements de cette taille.<\/p>\n<p>    <img   decoding=\"async\" loading=\"lazy\" src=\"https:\/\/www.europesays.com\/fr\/wp-content\/uploads\/2025\/09\/l1080195-960x640.jpg\" alt=\"Pour Marie-Th\u00e9r\u00e8se Mercier, l\u2019Arena reste un h\u00e9ritage visionnaire de Georges Fr\u00eache et un \u00e9quipement moderne.\" width=\"960\" height=\"640\"\/><br \/>\n    Pour Marie-Th\u00e9r\u00e8se Mercier, l\u2019Arena reste un h\u00e9ritage visionnaire de Georges Fr\u00eache et un \u00e9quipement moderne. (\u00a9Mario Sinistaj)Le nom de l\u2019Arena a chang\u00e9 plusieurs fois. Que repr\u00e9sente aujourd\u2019hui le naming \u00ab\u00a0Sud de France\u00a0\u00bb ?<\/p>\n<p class=\" wall-content\"><strong>Marie-Th\u00e9r\u00e8se Mercier :<\/strong> C\u2019est bien plus qu\u2019un simple logo sur une fa\u00e7ade. Le naming, c\u2019est une visibilit\u00e9 \u00e0 l\u2019international. Quand l\u2019Arena accueille une comp\u00e9tition sportive retransmise en direct dans des dizaines de pays, la marque \u00ab Sud de France \u00bb appara\u00eet partout. C\u2019est de la communication en temps r\u00e9el pour la r\u00e9gion et ses produits. \u00c0 l\u2019\u00e9poque de Park &amp; Suites, c\u2019\u00e9tait un partenariat priv\u00e9, un contrat de visibilit\u00e9 pour une cha\u00eene h\u00f4teli\u00e8re. Depuis 2017, avec \u00ab Sud de France \u00bb, nous sommes revenus \u00e0 un naming ancr\u00e9 dans le territoire. C\u2019est important politiquement, car l\u2019Arena appartient \u00e0 100 % \u00e0 la R\u00e9gion Occitanie. Associer le nom de la salle \u00e0 la marque r\u00e9gionale, c\u2019\u00e9tait logique et coh\u00e9rent.<\/p>\n<p class=\" wall-content\"><strong>C\u00e9dric Fiolet :<\/strong> Et cela d\u00e9passe la communication. Nous travaillons aussi sur l\u2019exp\u00e9rience propos\u00e9e aux spectateurs. Dans les loges VIP, dans les bars, nous mettons en avant les produits Sud de France, les vins, les sp\u00e9cialit\u00e9s locales. Ce n\u2019est pas cosm\u00e9tique, c\u2019est un fil rouge. Cela renforce l\u2019identit\u00e9 du lieu et donne une coh\u00e9rence entre le nom, le contenu et l\u2019exp\u00e9rience v\u00e9cue.<\/p>\n<p>On parle beaucoup de d\u00e9veloppement durable et de RSE. Comment l\u2019Arena s\u2019inscrit-elle dans cette d\u00e9marche ?<\/p>\n<p class=\" wall-content\"><strong>C\u00e9dric Fiolet :<\/strong> En 2019, la SPL Occitanie Events a \u00e9t\u00e9 cr\u00e9\u00e9e pour reprendre la gestion de l\u2019Arena et du Parc Expo. C\u2019\u00e9tait l\u2019occasion de red\u00e9finir nos valeurs d\u2019entreprise. Nous avons choisi trois mots : accueillante, cr\u00e9ative et engag\u00e9e. \u00ab\u00a0Engag\u00e9e\u00a0\u00bb, cela voulait dire mettre en \u0153uvre une vraie politique RSE. Depuis, nous avons obtenu la certification ISO 20121, qui est la r\u00e9f\u00e9rence europ\u00e9enne pour le management responsable des activit\u00e9s \u00e9v\u00e9nementielles. C\u2019est une norme exigeante, qui nous oblige \u00e0 progresser en permanence. Concr\u00e8tement, cela veut dire que nous avons investi plusieurs millions d\u2019euros dans le tri des d\u00e9chets, l\u2019\u00e9clairage, l\u2019efficacit\u00e9 \u00e9nerg\u00e9tique. En 2019, seuls 35 % de nos d\u00e9chets \u00e9taient recycl\u00e9s ou valoris\u00e9s au niveau du complexe \u00e9v\u00e9nementiel. En 2024, nous \u00e9tions \u00e0 55 %. Nous avons aussi install\u00e9 des fontaines \u00e0 eau, cr\u00e9\u00e9 une salle de repos auditif, un jardin et d\u00e9simperm\u00e9abilis\u00e9 le sol au c\u0153ur du complexe\u2026Nous travaillons actuellement avec une association sp\u00e9cialis\u00e9e pour mieux accueillir les personnes atteintes de handicaps invisibles. En plus, l\u2019Arena ne partait pas de rien, elle a notamment \u00e9t\u00e9 dot\u00e9e d\u00e8s le d\u00e9part de 11 000 m2 de panneaux solaires en toiture \u00e0 sa construction.<\/p>\n<p class=\" wall-content\"><strong>Marie-Th\u00e9r\u00e8se Mercier :<\/strong> Il faut aussi rappeler que nous avons entra\u00een\u00e9 tout un \u00e9cosyst\u00e8me derri\u00e8re nous. Les traiteurs, les prestataires son et lumi\u00e8re, les installateurs techniques\u2026 Beaucoup se sont mis \u00e0 leur tour dans une d\u00e9marche de certification RSE. Quand nous r\u00e9pondons \u00e0 un appel d\u2019offres pour un grand congr\u00e8s, la partie \u00ab\u00a0d\u00e9veloppement durable\u00a0\u00bb peut repr\u00e9senter plusieurs pages du cahier des charges. Si nous n\u2019\u00e9tions pas engag\u00e9s dans cette dynamique, nous perdrions ces\u00a0 \u00e9v\u00e9nements. La RSE est devenue un crit\u00e8re d\u00e9cisif. C\u2019est un travail collectif qui va bien au-del\u00e0 de la salle.<\/p>\n<p>Quels travaux ou am\u00e9nagements imaginez-vous pour l\u2019avenir de l\u2019Arena ?<\/p>\n<p class=\" wall-content\"><strong>Marie-Th\u00e9r\u00e8se Mercier :<\/strong> Nous travaillons sur les questions \u00e9nerg\u00e9tiques. L\u2019installation de panneaux photovolta\u00efques sur les parkings est une piste, tout comme l\u2019am\u00e9lioration de l\u2019isolation et de la climatisation dans les halls du Parc des Expositions. Avec le r\u00e9chauffement climatique, il faut qu\u2019ils soient utilisables l\u2019\u00e9t\u00e9. Nous avons d\u00e9j\u00e0 investi 8 millions d\u2019euros en 2021, mais il reste encore beaucoup \u00e0 faire. La prochaine d\u00e9l\u00e9gation de service public, qui d\u00e9butera en 2027, sera l\u2019occasion de poser ces choix. Et bien s\u00fbr, nous avan\u00e7ons en coh\u00e9rence avec la R\u00e9gion et sa pr\u00e9sidente Carole Delga, qui soutient pleinement cette vision d\u2019un \u00e9quipement durable. Nous r\u00e9fl\u00e9chissons aussi \u00e0 une meilleure ouverture sur l\u2019ext\u00e9rieur. Pourquoi ne pas imaginer, \u00e0 terme, des espaces de restauration accessibles en permanence, ou des animations qui incitent les spectateurs \u00e0 rester plus longtemps apr\u00e8s un match ou un concert ? L\u2019Arena ne doit pas \u00eatre un lieu ferm\u00e9, mais un espace vivant au service du territoire.<\/p>\n<p>Le 12 septembre, vous organisez une soir\u00e9e anniversaire. Pourquoi ce choix de f\u00eater les 15 ans de cette fa\u00e7on ?<\/p>\n<p class=\" wall-content\"><strong>C\u00e9dric Fiolet :<\/strong> Nous voulions un \u00e9v\u00e9nement grand public, accessible \u00e0 tous. Pas seulement une r\u00e9ception institutionnelle pour les \u00e9lus et les partenaires. Nous avons donc choisi d\u2019organiser <a href=\"https:\/\/actu.fr\/occitanie\/montpellier_34172\/montpellier-concert-la-sud-de-france-arena-en-mode-electro-pour-ses-15-ans_62552295.html\" target=\"_blank\" rel=\"noopener\">une grande soir\u00e9e \u00e9lectro<\/a>. Joachim Pastor, Agoria BtB Notre Dame, Kungs et les Cosmics Boys s\u2019enchaineront aux platines pour cette soir\u00e9e festive. Le tarif est symbolique : 15 euros. L\u2019id\u00e9e est claire : permettre au plus grand nombre de c\u00e9l\u00e9brer ces 15 ans, de venir d\u00e9couvrir ou red\u00e9couvrir la salle. \u00c9videmment, il y aura aussi un moment plus institutionnel, avec une table ronde o\u00f9 des usagers de l\u2019Arena \u2013 producteurs, clubs et organisateurs de congr\u00e8s \u2013 t\u00e9moigneront de ce que repr\u00e9sente cet \u00e9quipement. Mais la f\u00eate, ce sera pour tout le monde.<\/p>\n<p class=\" wall-content\">Personnalisez votre actualit\u00e9 en ajoutant vos villes et m\u00e9dias en favori avec <a href=\"https:\/\/moncompte.actu.fr\" title=\"D\u00e9couvez Mon Actu\" rel=\"nofollow noopener\" data-trk=\"{&quot;cta&quot;:{&quot;action&quot;:&quot;https:\\\/\\\/moncompte.actu.fr&quot;,&quot;category&quot;:&quot;mon compte&quot;,&quot;from&quot;:&quot;article footer&quot;,&quot;name&quot;:&quot;Mon actu&quot;,&quot;type&quot;:&quot;cta&quot;}}\" target=\"_blank\">Mon Actu<\/a>.<\/p>\n","protected":false},"excerpt":{"rendered":"Par L\u00e9a Pippinato Publi\u00e9 le 10 sept. 2025 \u00e0 12h30 Quinze ans d\u00e9j\u00e0. Le 8 septembre 2010, l\u2019Arena&hellip;\n","protected":false},"author":2,"featured_media":380130,"comment_status":"","ping_status":"","sticky":false,"template":"","format":"standard","meta":{"footnotes":""},"categories":[9599],"tags":[1111,11,51346,1777,674,1011,27,1652,2208,873,12,2680,25,517],"class_list":{"0":"post-380129","1":"post","2":"type-post","3":"status-publish","4":"format-standard","5":"has-post-thumbnail","7":"category-montpellier","8":"tag-actu","9":"tag-actualites","10":"tag-arena-de-montpellier","11":"tag-eu","12":"tag-europe","13":"tag-fr","14":"tag-france","15":"tag-loisirs-culture","16":"tag-montpellier","17":"tag-musique","18":"tag-news","19":"tag-occitanie","20":"tag-republique-francaise","21":"tag-sport"},"share_on_mastodon":{"url":"","error":""},"_links":{"self":[{"href":"https:\/\/www.europesays.com\/fr\/wp-json\/wp\/v2\/posts\/380129","targetHints":{"allow":["GET"]}}],"collection":[{"href":"https:\/\/www.europesays.com\/fr\/wp-json\/wp\/v2\/posts"}],"about":[{"href":"https:\/\/www.europesays.com\/fr\/wp-json\/wp\/v2\/types\/post"}],"author":[{"embeddable":true,"href":"https:\/\/www.europesays.com\/fr\/wp-json\/wp\/v2\/users\/2"}],"replies":[{"embeddable":true,"href":"https:\/\/www.europesays.com\/fr\/wp-json\/wp\/v2\/comments?post=380129"}],"version-history":[{"count":0,"href":"https:\/\/www.europesays.com\/fr\/wp-json\/wp\/v2\/posts\/380129\/revisions"}],"wp:featuredmedia":[{"embeddable":true,"href":"https:\/\/www.europesays.com\/fr\/wp-json\/wp\/v2\/media\/380130"}],"wp:attachment":[{"href":"https:\/\/www.europesays.com\/fr\/wp-json\/wp\/v2\/media?parent=380129"}],"wp:term":[{"taxonomy":"category","embeddable":true,"href":"https:\/\/www.europesays.com\/fr\/wp-json\/wp\/v2\/categories?post=380129"},{"taxonomy":"post_tag","embeddable":true,"href":"https:\/\/www.europesays.com\/fr\/wp-json\/wp\/v2\/tags?post=380129"}],"curies":[{"name":"wp","href":"https:\/\/api.w.org\/{rel}","templated":true}]}}