{"id":380143,"date":"2025-09-10T11:32:11","date_gmt":"2025-09-10T11:32:11","guid":{"rendered":"https:\/\/www.europesays.com\/fr\/380143\/"},"modified":"2025-09-10T11:32:11","modified_gmt":"2025-09-10T11:32:11","slug":"face-a-rennes-lol-va-se-lancer-dans-un-rythme-denfer","status":"publish","type":"post","link":"https:\/\/www.europesays.com\/fr\/380143\/","title":{"rendered":"Face \u00e0 Rennes, l\u2019OL va se lancer dans un rythme d\u2019enfer"},"content":{"rendered":"<p>                            <img width=\"770\" height=\"433\" src=\"https:\/\/www.europesays.com\/fr\/wp-content\/uploads\/2025\/09\/AFP__20250831__DPPI_40025069_044__v1__HighRes__FootballFrenchChampLyonVMarseille-770x433.jpg\" class=\"attachment-article size-article wp-post-image\" alt=\"Les joueurs de l'OL ont rendu hommage \u00e0 Lacombe face \u00e0 l'OM\" decoding=\"async\" fetchpriority=\"high\"  \/><\/p>\n<p>Les joueurs de l\u2019OL ont rendu hommage \u00e0 Lacombe face \u00e0 l\u2019OM (Photo by Cyril Lestage \/ DPPI via AFP)<\/p>\n<p>Apr\u00e8s la tr\u00eave internationale, l\u2019OL retrouve le championnat ce dimanche. Le d\u00e9placement \u00e0 Rennes est le premier rendez-vous d\u2019une longue s\u00e9rie sur les trois prochaines semaines.<\/p>\n<p>Pour les amoureux du football de clubs, chaque tr\u00eave internationale est un supplice. Trois semaines seulement apr\u00e8s la reprise, la Ligue 1 faisait d\u00e9j\u00e0 rel\u00e2che au lendemain de la victoire\u00a0<a href=\"https:\/\/www.olympique-et-lyonnais.com\/en-superiorite-numerique-pendant-1-heure-lol-finit-par-faire-craquer-lom-1-0,377971.html\" target=\"_blank\" rel=\"noopener\">(1-0)<\/a>\u00a0de l\u2019<strong>OL<\/strong>\u00a0sur l\u2019<strong>OM<\/strong>\u00a0dans le choc des Olympiques. Si les joueurs ont rapidement pris la direction de leur s\u00e9lection, les supporters comptaient les jours avant le retour du championnat. Apr\u00e8s une longue attente, les Lyonnais retrouveront leur \u00e9quipe favorite ce dimanche (20h45) avec un d\u00e9placement \u00e0\u00a0<strong>Rennes<\/strong>. Avec trois succ\u00e8s en trois journ\u00e9es, l\u2019OL voudra confirmer ce d\u00e9but de saison r\u00e9ussi et surtout un mercato enfin termin\u00e9. Ce sera peut-\u00eatre l\u2019occasion de voir les premiers pas de Martin\u00a0<strong>Satriano<\/strong>\u00a0ou encore le retour de Rachid\u00a0<a href=\"https:\/\/www.olympique-et-lyonnais.com\/ol-rachid-ghezzal-devra-retrouver-le-rythme,379069.html\" target=\"_blank\" rel=\"noopener\">Ghezzal<\/a>\u00a0sous le maillot rhodanien.<\/p>\n<p>Un d\u00e9placement \u00e0 Lille entre deux matchs de Ligue Europa<\/p>\n<p>En attendant de voir toutes ces interrogations lev\u00e9es ou non, Paulo\u00a0<strong><a href=\"https:\/\/www.olympique-et-lyonnais.com\/rennes-ol-derniere-interdiction-de-vestiaires-en-ligue-1-pour-fonseca,379393.html\" target=\"_blank\" rel=\"noopener\">Fonseca<\/a><\/strong>\u00a0et ses joueurs lancent un vrai rythme d\u2019enfer avec ce d\u00e9placement en Bretagne. Le retour de la Ligue Europa entra\u00eene du m\u00eame coup les semaines \u00e0 trois matchs. D\u2019ici \u00e0 la prochaine tr\u00eave internationale qui d\u00e9butera le 6 octobre, les co\u00e9quipiers de Corentin\u00a0<strong>Tolisso<\/strong>\u00a0disputeront six rencontres en vingt-deux jours. Une cadence europ\u00e9enne avec le d\u00e9placement \u00e0\u00a0<strong>Utrecht<\/strong>\u00a0et la r\u00e9ception de\u00a0<strong>Salzbourg<\/strong>\u00a0pour un effectif qui est d\u00e9j\u00e0 limit\u00e9 et dans lequel la moindre casse peut s\u2019av\u00e9rer pr\u00e9judiciable.<\/p>\n<p class=\"has-vivid-red-color has-text-color has-link-color wp-elements-64a6a9cabb4b4245d5d09fa40d78804d\"><strong>Le calendrier de l&rsquo;OL apr\u00e8s Rennes :<\/strong><\/p>\n<p>R\u00e9ception d&rsquo;Angers le vendredi 19 septembre (20h45)<\/p>\n<p>D\u00e9placement \u00e0 Utrecht le jeudi 25 septembre (21h)<\/p>\n<p>D\u00e9placement \u00e0 Lille, le dimanche 28 septembre (17h15)<\/p>\n<p>R\u00e9ception de Salzbourg, jeudi 2 octobre (21h)<\/p>\n<p>R\u00e9ception de Toulouse, dimanche 5 octobre (15h)<\/p>\n","protected":false},"excerpt":{"rendered":"Les joueurs de l\u2019OL ont rendu hommage \u00e0 Lacombe face \u00e0 l\u2019OM (Photo by Cyril Lestage \/ DPPI&hellip;\n","protected":false},"author":2,"featured_media":380144,"comment_status":"","ping_status":"","sticky":false,"template":"","format":"standard","meta":{"footnotes":""},"categories":[2821],"tags":[1111,11,829,1777,674,1011,27,66,12,241,978,584,25],"class_list":{"0":"post-380143","1":"post","2":"type-post","3":"status-publish","4":"format-standard","5":"has-post-thumbnail","7":"category-rennes","8":"tag-actu","9":"tag-actualites","10":"tag-bretagne","11":"tag-eu","12":"tag-europe","13":"tag-fr","14":"tag-france","15":"tag-ligue-1","16":"tag-news","17":"tag-ol","18":"tag-olympique-lyonnais","19":"tag-rennes","20":"tag-republique-francaise"},"share_on_mastodon":{"url":"https:\/\/pubeurope.com\/@fr\/115179785108233737","error":""},"_links":{"self":[{"href":"https:\/\/www.europesays.com\/fr\/wp-json\/wp\/v2\/posts\/380143","targetHints":{"allow":["GET"]}}],"collection":[{"href":"https:\/\/www.europesays.com\/fr\/wp-json\/wp\/v2\/posts"}],"about":[{"href":"https:\/\/www.europesays.com\/fr\/wp-json\/wp\/v2\/types\/post"}],"author":[{"embeddable":true,"href":"https:\/\/www.europesays.com\/fr\/wp-json\/wp\/v2\/users\/2"}],"replies":[{"embeddable":true,"href":"https:\/\/www.europesays.com\/fr\/wp-json\/wp\/v2\/comments?post=380143"}],"version-history":[{"count":0,"href":"https:\/\/www.europesays.com\/fr\/wp-json\/wp\/v2\/posts\/380143\/revisions"}],"wp:featuredmedia":[{"embeddable":true,"href":"https:\/\/www.europesays.com\/fr\/wp-json\/wp\/v2\/media\/380144"}],"wp:attachment":[{"href":"https:\/\/www.europesays.com\/fr\/wp-json\/wp\/v2\/media?parent=380143"}],"wp:term":[{"taxonomy":"category","embeddable":true,"href":"https:\/\/www.europesays.com\/fr\/wp-json\/wp\/v2\/categories?post=380143"},{"taxonomy":"post_tag","embeddable":true,"href":"https:\/\/www.europesays.com\/fr\/wp-json\/wp\/v2\/tags?post=380143"}],"curies":[{"name":"wp","href":"https:\/\/api.w.org\/{rel}","templated":true}]}}