{"id":380147,"date":"2025-09-10T11:34:28","date_gmt":"2025-09-10T11:34:28","guid":{"rendered":"https:\/\/www.europesays.com\/fr\/380147\/"},"modified":"2025-09-10T11:34:28","modified_gmt":"2025-09-10T11:34:28","slug":"dissolution-du-groupe-de-hooligans-strasbourg-offender","status":"publish","type":"post","link":"https:\/\/www.europesays.com\/fr\/380147\/","title":{"rendered":"dissolution du groupe de hooligans \u00ab Strasbourg Offender \u00bb"},"content":{"rendered":"<p>Le minist\u00e8re de l\u2019Int\u00e9rieur a annonc\u00e9 la dissolution de ce groupe de supporters impliqu\u00e9 dans des cas de violences ces derni\u00e8res ann\u00e9es.<\/p>\n<p>Ce groupement de supporters du club de foot alsacien compte environ \u00ab\u00a0trente membres au profil de supporters hooligans class\u00e9s \u00e0 risques\u00a0\u00bb, selon un <a href=\"https:\/\/www.legifrance.gouv.fr\/jorf\/id\/JORFTEXT000052211563?utm_source=chatgpt.com\" target=\"_blank\" rel=\"noopener\">d\u00e9cret du 8 septembre publi\u00e9 au Journal Officiel<\/a>, ils sont \u00ab\u00a0r\u00e9guli\u00e8rement impliqu\u00e9s dans des violences et des rixes ou des tentatives de rixes qui ont occasionn\u00e9 plusieurs bless\u00e9s et dans des d\u00e9gradations commises contre des biens, dans des enceintes sportives ou \u00e0 leurs abords\u00a0\u00bb.<\/p>\n<p>\u00ab\u00a0Chasse aux Juifs\u00a0\u00bb<\/p>\n<p>Ses membres commettent et l\u00e9gitiment \u00ab\u00a0des actes incitant \u00e0 la haine envers des individus en raison de leur origine, de leur appartenance, vraie ou suppos\u00e9e, \u00e0 une ethnie, une nation, une race ou une religion d\u00e9termin\u00e9e\u00a0\u00bb, peut-on lire dans ce d\u00e9cret qui rappelle ainsi des \u00e9v\u00e9nements survenus en juillet 2019, \u00e0 l\u2019occasion de la venue \u00e0 Strasbourg de <strong>l\u2019\u00e9quipe de football isra\u00e9lienne du Maccabi Ha\u00effa<\/strong>.<\/p>\n<p>Une douzaine de membres du groupement avaient appel\u00e9 \u00e0 \u00ab\u00a0une \u00ab\u00a0chasse aux Juifs\u00a0\u00bb dans les rues du centre-ville de Strasbourg. Le jour du match, des supporters du Maccabi Ha\u00effa avaient \u00e9t\u00e9 agress\u00e9s par ces hooligans.<\/p>\n<p>Enfin dissous<\/p>\n<p>Le \u00ab\u00a0Strasbourg Offender\u00a0\u00bb est un groupement \u00ab\u00a0de fait\u00a0\u00bb, qui n\u2019a pas d\u2019existence l\u00e9gale \u00ab\u00a0mais s\u2019identifie au travers de symboles communs, notamment par un drapeau noir sur lequel est inscrit le nom du groupement orn\u00e9 d\u2019une couronne blanche\u00a0\u00bb, pr\u00e9cise le d\u00e9cret.<\/p>\n<p>Sa dissolution signifie notamment qu\u2019il ne pourra plus organiser des rassemblements ou utiliser ses logos.<\/p>\n<p>Emmanuel Fernandes, d\u00e9put\u00e9 du Bas-Rhin (LFI) a salu\u00e9 la d\u00e9cision. \u00ab\u00a0Les n\u00e9o-nazis \u00ab\u00a0Strasbourg Offender\u00a0\u00bb, que je n\u2019ai cess\u00e9 de combattre, sont enfin dissous\u00a0\u00bb, a-t-il d\u00e9clar\u00e9 sur son compte X.<\/p>\n<p><a href=\"https:\/\/x.com\/EmmanFernandes\/status\/1965371456654840314\" target=\"_blank\" rel=\"noopener\"><img data-lazyloaded=\"1\" fetchpriority=\"high\" decoding=\"async\" class=\"alignnone size-full wp-image-205860\" src=\"https:\/\/www.europesays.com\/fr\/wp-content\/uploads\/2025\/09\/emmanuel-fernandes-et-les-strasbourg-offender.jpg\" alt=\"\" width=\"610\" height=\"286\"  data-\/><\/a><\/p>\n<p><img loading=\"lazy\" data-lazyloaded=\"1\" decoding=\"async\" class=\"alignnone size-full wp-image-205859\" src=\"https:\/\/www.europesays.com\/fr\/wp-content\/uploads\/2025\/09\/emmanuel-fernandes-hooligans.jpg\" alt=\"\" width=\"626\" height=\"512\"  data-\/><\/p>\n<p>\u00a0<\/p>\n<p>&gt;&gt; A lire aussi :\u00a0<a href=\"https:\/\/www.lecourrierdelatlas.com\/tetes-de-cochon-devant-les-mosquees-acte-abject-et-montee-du-racisme\/\" target=\"_blank\" rel=\"noopener\">T\u00eates de cochon devant les mosqu\u00e9es : acte abject et mont\u00e9e du racisme<\/a><\/p>\n<p>\u00a0<\/p>\n","protected":false},"excerpt":{"rendered":"Le minist\u00e8re de l\u2019Int\u00e9rieur a annonc\u00e9 la dissolution de ce groupe de supporters impliqu\u00e9 dans des cas de&hellip;\n","protected":false},"author":2,"featured_media":380148,"comment_status":"","ping_status":"","sticky":false,"template":"","format":"standard","meta":{"footnotes":""},"categories":[2820],"tags":[1111,11,25020,51347,1777,674,1011,27,775,6018,12,25,640,51348],"class_list":{"0":"post-380147","1":"post","2":"type-post","3":"status-publish","4":"format-standard","5":"has-post-thumbnail","7":"category-strasbourg","8":"tag-actu","9":"tag-actualites","10":"tag-dissolution","11":"tag-emmanuel-fernandes","12":"tag-eu","13":"tag-europe","14":"tag-fr","15":"tag-france","16":"tag-grand-est","17":"tag-hooligans","18":"tag-news","19":"tag-republique-francaise","20":"tag-strasbourg","21":"tag-strasbourg-offender"},"share_on_mastodon":{"url":"https:\/\/pubeurope.com\/@fr\/115179793065425805","error":""},"_links":{"self":[{"href":"https:\/\/www.europesays.com\/fr\/wp-json\/wp\/v2\/posts\/380147","targetHints":{"allow":["GET"]}}],"collection":[{"href":"https:\/\/www.europesays.com\/fr\/wp-json\/wp\/v2\/posts"}],"about":[{"href":"https:\/\/www.europesays.com\/fr\/wp-json\/wp\/v2\/types\/post"}],"author":[{"embeddable":true,"href":"https:\/\/www.europesays.com\/fr\/wp-json\/wp\/v2\/users\/2"}],"replies":[{"embeddable":true,"href":"https:\/\/www.europesays.com\/fr\/wp-json\/wp\/v2\/comments?post=380147"}],"version-history":[{"count":0,"href":"https:\/\/www.europesays.com\/fr\/wp-json\/wp\/v2\/posts\/380147\/revisions"}],"wp:featuredmedia":[{"embeddable":true,"href":"https:\/\/www.europesays.com\/fr\/wp-json\/wp\/v2\/media\/380148"}],"wp:attachment":[{"href":"https:\/\/www.europesays.com\/fr\/wp-json\/wp\/v2\/media?parent=380147"}],"wp:term":[{"taxonomy":"category","embeddable":true,"href":"https:\/\/www.europesays.com\/fr\/wp-json\/wp\/v2\/categories?post=380147"},{"taxonomy":"post_tag","embeddable":true,"href":"https:\/\/www.europesays.com\/fr\/wp-json\/wp\/v2\/tags?post=380147"}],"curies":[{"name":"wp","href":"https:\/\/api.w.org\/{rel}","templated":true}]}}