{"id":380153,"date":"2025-09-10T11:37:10","date_gmt":"2025-09-10T11:37:10","guid":{"rendered":"https:\/\/www.europesays.com\/fr\/380153\/"},"modified":"2025-09-10T11:37:10","modified_gmt":"2025-09-10T11:37:10","slug":"redecouvrir-nantes-grace-a-ces-5-pepites-insoupconnees","status":"publish","type":"post","link":"https:\/\/www.europesays.com\/fr\/380153\/","title":{"rendered":"(Re)d\u00e9couvrir Nantes gr\u00e2ce \u00e0 ces 5 p\u00e9pites insoup\u00e7onn\u00e9es"},"content":{"rendered":"<p data-start=\"400\" data-end=\"934\">R\u00e9put\u00e9e pour son ch\u00e2teau, son dynamisme et ses airs de Bretagne, la <strong>cit\u00e9 des Ducs<\/strong> aime aussi brouiller les pistes. Derri\u00e8re ses monuments embl\u00e9matiques, elle cache des tr\u00e9sors insoup\u00e7onn\u00e9s, souvent \u00e0 deux pas d\u2019un arr\u00eat de tram ou d\u2019une promenade le long de la Loire. Ce sont ces lieux, tant\u00f4t insolites, tant\u00f4t bucoliques, qui lui donnent un charme imm\u00e9diat. L\u2019id\u00e9e ? Oublier la routine touristique et se laisser surprendre. Voici cinq p\u00e9pites \u00e0 (re)d\u00e9couvrir pour porter un regard neuf sur cette ville inventive et attachante.<\/p>\n<p>Quand la ville joue avec l\u2019imaginaire : les Machines en grand format<\/p>\n<p data-start=\"1016\" data-end=\"1393\">Difficile de rester indiff\u00e9rent devant le <strong>Grand \u00c9l\u00e9phant<\/strong> : 12 m\u00e8tres de haut, 48 tonnes de bois et d\u2019acier, un souffle d\u2019eau qui \u00e9clabousse les passants\u2026 Le pachyderme m\u00e9canique avance paisiblement sur l\u2019\u00cele de Nantes et embarque petits et grands pour une balade \u00e0 son rythme. Un spectacle unique en France, devenu l\u2019une des cartes postales les plus vivantes de la ville.<\/p>\n<p data-start=\"1395\" data-end=\"1868\">\u00c0 deux pas, la <strong>Galerie des Machines<\/strong> d\u00e9voile un cabinet de curiosit\u00e9s bien particulier. Sous la nef, les machinistes donnent vie \u00e0 un bestiaire m\u00e9canique qui grandit d\u2019ann\u00e9e en ann\u00e9e : h\u00e9ron articul\u00e9, araign\u00e9e g\u00e9ante, fourmi g\u00e9ante\u2026 et depuis 2022, une <strong>nu\u00e9e de papillons m\u00e9caniques<\/strong> qui virevoltent dans les airs. Juste \u00e0 c\u00f4t\u00e9, le <strong>Carrousel des Mondes Marins<\/strong> compl\u00e8te le tableau avec ses trois niveaux de cr\u00e9atures fantastiques venues des abysses et des oc\u00e9ans.<\/p>\n<p> D\u00e9tours historiques et atmosph\u00e8res \u00e0 part<br \/>\nPassage Pommeraye, \u00e9l\u00e9gance et fl\u00e2nerie<\/p>\n<p data-start=\"1969\" data-end=\"2324\">En plein centre, le <strong>Passage Pommeraye<\/strong> d\u00e9roule ses escaliers monumentaux et ses verri\u00e8res comme un d\u00e9cor de cin\u00e9ma. Construite au XIX\u1d49 si\u00e8cle et class\u00e9e monument historique, cette galerie marchande conjugue \u00e9l\u00e9gance architecturale et plaisir de la promenade. Entre boutiques raffin\u00e9es et statues sculpt\u00e9es, on se croirait dans un d\u00e9cor hors du temps.<\/p>\n<p>Ch\u00e2teau des Ducs de Bretagne, l\u2019histoire en grand format<\/p>\n<p data-start=\"2389\" data-end=\"2827\">Un peu plus loin, le <strong>ch\u00e2teau des Ducs de Bretagne<\/strong> rappelle que Nantes fut longtemps capitale bretonne. Derri\u00e8re ses remparts et ses douves, le site accueille aujourd\u2019hui le <strong>Mus\u00e9e d\u2019Histoire de Nantes<\/strong> ainsi que des expositions temporaires et des \u00e9v\u00e9nements culturels. Depuis les murailles, la vue sur le centre ancien vaut le d\u00e9tour, et la balade sur les remparts reste un incontournable pour saisir l\u2019\u00e2me historique de la ville.<\/p>\n<p> Bouff\u00e9es de fra\u00eecheur et quartiers atypiques<br \/>\nJardin des Plantes, oasis au c\u0153ur de la ville<\/p>\n<p data-start=\"2937\" data-end=\"3287\">\u00c0 deux pas de la gare, le <strong>Jardin des Plantes<\/strong> offre une v\u00e9ritable respiration. On y trouve serres tropicales, parterres fleuris, sculptures v\u00e9g\u00e9tales et m\u00eame des installations artistiques qui viennent r\u00e9guli\u00e8rement animer les all\u00e9es. Ses <strong>cam\u00e9lias centenaires<\/strong> et ses zones ombrag\u00e9es en font un lieu parfait pour souffler, loin de l\u2019agitation.<\/p>\n<p>\u00cele de Versailles, parenth\u00e8se japonaise<\/p>\n<p data-start=\"3335\" data-end=\"3547\">Pos\u00e9e sur l\u2019Erdre, l\u2019<strong>\u00cele de Versailles<\/strong> d\u00e9ploie son jardin japonais avec lanternes de pierre, ponts rouges et carpes paisibles. Un cadre zen, id\u00e9al pour ralentir le pas et se d\u00e9connecter au c\u0153ur de la ville.<\/p>\n<p>Trentemoult, le village boh\u00e8me au bord de l\u2019eau<\/p>\n<p data-start=\"3603\" data-end=\"4005\">Cap sur la rive gauche de la Loire pour d\u00e9couvrir <strong>Trentemoult<\/strong>, ancien village de p\u00eacheurs devenu quartier boh\u00e8me. Maisons color\u00e9es, ruelles fleuries et terrasses anim\u00e9es composent une atmosph\u00e8re de vacances toute l\u2019ann\u00e9e. Facilement accessible en <strong>Navibus (ligne N1, depuis la Gare Maritime, en seulement 6 minutes)<\/strong>, le lieu s\u00e9duit autant les Nantais que les visiteurs en qu\u00eate d\u2019authenticit\u00e9.<\/p>\n<p> Exp\u00e9riences \u00e0 savourer au c\u0153ur de la ville<\/p>\n<p data-start=\"4061\" data-end=\"4399\">Retour dans le centre avec le <strong>quartier Bouffay<\/strong>, c\u0153ur historique o\u00f9 ruelles pav\u00e9es et maisons \u00e0 pans de bois se m\u00ealent aux terrasses anim\u00e9es. Ici, la convivialit\u00e9 est reine : galettes bretonnes, adresses gourmandes et petits bars o\u00f9 l\u2019on refait le monde. Chaque ruelle raconte une histoire, chaque place invite \u00e0 prolonger la soir\u00e9e.<\/p>\n<p data-start=\"4401\" data-end=\"4776\">Pour profiter pleinement de ces adresses, quelques astuces font la diff\u00e9rence : fl\u00e2ner dans les jardins le matin, quand la lumi\u00e8re est douce et les all\u00e9es encore calmes ; embarquer vers Trentemoult par beau temps pour des couleurs \u00e9clatantes ; ou encore guetter les \u00e9v\u00e9nements saisonniers organis\u00e9s au ch\u00e2teau ou aux Machines, qui transforment la visite en f\u00eate inattendue.<\/p>\n<p> Une ville \u00e0 (re)d\u00e9couvrir sans mod\u00e9ration<\/p>\n<p data-start=\"4831\" data-end=\"5326\">Choisir cette ville \u00e0 deux heures de Paris, c\u2019est s\u2019offrir bien plus qu\u2019un simple week-end. Derri\u00e8re ses incontournables se cachent des tr\u00e9sors qui n\u2019attendent qu\u2019un \u0153il curieux pour se r\u00e9v\u00e9ler. De la po\u00e9sie m\u00e9canique des <strong>Machines de l\u2019\u00cele<\/strong> \u00e0 la s\u00e9r\u00e9nit\u00e9 d\u2019un <strong>jardin japonais<\/strong>, en passant par l\u2019authenticit\u00e9 boh\u00e8me de <strong>Trentemoult<\/strong>, chaque pas r\u00e9serve une surprise. Autant de bonnes raisons de revenir, encore et encore, pour d\u00e9couvrir ce qui se cache derri\u00e8re la fa\u00e7ade des monuments.<\/p>\n","protected":false},"excerpt":{"rendered":"R\u00e9put\u00e9e pour son ch\u00e2teau, son dynamisme et ses airs de Bretagne, la cit\u00e9 des Ducs aime aussi brouiller&hellip;\n","protected":false},"author":2,"featured_media":380154,"comment_status":"","ping_status":"","sticky":false,"template":"","format":"standard","meta":{"footnotes":""},"categories":[2818],"tags":[1111,11,2612,18304,1777,674,1011,27,766,12,2636,56,25,35933,2528,586],"class_list":{"0":"post-380153","1":"post","2":"type-post","3":"status-publish","4":"format-standard","5":"has-post-thumbnail","7":"category-nantes","8":"tag-actu","9":"tag-actualites","10":"tag-conseils","11":"tag-destinations","12":"tag-eu","13":"tag-europe","14":"tag-fr","15":"tag-france","16":"tag-nantes","17":"tag-news","18":"tag-pays-de-la-loire","19":"tag-push","20":"tag-republique-francaise","21":"tag-rs","22":"tag-vacances","23":"tag-voyage"},"share_on_mastodon":{"url":"https:\/\/pubeurope.com\/@fr\/115179804776544103","error":""},"_links":{"self":[{"href":"https:\/\/www.europesays.com\/fr\/wp-json\/wp\/v2\/posts\/380153","targetHints":{"allow":["GET"]}}],"collection":[{"href":"https:\/\/www.europesays.com\/fr\/wp-json\/wp\/v2\/posts"}],"about":[{"href":"https:\/\/www.europesays.com\/fr\/wp-json\/wp\/v2\/types\/post"}],"author":[{"embeddable":true,"href":"https:\/\/www.europesays.com\/fr\/wp-json\/wp\/v2\/users\/2"}],"replies":[{"embeddable":true,"href":"https:\/\/www.europesays.com\/fr\/wp-json\/wp\/v2\/comments?post=380153"}],"version-history":[{"count":0,"href":"https:\/\/www.europesays.com\/fr\/wp-json\/wp\/v2\/posts\/380153\/revisions"}],"wp:featuredmedia":[{"embeddable":true,"href":"https:\/\/www.europesays.com\/fr\/wp-json\/wp\/v2\/media\/380154"}],"wp:attachment":[{"href":"https:\/\/www.europesays.com\/fr\/wp-json\/wp\/v2\/media?parent=380153"}],"wp:term":[{"taxonomy":"category","embeddable":true,"href":"https:\/\/www.europesays.com\/fr\/wp-json\/wp\/v2\/categories?post=380153"},{"taxonomy":"post_tag","embeddable":true,"href":"https:\/\/www.europesays.com\/fr\/wp-json\/wp\/v2\/tags?post=380153"}],"curies":[{"name":"wp","href":"https:\/\/api.w.org\/{rel}","templated":true}]}}