{"id":380161,"date":"2025-09-10T11:41:17","date_gmt":"2025-09-10T11:41:17","guid":{"rendered":"https:\/\/www.europesays.com\/fr\/380161\/"},"modified":"2025-09-10T11:41:17","modified_gmt":"2025-09-10T11:41:17","slug":"volotea-lance-une-nouvelle-ligne-vers-cette-capitale-regionale","status":"publish","type":"post","link":"https:\/\/www.europesays.com\/fr\/380161\/","title":{"rendered":"Volotea lance une nouvelle ligne vers cette capitale r\u00e9gionale"},"content":{"rendered":"<p>            Par<br \/>\n        <strong><br \/>\n            <a href=\"https:\/\/actu.fr\/auteur\/guillaume-laurens\" title=\"Consulter tous les articles de Guillaume Laurens\" target=\"_blank\" rel=\"noopener\">Guillaume Laurens<\/a><br \/>\n        <\/strong><\/p>\n<p>        Publi\u00e9 le<\/p>\n<p>            10 sept. 2025 \u00e0 12h49        <\/p>\n<p>Elle avait annonc\u00e9, <a href=\"https:\/\/actu.fr\/occitanie\/toulouse_31555\/aeroport-de-toulouse-abandonnee-par-easyjet-cette-destination-va-rouvrir-voici-quand_62396383.html\" target=\"_blank\" rel=\"noopener\">en mars dernier, l\u2019ouverture prochaine d\u2019une <strong>nouvelle liaison<\/strong><\/a> vers <strong>Rennes<\/strong> (Ille-et-Vilaine) depuis <a href=\"https:\/\/actu.fr\/tag\/aeroport-toulouse-blagnac\" target=\"_blank\" rel=\"noopener\"><strong>l\u2019a\u00e9roport Toulouse-Blagnac<\/strong><\/a> : en cette rentr\u00e9e 2025, <strong>Volotea<\/strong> vient d\u2019assurer son tout premier vol, a indiqu\u00e9 ce mardi 9 septembre la compagnie low cost espagnole, qui se voit pousser des ailes dans la Ville rose, o\u00f9 elle propose d\u00e9sormais<strong> 20 destinations.\u00a0<\/strong><\/p>\n<p>Deux vols par semaine entre Rennes et Toulouse<\/p>\n<p class=\" wall-content\">\u00c0 raison de deux vols par semaine, le <strong>lundi<\/strong> et le <strong>vendredi<\/strong>, la compagnie a\u00e9rienne propose plus de <strong>11 000 si\u00e8ges<\/strong> sur cette liaison. \u00ab\u00a0Cette nouvelle connexion permet aux habitants de la r\u00e9gion Occitanie de b\u00e9n\u00e9ficier d\u2019un lien direct vers la Bretagne\u00a0\u00bb, fait ainsi valoir Volotea, qui estime que \u00ab\u00a0les voyageurs toulousains\u00a0\u00bb ont l\u00e0 une belle occasion de \u00ab\u00a0d\u00e9couvrir la capitale historique de la Bretagne\u00a0\u00bb.<\/p>\n<p>20 destinations au d\u00e9part de Toulouse<\/p>\n<p class=\" wall-content\">Cette nouvelle destination permet \u00e0 Volotea de \u00ab\u00a0continuer \u00e0 d\u00e9velopper son r\u00e9seau de liaisons domestiques en France et d\u2019enrichir son offre, connectant ainsi Toulouse \u00e0<strong> 20 destinations\u00a0\u00bb,<\/strong>\u00a0r\u00e9parties dans <strong>six pays.<\/strong><\/p>\n<p class=\" wall-content\">Pr\u00e9sente dans la Ville rose depuis 2013, avec <a href=\"https:\/\/actu.fr\/occitanie\/toulouse_31555\/la-compagnie-volotea-ouvre-une-base-a-toulouse-et-devoile-quatre-nouvelles-destinations_3580112.html\" target=\"_blank\" rel=\"noopener\">une base ouverte en 2016<\/a>, cette compagnie \u00e0 bas co\u00fbts continue de se d\u00e9velopper dans la r\u00e9gion et propose \u00ab\u00a0environ 540 000 si\u00e8ges au d\u00e9part de Toulouse en 2025\u00a0\u00bb.<\/p>\n<blockquote class=\"ac-article-quote wall-content\">\n<p>Avec l\u2019ajout de cette 8e destination fran\u00e7aise depuis Toulouse, la compagnie confirme son r\u00f4le cl\u00e9 dans la connectivit\u00e9 du territoire vers les capitales r\u00e9gionales europ\u00e9ennes, tout en renfor\u00e7ant son r\u00e9seau domestique en France.<\/p>\n<p>    <strong>Volotea<\/strong>\n            <\/p><\/blockquote>\n<p>    <img   decoding=\"async\" loading=\"lazy\" src=\"https:\/\/www.europesays.com\/fr\/wp-content\/uploads\/2025\/09\/visuel-vol-inaugural-tls-rns-volotea-c-franck-hamon-960x640.png\" alt=\"Volotea a inaugur\u00e9 lundi 1er septembre 2025 sa nouvelle liaison entre Toulouse et Rennes (Ille-et-Vilaine)\" width=\"960\" height=\"640\"\/><br \/>\n    Volotea a inaugur\u00e9 lundi 1er septembre 2025 sa nouvelle liaison entre Toulouse et Rennes (Ille-et-Vilaine) (\u00a9Franck Hamon \/ Volotea)Vid\u00e9os : en ce moment sur ActuSept autres villes de France desservies<\/p>\n<p class=\" wall-content\">Jusqu\u2019alors, Volotea proposait d\u00e9j\u00e0 des vols vers <strong>Ajaccio, Bastia, Figari, Lille, Nantes, Strasbourg<\/strong> et <strong>Caen <\/strong>dans l\u2019Hexagone. Ses autres lignes relient la Ville rose \u00e0 des destinations (souvent ensoleill\u00e9es) de six pays de l\u2019Union europ\u00e9enne : Croatie, Espagne, France, Gr\u00e8ce, Italie et Luxembourg.\u00a0<\/p>\n<p class=\" wall-content\">\u00ab\u00a0Nous avons \u00e0 c\u0153ur d\u2019offrir toujours plus d\u2019options de destinations \u00e0 nos voyageurs toulousains afin d\u2019\u00e9largir leurs <strong>possibilit\u00e9s d\u2019escapades\u00a0\u00bb<\/strong>, souligne <strong>Gilles Gosselin,<\/strong> directeur France de Volotea.<\/p>\n<p>Votre r\u00e9gion, votre actu !<\/p>\n<p>Recevez chaque jour les infos qui comptent pour vous.<\/p>\n<p>\t<a href=\"https:\/\/actu.fr\/newsletter\" class=\"ac-btn ac-btn--corner ac-btn--medium ac-btn--blue800\" target=\"_blank\" rel=\"noopener\">S&rsquo;incrire<\/a><\/p>\n<blockquote class=\"ac-article-quote wall-content\">\n<p>Cette nouvelle liaison t\u00e9moigne \u00e9galement de notre engagement \u00e0 renforcer la connectivit\u00e9 entre les capitales r\u00e9gionales et vient enrichir l&rsquo;offre existante au d\u00e9part de Toulouse.<\/p>\n<p>    <strong>Gilles Gosselin<\/strong><br \/>\n        Directeur France de Volotea    <\/p><\/blockquote>\n<p>\u00c0 rebours de la tendance de baisse du trafic national<\/p>\n<p class=\" wall-content\">Alors que<a href=\"https:\/\/actu.fr\/occitanie\/blagnac_31069\/malgre-le-succes-de-ses-vols-internationaux-l-aeroport-de-toulouse-ne-retrouve-pas-son-niveau-d-avant-covid_62351799.html\" target=\"_blank\" rel=\"noopener\"> le <strong>trafic national baisse d\u2019ann\u00e9e en ann\u00e9e<\/strong> \u00e0 Toulouse-Blagnac<\/a> (en recul de 7 % en 2024) au profit des liaisons internationales, pour <strong>Bruno Balerdi<\/strong>, directeur commercial de l\u2019a\u00e9roport, \u00ab\u00a0l\u2019ouverture de cette liaison vers Rennes illustre l\u2019importance que nous accordons au d\u00e9veloppement des <strong>lignes domestiques<\/strong>, essentielles pour renforcer la connectivit\u00e9 entre les grandes m\u00e9tropoles r\u00e9gionales\u00a0\u00bb.<\/p>\n<blockquote class=\"ac-article-quote wall-content\">\n<p>Elle offre \u00e0 nouveau aux voyageurs d\u2019affaires une nouvelle solution rapide et efficace, aux passagers loisirs l\u2019opportunit\u00e9 de d\u00e9couvrir Rennes et la Bretagne : son patrimoine historique, sa gastronomie ainsi que l\u2019acc\u00e8s direct aux c\u00f4tes bretonnes, \u00e0 Saint-Malo, au Mont-Saint-Michel ou encore aux paysages du Golfe du Morbihan.<\/p>\n<p>    <strong>Bruno Balerdi<\/strong><br \/>\n        Directeur commercial, clients et communication de l&rsquo;a\u00e9roport Toulouse-Blagnac    <\/p><\/blockquote>\n<p class=\" wall-content\">Bien \u00e9videmment, en sens inverse, cette nouvelle ligne permet aussi \u00ab\u00a0aux Bretons de visiter Toulouse et ses environs\u00a0\u00bb. C\u00f4t\u00e9 pratique, les vols au d\u00e9part de Toulouse sont disponibles, entre autres, sur <a href=\"http:\/\/www.volotea.com\" target=\"_blank\" rel=\"noopener\">le site de Volotea.<\/a><\/p>\n<p class=\" wall-content\">Personnalisez votre actualit\u00e9 en ajoutant vos villes et m\u00e9dias en favori avec <a href=\"https:\/\/moncompte.actu.fr\" title=\"D\u00e9couvez Mon Actu\" rel=\"nofollow noopener\" data-trk=\"{&quot;cta&quot;:{&quot;action&quot;:&quot;https:\\\/\\\/moncompte.actu.fr&quot;,&quot;category&quot;:&quot;mon compte&quot;,&quot;from&quot;:&quot;article footer&quot;,&quot;name&quot;:&quot;Mon actu&quot;,&quot;type&quot;:&quot;cta&quot;}}\" target=\"_blank\">Mon Actu<\/a>.<\/p>\n","protected":false},"excerpt":{"rendered":"Par Guillaume Laurens Publi\u00e9 le 10 sept. 2025 \u00e0 12h49 Elle avait annonc\u00e9, en mars dernier, l\u2019ouverture prochaine&hellip;\n","protected":false},"author":2,"featured_media":380162,"comment_status":"","ping_status":"","sticky":false,"template":"","format":"standard","meta":{"footnotes":""},"categories":[2816],"tags":[1111,11,103,1777,674,1011,27,12,2680,25,104,2312,11756],"class_list":{"0":"post-380161","1":"post","2":"type-post","3":"status-publish","4":"format-standard","5":"has-post-thumbnail","7":"category-toulouse","8":"tag-actu","9":"tag-actualites","10":"tag-aeroport-toulouse-blagnac","11":"tag-eu","12":"tag-europe","13":"tag-fr","14":"tag-france","15":"tag-news","16":"tag-occitanie","17":"tag-republique-francaise","18":"tag-societe","19":"tag-toulouse","20":"tag-volotea"},"share_on_mastodon":{"url":"https:\/\/pubeurope.com\/@fr\/115179820513468296","error":""},"_links":{"self":[{"href":"https:\/\/www.europesays.com\/fr\/wp-json\/wp\/v2\/posts\/380161","targetHints":{"allow":["GET"]}}],"collection":[{"href":"https:\/\/www.europesays.com\/fr\/wp-json\/wp\/v2\/posts"}],"about":[{"href":"https:\/\/www.europesays.com\/fr\/wp-json\/wp\/v2\/types\/post"}],"author":[{"embeddable":true,"href":"https:\/\/www.europesays.com\/fr\/wp-json\/wp\/v2\/users\/2"}],"replies":[{"embeddable":true,"href":"https:\/\/www.europesays.com\/fr\/wp-json\/wp\/v2\/comments?post=380161"}],"version-history":[{"count":0,"href":"https:\/\/www.europesays.com\/fr\/wp-json\/wp\/v2\/posts\/380161\/revisions"}],"wp:featuredmedia":[{"embeddable":true,"href":"https:\/\/www.europesays.com\/fr\/wp-json\/wp\/v2\/media\/380162"}],"wp:attachment":[{"href":"https:\/\/www.europesays.com\/fr\/wp-json\/wp\/v2\/media?parent=380161"}],"wp:term":[{"taxonomy":"category","embeddable":true,"href":"https:\/\/www.europesays.com\/fr\/wp-json\/wp\/v2\/categories?post=380161"},{"taxonomy":"post_tag","embeddable":true,"href":"https:\/\/www.europesays.com\/fr\/wp-json\/wp\/v2\/tags?post=380161"}],"curies":[{"name":"wp","href":"https:\/\/api.w.org\/{rel}","templated":true}]}}