{"id":380167,"date":"2025-09-10T11:44:15","date_gmt":"2025-09-10T11:44:15","guid":{"rendered":"https:\/\/www.europesays.com\/fr\/380167\/"},"modified":"2025-09-10T11:44:15","modified_gmt":"2025-09-10T11:44:15","slug":"un-enseignant-de-luniversite-mis-en-examen-pour-des-viols-sur-ses-petits-enfants-2","status":"publish","type":"post","link":"https:\/\/www.europesays.com\/fr\/380167\/","title":{"rendered":"Un enseignant de l\u2019universit\u00e9 mis en examen pour des viols sur ses petits-enfants"},"content":{"rendered":"<p class=\"mb-4 text-lg md:leading-8 break-words\"><strong>ENQU\u00caTE &#8211; Un homme d\u2019une soixantaine d\u2019ann\u00e9es, ma\u00eetre de conf\u00e9rences \u00e0 l\u2019Universit\u00e9 de Lille, a \u00e9t\u00e9 mis en examen car soup\u00e7onn\u00e9 de viols sur ses petits-enfants<\/strong><\/p>\n<p class=\"mb-4 text-lg md:leading-8 break-words\">Un homme \u00e2g\u00e9 d\u2019une soixantaine d\u2019ann\u00e9es a \u00e9t\u00e9 interpell\u00e9 durant l\u2019\u00e9t\u00e9, soup\u00e7onn\u00e9 d\u2019avoir commis des viols sur plusieurs de ses petits-enfants pendant des ann\u00e9es.<\/p>\n<p class=\"mb-4 text-lg md:leading-8 break-words\">Apr\u00e8s sa garde \u00e0 vue, cet individu, ma\u00eetre de conf\u00e9rences \u00e0 l\u2019Universit\u00e9 de <a href=\"https:\/\/www.20minutes.fr\/lille\/?at_medium=RSS%20feed&amp;at_campaign=ynews&amp;utm_source=yahoo&amp;utm_medium=rss&amp;utm_campaign=news_feed&amp;utm_content=in_article_link\" rel=\"nofollow noopener\" target=\"_blank\" data-ylk=\"slk:Lille;elm:context_link;itc:0;sec:content-canvas\" class=\"link \">Lille<\/a>, a \u00e9t\u00e9 <a href=\"https:\/\/www.20minutes.fr\/dossier\/mis_en_examen?at_medium=RSS%20feed&amp;at_campaign=ynews&amp;utm_source=yahoo&amp;utm_medium=rss&amp;utm_campaign=news_feed&amp;utm_content=in_article_link\" rel=\"nofollow noopener\" target=\"_blank\" data-ylk=\"slk:mis en examen;elm:context_link;itc:0;sec:content-canvas\" class=\"link \">mis en examen<\/a> et plac\u00e9 en d\u00e9tention pour \u00ab<a href=\"https:\/\/www.20minutes.fr\/paris\/4088492-20240429-victime-viols-part-camarade-fillette-doit-quitter-ecole-place-agresseuse?at_medium=RSS%20feed&amp;at_campaign=ynews&amp;utm_source=yahoo&amp;utm_medium=rss&amp;utm_campaign=news_feed&amp;utm_content=in_article_link\" rel=\"nofollow noopener\" target=\"_blank\" data-ylk=\"slk:\u00a0viols;elm:context_link;itc:0;sec:content-canvas\" class=\"link \">\u00a0viols<\/a> <a href=\"https:\/\/www.20minutes.fr\/dossier\/inceste?at_medium=RSS%20feed&amp;at_campaign=ynews&amp;utm_source=yahoo&amp;utm_medium=rss&amp;utm_campaign=news_feed&amp;utm_content=in_article_link\" rel=\"nofollow noopener\" target=\"_blank\" data-ylk=\"slk:incestueux;elm:context_link;itc:0;sec:content-canvas\" class=\"link \">incestueux<\/a>\u00a0\u00bb, \u00ab<a href=\"https:\/\/www.20minutes.fr\/dossier\/agression_sexuelle?at_medium=RSS%20feed&amp;at_campaign=ynews&amp;utm_source=yahoo&amp;utm_medium=rss&amp;utm_campaign=news_feed&amp;utm_content=in_article_link\" rel=\"nofollow noopener\" target=\"_blank\" data-ylk=\"slk:\u00a0agressions sexuelles;elm:context_link;itc:0;sec:content-canvas\" class=\"link \">\u00a0agressions sexuelles<\/a> par ascendant\u00a0\u00bb et \u00ab\u00a0captation en vue de sa diffusion d\u2019image \u00e0 caract\u00e8re pornographique de mineur\u00a0\u00bb, r\u00e9v\u00e8le <a href=\"https:\/\/www.parismatch.com\/actu\/faits-divers\/info-paris-match-un-maitre-de-conferences-de-luniversite-de-lille-incarcere-pour-viols-256702?at_medium=RSS%20feed&amp;at_campaign=ynews&amp;utm_source=yahoo&amp;utm_medium=rss&amp;utm_campaign=news_feed&amp;utm_content=in_article_link\" rel=\"nofollow noopener\" target=\"_blank\" data-ylk=\"slk:Paris Match;elm:context_link;itc:0;sec:content-canvas\" class=\"link \">Paris Match<\/a>. Le professeur, p\u00e8re de cinq enfants, a \u00e9t\u00e9 arr\u00eat\u00e9 au retour d\u2019une sortie en mer.<\/p>\n<p class=\"mb-4 text-lg md:leading-8 break-words\">D\u2019apr\u00e8s les informations du journal, les enqu\u00eateurs ont pu identifier l\u2019enseignant des sciences de l\u2019\u00e9ducation et de la formation gr\u00e2ce \u00e0 un signalement effectu\u00e9 par un internaute cet \u00e9t\u00e9 aupr\u00e8s de l\u2019Office des mineurs (OFMIN). D\u2019apr\u00e8s le parquet de Lille, interrog\u00e9 par <a href=\"https:\/\/www.lefigaro.fr\/faits-divers\/un-maitre-de-conferences-de-l-universite-de-lille-mis-en-examen-pour-des-viols-incestueux-sur-ses-petits-enfants-20250910?at_medium=RSS%20feed&amp;at_campaign=ynews&amp;utm_source=yahoo&amp;utm_medium=rss&amp;utm_campaign=news_feed&amp;utm_content=in_article_link\" rel=\"nofollow noopener\" target=\"_blank\" data-ylk=\"slk:Le Figaro;elm:context_link;itc:0;sec:content-canvas\" class=\"link \">Le Figaro<\/a>, le signalement concernait des actes \u00e0 caract\u00e8re p\u00e9docriminel \u00ab\u00a0commis et diffus\u00e9s sur les r\u00e9seaux sociaux\u00a0\u00bb.<\/p>\n<p class=\"mb-4 text-lg md:leading-8 break-words\"><a href=\"https:\/\/www.20minutes.fr\/faits_divers\/faits-divers-lille\/4172244-20250910-lille-enseignant-universite-mis-examen-viols-petits-enfants?at_medium=RSS%20feed&amp;at_campaign=ynews&amp;utm_source=yahoo&amp;utm_medium=rss&amp;utm_campaign=news_feed&amp;utm_content=read_more_link&quot;\" rel=\"nofollow noopener\" target=\"_blank\" data-ylk=\"slk:Lire la suite sur 20minutes;elm:context_link;itc:0;sec:content-canvas\" class=\"link \">Lire la suite sur 20minutes<\/a><\/p>\n<p>\u00c0 lire aussi :<br \/><a href=\"https:\/\/www.20minutes.fr\/societe\/4160748-20250627-violences-sexuelles-eleves-apres-dizaines-signalements-indre-loire-prof-ecroue?at_medium=RSS%20feed&amp;at_campaign=ynews&amp;utm_source=yahoo&amp;utm_medium=rss&amp;utm_campaign=news_feed&amp;utm_content=related_content_link\" rel=\"nofollow noopener\" target=\"_blank\" data-ylk=\"slk:Violences sexuelles en milieu scolaire\u00a0: Un prof \u00e9crou\u00e9 en Indre-et-Loire;elm:context_link;itc:0;sec:content-canvas\" class=\"link \">Violences sexuelles en milieu scolaire\u00a0: Un prof \u00e9crou\u00e9 en Indre-et-Loire<\/a><br \/><a href=\"https:\/\/www.20minutes.fr\/faits_divers\/4172078-20250909-saint-etienne-professeur-lycee-mis-examen-viols-agressions-sexuelles-aggravees?at_medium=RSS%20feed&amp;at_campaign=ynews&amp;utm_source=yahoo&amp;utm_medium=rss&amp;utm_campaign=news_feed&amp;utm_content=related_content_link\" rel=\"nofollow noopener\" target=\"_blank\" data-ylk=\"slk:Saint-\u00c9tienne\u00a0: Un professeur de lyc\u00e9e mis en examen pour viols et agressions sexuelles aggrav\u00e9es;elm:context_link;itc:0;sec:content-canvas\" class=\"link \">Saint-\u00c9tienne\u00a0: Un professeur de lyc\u00e9e mis en examen pour viols et agressions sexuelles aggrav\u00e9es<\/a><\/p>\n","protected":false},"excerpt":{"rendered":"ENQU\u00caTE &#8211; Un homme d\u2019une soixantaine d\u2019ann\u00e9es, ma\u00eetre de conf\u00e9rences \u00e0 l\u2019Universit\u00e9 de Lille, a \u00e9t\u00e9 mis en&hellip;\n","protected":false},"author":2,"featured_media":380168,"comment_status":"","ping_status":"","sticky":false,"template":"","format":"standard","meta":{"footnotes":""},"categories":[2815],"tags":[1111,11,51349,1777,674,1011,27,811,1307,4914,12,51351,25,51350,51352],"class_list":{"0":"post-380167","1":"post","2":"type-post","3":"status-publish","4":"format-standard","5":"has-post-thumbnail","7":"category-lille","8":"tag-actu","9":"tag-actualites","10":"tag-caractere-pornographique","11":"tag-eu","12":"tag-europe","13":"tag-fr","14":"tag-france","15":"tag-hauts-de-france","16":"tag-lille","17":"tag-maitre-de-conferences","18":"tag-news","19":"tag-petits-enfants","20":"tag-republique-francaise","21":"tag-sciences-de-leducation","22":"tag-sortie-en-mer"},"share_on_mastodon":{"url":"https:\/\/pubeurope.com\/@fr\/115179832245853641","error":""},"_links":{"self":[{"href":"https:\/\/www.europesays.com\/fr\/wp-json\/wp\/v2\/posts\/380167","targetHints":{"allow":["GET"]}}],"collection":[{"href":"https:\/\/www.europesays.com\/fr\/wp-json\/wp\/v2\/posts"}],"about":[{"href":"https:\/\/www.europesays.com\/fr\/wp-json\/wp\/v2\/types\/post"}],"author":[{"embeddable":true,"href":"https:\/\/www.europesays.com\/fr\/wp-json\/wp\/v2\/users\/2"}],"replies":[{"embeddable":true,"href":"https:\/\/www.europesays.com\/fr\/wp-json\/wp\/v2\/comments?post=380167"}],"version-history":[{"count":0,"href":"https:\/\/www.europesays.com\/fr\/wp-json\/wp\/v2\/posts\/380167\/revisions"}],"wp:featuredmedia":[{"embeddable":true,"href":"https:\/\/www.europesays.com\/fr\/wp-json\/wp\/v2\/media\/380168"}],"wp:attachment":[{"href":"https:\/\/www.europesays.com\/fr\/wp-json\/wp\/v2\/media?parent=380167"}],"wp:term":[{"taxonomy":"category","embeddable":true,"href":"https:\/\/www.europesays.com\/fr\/wp-json\/wp\/v2\/categories?post=380167"},{"taxonomy":"post_tag","embeddable":true,"href":"https:\/\/www.europesays.com\/fr\/wp-json\/wp\/v2\/tags?post=380167"}],"curies":[{"name":"wp","href":"https:\/\/api.w.org\/{rel}","templated":true}]}}