{"id":380169,"date":"2025-09-10T11:45:12","date_gmt":"2025-09-10T11:45:12","guid":{"rendered":"https:\/\/www.europesays.com\/fr\/380169\/"},"modified":"2025-09-10T11:45:12","modified_gmt":"2025-09-10T11:45:12","slug":"des-manifestants-de-bloquons-tout-devant-le-centre-des-finances-publiques-a-marseille","status":"publish","type":"post","link":"https:\/\/www.europesays.com\/fr\/380169\/","title":{"rendered":"des manifestants de \u00ab\u00a0Bloquons tout\u00a0\u00bb devant le Centre des finances publiques \u00e0 Marseille"},"content":{"rendered":"<p>Ce mercredi matin, \u00e0 partir de 8h, une cinquantaine de personnes ont manifest\u00e9 devant le centre des <a href=\"https:\/\/www.laprovence.com\/article\/economie\/3497089217299614\/impots-2025-en-paca-les-dates-et-les-nouveautes-a-ne-pas-manquer\" target=\"_blank\" rel=\"noopener\">Finances publiques<\/a>\u00a0de Marseille, situ\u00e9 au 183 avenue du Prado.<\/p>\n<p>Sous le regard intrigu\u00e9 des passants, les participants arriv\u00e9s au compte-goutte et v\u00eatus majoritairement de chasubles roses, ont r\u00e9pondu \u00e0 l&rsquo;appel du syndicat Solidaires finances publiques 13 dans le cadre du <a href=\"https:\/\/www.laprovence.com\/article\/societe\/10574977256878\/bloquons-tout-avec-ceux-qui-veulent-frapper-un-grand-coup-le-10-septembre\" target=\"_blank\" rel=\"noopener\">mouvement g\u00e9n\u00e9ral \u00ab\u00a0Bloquons tout\u00a0\u00bb<\/a>.<\/p>\n<p>En l&rsquo;espace de quelques minutes, les principaux int\u00e9ress\u00e9s ont marqu\u00e9 leur territoire en d\u00e9ployant leurs drapeaux, distribuant des tracts et en s&rsquo;affichant fi\u00e8rement aux c\u00f4t\u00e9s d&rsquo;une banderole : <strong>\u00ab\u00a0Assos, \u00e9cole, h\u00f4pital. Des milliards pour les salaires, pas que pour les actionnaires.\u00a0\u00bb<\/strong><\/p>\n<p>\u00ab\u00a0C&rsquo;est vraiment cette aust\u00e9rit\u00e9 qui nous p\u00e8se\u00a0\u00bb<\/p>\n<p>Sous la houlette de Maxime Picard, secr\u00e9taire d\u00e9partemental de Solidaires finances publiques 13, les participants ont fait valoir leurs revendications. \u00ab\u00a0On est dans un contexte o\u00f9 on nous rab\u00e2che les oreilles notamment dans le cadre du projet du Budget 2026, et ce quel que soit le gouvernement, avec la dette o\u00f9 les classes populaires vont devoir se serrer la ceinture. Aux Finances publiques, on est bien plac\u00e9s pour savoir que <strong>de l&rsquo;argent, il y en a et qu&rsquo;il ne faut pas faire d&rsquo;\u00e9conomies sur nos vies<\/strong>. Il faut chercher de l&rsquo;argent l\u00e0 o\u00f9 il y en a, par exemple sur les aides publiques aux entreprises avec 211 milliards d&rsquo;euros vers\u00e9s l&rsquo;ann\u00e9e derni\u00e8re \u00e0 des soci\u00e9t\u00e9s qui font des b\u00e9n\u00e9fices ou les niches fiscales pour les contribuables les plus riches. C&rsquo;est vraiment cette aust\u00e9rit\u00e9 qui nous p\u00e8se\u00a0\u00bb, d\u00e9plore Maxime Picard.<\/p>\n<p>Bien \u00e9tablis sur le trottoir, \u00e0 proximit\u00e9 de la route, les manifestants ont re\u00e7u le soutien de certains automobilistes pour poursuivre le mouvement \u00ab\u00a0jusqu&rsquo;au bout\u00a0\u00bb.\u00a0 D\u00e9termin\u00e9s, les gr\u00e9vistes n&rsquo;ont cependant pas perturb\u00e9 le bon fonctionnement du centre des Finances publiques, qui a pu accueillir les premiers contribuables particuliers \u00e0 partir de 8h30. Apr\u00e8s avoir r\u00e9uni l&rsquo;ensemble des forces vives, le cort\u00e8ge a migr\u00e9 progressivement vers <a href=\"https:\/\/www.laprovence.com\/article\/societe\/94317460323543\/direct-laprovence-direct-bloquons-tout-le-10-septembre-points-de-rendez-vous-perturbations-dans-les-transports\" target=\"_blank\" rel=\"noopener\">les R\u00e9form\u00e9s pour prendre part au rassemblement g\u00e9n\u00e9ral.\u00a0<\/a><\/p>\n","protected":false},"excerpt":{"rendered":"Ce mercredi matin, \u00e0 partir de 8h, une cinquantaine de personnes ont manifest\u00e9 devant le centre des Finances&hellip;\n","protected":false},"author":2,"featured_media":380170,"comment_status":"","ping_status":"","sticky":false,"template":"","format":"standard","meta":{"footnotes":""},"categories":[2814],"tags":[49970,17,1111,11,3335,154,13413,33,1777,674,1011,27,10239,884,12,882,25,395,3585],"class_list":{"0":"post-380169","1":"post","2":"type-post","3":"status-publish","4":"format-standard","5":"has-post-thumbnail","7":"category-marseille","8":"tag-bloquons","9":"tag-17","10":"tag-actu","11":"tag-actualites","12":"tag-centre","13":"tag-des","14":"tag-devant","15":"tag-economie","16":"tag-eu","17":"tag-europe","18":"tag-fr","19":"tag-france","20":"tag-manifestants","21":"tag-marseille","22":"tag-news","23":"tag-provence-alpes-cote-dazur","24":"tag-republique-francaise","25":"tag-septembre","26":"tag-tout"},"share_on_mastodon":{"url":"https:\/\/pubeurope.com\/@fr\/115179836320232933","error":""},"_links":{"self":[{"href":"https:\/\/www.europesays.com\/fr\/wp-json\/wp\/v2\/posts\/380169","targetHints":{"allow":["GET"]}}],"collection":[{"href":"https:\/\/www.europesays.com\/fr\/wp-json\/wp\/v2\/posts"}],"about":[{"href":"https:\/\/www.europesays.com\/fr\/wp-json\/wp\/v2\/types\/post"}],"author":[{"embeddable":true,"href":"https:\/\/www.europesays.com\/fr\/wp-json\/wp\/v2\/users\/2"}],"replies":[{"embeddable":true,"href":"https:\/\/www.europesays.com\/fr\/wp-json\/wp\/v2\/comments?post=380169"}],"version-history":[{"count":0,"href":"https:\/\/www.europesays.com\/fr\/wp-json\/wp\/v2\/posts\/380169\/revisions"}],"wp:featuredmedia":[{"embeddable":true,"href":"https:\/\/www.europesays.com\/fr\/wp-json\/wp\/v2\/media\/380170"}],"wp:attachment":[{"href":"https:\/\/www.europesays.com\/fr\/wp-json\/wp\/v2\/media?parent=380169"}],"wp:term":[{"taxonomy":"category","embeddable":true,"href":"https:\/\/www.europesays.com\/fr\/wp-json\/wp\/v2\/categories?post=380169"},{"taxonomy":"post_tag","embeddable":true,"href":"https:\/\/www.europesays.com\/fr\/wp-json\/wp\/v2\/tags?post=380169"}],"curies":[{"name":"wp","href":"https:\/\/api.w.org\/{rel}","templated":true}]}}