{"id":380175,"date":"2025-09-10T11:48:21","date_gmt":"2025-09-10T11:48:21","guid":{"rendered":"https:\/\/www.europesays.com\/fr\/380175\/"},"modified":"2025-09-10T11:48:21","modified_gmt":"2025-09-10T11:48:21","slug":"mouvement-bloquons-tout-les-images-a-lyon-du-10-septembre","status":"publish","type":"post","link":"https:\/\/www.europesays.com\/fr\/380175\/","title":{"rendered":"Mouvement \u00ab\u00a0Bloquons-tout\u00a0\u00bb : les images \u00e0 Lyon du 10 septembre"},"content":{"rendered":"<p><img loading=\"lazy\" decoding=\"async\" alt=\"\u00a9 Dorian Molinier - Un rassemblement s'est form\u00e9 \u00e0 midi place Guichard dans le 3e arrondissement de Lyon ce mercredi 10 septembre 2025.\" data-zoom-src=\"https:\/\/www.europesays.com\/fr\/wp-content\/uploads\/2025\/09\/initial-rassemblement-place-guichard-lyon-bloquons-10-septembre-2025-a-midi-credit-dorian-molinier.j.jpeg\" data-zoomable=\"\" height=\"702\" src=\"https:\/\/www.europesays.com\/fr\/wp-content\/uploads\/2025\/09\/initial-rassemblement-place-guichard-lyon-bloquons-10-septembre-2025-a-midi-credit-dorian-molinier.j.jpeg\" width=\"1248\"\/>  <\/p>\n<p class=\"article-desc\">\u00a9 Dorian Molinier &#8211; Un rassemblement s&rsquo;est form\u00e9 \u00e0 midi place Guichard dans le 3e arrondissement de Lyon ce mercredi 10 septembre 2025. <\/p>\n<p><a href=\"https:\/\/mesinfos.fr\/69000-lyon\/bloquons-tout-a-lyon-entre-micro-blocages-et-feux-de-poubelles-229624.html\" target=\"_blank\" rel=\"noopener\">Rassemblement \u00e0 Perrache, manifestation rue de Marseille, pont Galli\u00e9ni et de l&rsquo;Universit\u00e9<\/a>&#8230; Les manifestants du mouvement<strong> \u00ab\u00a0Bloquons tout\u00a0\u00bb du 10 septembre<\/strong> ont converg\u00e9 en masse dans le 3e arrondissement lyonnais,<strong>\u00a0<\/strong>o\u00f9 rendez-vous a \u00e9t\u00e9 donn\u00e9 \u00e0 midi <strong>place Guichard<\/strong>. <\/p>\n<p>Mouvement \u00ab\u00a0Bloquons-tout \u00e0 Lyon\u00a0\u00bb : neuf personnes interpell\u00e9es <\/p>\n<blockquote class=\"twitter-tweet\" data-uniformized=\"true\">\n<p dir=\"ltr\" lang=\"fr\"><a href=\"https:\/\/twitter.com\/hashtag\/10settembre2025?src=hash&amp;ref_src=twsrc%5Etfw\" target=\"_blank\" rel=\"noopener\">#10settembre2025<\/a> | Depuis ce matin, les policiers nationaux sont pleinement mobilis\u00e9s pour d\u00e9bloquer, disperser et interpeller les individus hostiles qui participent \u00e0 des manifestations sauvages. <\/p>\n<p>Leur engagement pour assurer la s\u00e9curit\u00e9 de nos citoyens est total. <\/p>\n<p>7 personnes\u2026 <a href=\"https:\/\/t.co\/wfXQusWkHs\">pic.twitter.com\/wfXQusWkHs<\/a><\/p>\n<p> \u2014 Pr\u00e9f\u00e8te de r\u00e9gion Auvergne-Rh\u00f4ne-Alpes et du Rh\u00f4ne (@prefetrhone) <a href=\"https:\/\/twitter.com\/prefetrhone\/status\/1965706389487030597?ref_src=twsrc%5Etfw\" target=\"_blank\" rel=\"noopener\">September 10, 2025<\/a><\/p><\/blockquote>\n<p>\u00a0 <\/p>\n<p>La <strong>pr\u00e9fecture du Rh\u00f4ne<\/strong> indique en ce milieu de journ\u00e9e avoir recens\u00e9 environ <strong>2 000 participants <\/strong>pour ce rassemblement. Les forces de l&rsquo;ordre ont quant \u00e0 elle proc\u00e9d\u00e9 \u00e0<strong> neuf interpellations<\/strong> depuis ce matin.<\/p>\n<p><a class=\"flex flex-d-c lSButton\" data-order=\"hide-menu\" href=\"#\"><strong>Lancer le diaporama<\/strong>8 photos<\/a> <\/p>\n<p>10 septembre \u00e0 Lyon : \u00ab\u00a0ne pas laisser le gouvernement et les suivants reprendre les acquis des travailleurs et des travailleuses\u00a0\u00bb <\/p>\n<p>L&rsquo;intersyndicale a appel\u00e9 \u00e0 manifester \u00e0 la <strong>manufacture des tabacs<\/strong> \u00e0 11h le<strong> jeudi 18 septembre<\/strong>. La CGT a pris la parole au micro pour relayer les <strong>revendications<\/strong>. Elles portent sur le r\u00e9tablissement de l&rsquo;ISF, l&rsquo;abrogation de la r\u00e9forme des retraites, le maintien de la S\u00e9curit\u00e9 sociale, le financement des services publics et la r\u00e9industralisation du pays.<\/p>\n<p>Les manifestants insistent pour \u00ab\u00a0ne pas laisser le gouvernement et les suivants reprendre les acquis des travailleurs et des travailleuses\u00a0\u00bb.\u00a0 La cause palestinienne n&rsquo;est pas oubli\u00e9e, les manifestants, notamment une majorit\u00e9 de jeunes, scandent des slogans pour la lib\u00e9ration de la Palestine. <\/p>\n<p>Les prises de paroles place Guichard se sont termin\u00e9s peu apr\u00e8s 12h30\u00a0pour laisser place \u00e0 une ambiance plut\u00f4t festive. <\/p>\n<p><script async src=\"https:\/\/platform.twitter.com\/widgets.js\" charset=\"utf-8\"><\/script><\/p>\n","protected":false},"excerpt":{"rendered":"\u00a9 Dorian Molinier &#8211; Un rassemblement s&rsquo;est form\u00e9 \u00e0 midi place Guichard dans le 3e arrondissement de Lyon&hellip;\n","protected":false},"author":2,"featured_media":380176,"comment_status":"","ping_status":"","sticky":false,"template":"","format":"standard","meta":{"footnotes":""},"categories":[1889],"tags":[48300,1111,11,2430,47212,1777,674,1011,27,2428,1272,12,25],"class_list":{"0":"post-380175","1":"post","2":"type-post","3":"status-publish","4":"format-standard","5":"has-post-thumbnail","7":"category-lyon","8":"tag-10-septembre","9":"tag-actu","10":"tag-actualites","11":"tag-auvergne-rhone-alpes","12":"tag-bloquons-tout","13":"tag-eu","14":"tag-europe","15":"tag-fr","16":"tag-france","17":"tag-lyon","18":"tag-manifestations","19":"tag-news","20":"tag-republique-francaise"},"share_on_mastodon":{"url":"https:\/\/pubeurope.com\/@fr\/115179847913360125","error":""},"_links":{"self":[{"href":"https:\/\/www.europesays.com\/fr\/wp-json\/wp\/v2\/posts\/380175","targetHints":{"allow":["GET"]}}],"collection":[{"href":"https:\/\/www.europesays.com\/fr\/wp-json\/wp\/v2\/posts"}],"about":[{"href":"https:\/\/www.europesays.com\/fr\/wp-json\/wp\/v2\/types\/post"}],"author":[{"embeddable":true,"href":"https:\/\/www.europesays.com\/fr\/wp-json\/wp\/v2\/users\/2"}],"replies":[{"embeddable":true,"href":"https:\/\/www.europesays.com\/fr\/wp-json\/wp\/v2\/comments?post=380175"}],"version-history":[{"count":0,"href":"https:\/\/www.europesays.com\/fr\/wp-json\/wp\/v2\/posts\/380175\/revisions"}],"wp:featuredmedia":[{"embeddable":true,"href":"https:\/\/www.europesays.com\/fr\/wp-json\/wp\/v2\/media\/380176"}],"wp:attachment":[{"href":"https:\/\/www.europesays.com\/fr\/wp-json\/wp\/v2\/media?parent=380175"}],"wp:term":[{"taxonomy":"category","embeddable":true,"href":"https:\/\/www.europesays.com\/fr\/wp-json\/wp\/v2\/categories?post=380175"},{"taxonomy":"post_tag","embeddable":true,"href":"https:\/\/www.europesays.com\/fr\/wp-json\/wp\/v2\/tags?post=380175"}],"curies":[{"name":"wp","href":"https:\/\/api.w.org\/{rel}","templated":true}]}}