{"id":380177,"date":"2025-09-10T11:50:15","date_gmt":"2025-09-10T11:50:15","guid":{"rendered":"https:\/\/www.europesays.com\/fr\/380177\/"},"modified":"2025-09-10T11:50:15","modified_gmt":"2025-09-10T11:50:15","slug":"sept-parcours-dexception-recompenses-en-ile-de-france","status":"publish","type":"post","link":"https:\/\/www.europesays.com\/fr\/380177\/","title":{"rendered":"sept parcours d&rsquo;exception r\u00e9compens\u00e9s en \u00cele-de-France"},"content":{"rendered":"<p>Le <a href=\"https:\/\/bigmedia.bpifrance.fr\/nos-actualites\/le-prix-de-lentrepreneur-de-lannee-decerne-a-leonard-forestier\" rel=\"nofollow noopener\" target=\"_blank\">Prix EY de l&rsquo;Entrepreneur de l&rsquo;Ann\u00e9e<\/a> est un programme mondial qui soutient, valorise et c\u00e9l\u00e8bre les initiatives entrepreneuriales. Cette 33e \u00e9dition a r\u00e9compens\u00e9 le 9 septembre des dirigeants visionnaires de la r\u00e9gion \u00cele-de-France qui contribuent \u00e0 fa\u00e7onner l&rsquo;\u00e9conomie de demain avec audace et d\u00e9termination. \u00ab Dans un monde en perp\u00e9tuel mouvement, les entrepreneurs continuent de b\u00e2tir avec confiance et d\u00e9termination \u00bb, souligne Franck Sebag, associ\u00e9 EY et Responsable de la r\u00e9gion \u00cele-de-France.\u00a0<\/p>\n<p>Un palmar\u00e8s francilien d&rsquo;excellence<\/p>\n<p>Ces distinctions illustrent ainsi parfaitement le dynamisme entrepreneurial francilien, entre strat\u00e9gie innovante et projection vers l&rsquo;avenir. R\u00e9compens\u00e9s le 9 septembre \u00e0 Comet Bourse, Paris, les sept parcours entrepreneuriaux sont les suivants :<\/p>\n<ul class=\"bullet-list\">\n<li>Prix de l\u2019Entrepreneur de l\u2019Ann\u00e9e \u00cele-de-France : Rapha\u00ebl Gorg\u00e9 pour Gorg\u00e9 SA<\/li>\n<li>Prix de l\u2019Entreprise Familiale \u00cele-de-France : Marc-Henry M\u00e9nard pour Aurige<\/li>\n<li>Prix de la Scale-Up de l\u2019Ann\u00e9e \u00cele-de-France : \u00c9l\u00e9onore Crespo pour Pigment<\/li>\n<li>Prix de la Start-Up de l\u2019Ann\u00e9e \u00cele-de-France : Eliott Jab\u00e8s pour Stockly<\/li>\n<li>Prix de l\u2019Engagement Soci\u00e9tal \u00cele-de-France : Gabrielle L\u00e9geret pour De l\u2019or dans les mains<\/li>\n<li>Prix Sp\u00e9cial du Jury &#8211; Cat\u00e9gorie Entrepreneur : Anne Caron pour Maison Anne Caron<\/li>\n<li>Prix Sp\u00e9cial du Jury &#8211; Cat\u00e9gorie Start-up : Christian Allouche pour Gleamer<\/li>\n<\/ul>\n<p>Le premier laur\u00e9at, Rapha\u00ebl Gorg\u00e9, pr\u00e9side le groupe industriel fran\u00e7ais Gorg\u00e9 SA (4 000 collaborateurs et 600 M\u20ac de chiffre d\u2019affaires), fond\u00e9 par son p\u00e8re et sp\u00e9cialis\u00e9 dans les technologies de haute performance pour l&rsquo;industrie, la robotique, la s\u00e9curit\u00e9 et l&rsquo;impression 3D. Gr\u00e2ce \u00e0 sa vision strat\u00e9gique, l&rsquo;entreprise a su se diversifier tout en renfor\u00e7ant sa dimension internationale, particuli\u00e8rement \u00e0 travers sa filiale Prodways d\u00e9di\u00e9e \u00e0 l&rsquo;<a href=\"https:\/\/bigmedia.bpifrance.fr\/nos-dossiers\/fabrication-additive-impression-3d-quelles-applications-dans-lindustrie-de-demain\" rel=\"nofollow noopener\" target=\"_blank\">impression 3D<\/a>.<\/p>\n<p>En parall\u00e8le, \u00c9l\u00e9onore Crespo illustre l&rsquo;excellence de la nouvelle g\u00e9n\u00e9ration entrepreneuriale fran\u00e7aise. Cofondatrice et co-CEO de Pigment, cette start-up cr\u00e9\u00e9e en 2021 r\u00e9volutionne la planification financi\u00e8re et strat\u00e9gique gr\u00e2ce \u00e0 sa plateforme SaaS. Forte de son exp\u00e9rience d&rsquo;analyste chez Google puis d&rsquo;investisseuse chez Index Ventures, elle dirige aujourd&rsquo;hui l&rsquo;une des scale-ups fran\u00e7aises les plus prometteuses de la fintech, d\u00e9sormais soutenue par des fonds internationaux de premier plan.<\/p>\n<p>Une dynamique nationale f\u00e9d\u00e9ratrice<\/p>\n<p>Au-del\u00e0 du palmar\u00e8s francilien, l&rsquo;\u00e9v\u00e9nement s&rsquo;inscrit dans une dynamique nationale qui rassemble chaque ann\u00e9e les talents les plus prometteurs. Le Prix EY de l&rsquo;Entrepreneur de l&rsquo;Ann\u00e9e est organis\u00e9 dans huit r\u00e9gions fran\u00e7aises avec des c\u00e9r\u00e9monies \u00e9chelonn\u00e9es de septembre \u00e0 octobre :<\/p>\n<ul class=\"bullet-list\">\n<li>Strasbourg, le 11 septembre ;<\/li>\n<li>Bordeaux, le 15 septembre ;<\/li>\n<li>Lyon, le 22 septembre ;<\/li>\n<li>Marseille, le 23 septembre ;<\/li>\n<li>Nantes, le 29 septembre ;<\/li>\n<li>Toulouse, le 30 septembre ;<\/li>\n<li>Lille, le 2 octobre.<\/li>\n<\/ul>\n<p>Cette approche territoriale permet de valoriser la richesse entrepreneuriale de chaque r\u00e9gion. Les laur\u00e9ats distingu\u00e9s concourront ensuite pour la c\u00e9r\u00e9monie nationale qui se tiendra le 13 octobre au Th\u00e9\u00e2tre du Ch\u00e2telet \u00e0 Paris.<\/p>\n<p>Article r\u00e9alis\u00e9 par Agathe Jaffredo<br \/>\u00a0<\/p>\n","protected":false},"excerpt":{"rendered":"Le Prix EY de l&rsquo;Entrepreneur de l&rsquo;Ann\u00e9e est un programme mondial qui soutient, valorise et c\u00e9l\u00e8bre les initiatives&hellip;\n","protected":false},"author":2,"featured_media":380178,"comment_status":"","ping_status":"","sticky":false,"template":"","format":"standard","meta":{"footnotes":""},"categories":[1592],"tags":[1111,11,1777,674,1011,27,662,12,626,25],"class_list":{"0":"post-380177","1":"post","2":"type-post","3":"status-publish","4":"format-standard","5":"has-post-thumbnail","7":"category-ile-de-france","8":"tag-actu","9":"tag-actualites","10":"tag-eu","11":"tag-europe","12":"tag-fr","13":"tag-france","14":"tag-ile-de-france","15":"tag-news","16":"tag-paris","17":"tag-republique-francaise"},"share_on_mastodon":{"url":"https:\/\/pubeurope.com\/@fr\/115179855855909974","error":""},"_links":{"self":[{"href":"https:\/\/www.europesays.com\/fr\/wp-json\/wp\/v2\/posts\/380177","targetHints":{"allow":["GET"]}}],"collection":[{"href":"https:\/\/www.europesays.com\/fr\/wp-json\/wp\/v2\/posts"}],"about":[{"href":"https:\/\/www.europesays.com\/fr\/wp-json\/wp\/v2\/types\/post"}],"author":[{"embeddable":true,"href":"https:\/\/www.europesays.com\/fr\/wp-json\/wp\/v2\/users\/2"}],"replies":[{"embeddable":true,"href":"https:\/\/www.europesays.com\/fr\/wp-json\/wp\/v2\/comments?post=380177"}],"version-history":[{"count":0,"href":"https:\/\/www.europesays.com\/fr\/wp-json\/wp\/v2\/posts\/380177\/revisions"}],"wp:featuredmedia":[{"embeddable":true,"href":"https:\/\/www.europesays.com\/fr\/wp-json\/wp\/v2\/media\/380178"}],"wp:attachment":[{"href":"https:\/\/www.europesays.com\/fr\/wp-json\/wp\/v2\/media?parent=380177"}],"wp:term":[{"taxonomy":"category","embeddable":true,"href":"https:\/\/www.europesays.com\/fr\/wp-json\/wp\/v2\/categories?post=380177"},{"taxonomy":"post_tag","embeddable":true,"href":"https:\/\/www.europesays.com\/fr\/wp-json\/wp\/v2\/tags?post=380177"}],"curies":[{"name":"wp","href":"https:\/\/api.w.org\/{rel}","templated":true}]}}