{"id":380179,"date":"2025-09-10T11:51:11","date_gmt":"2025-09-10T11:51:11","guid":{"rendered":"https:\/\/www.europesays.com\/fr\/380179\/"},"modified":"2025-09-10T11:51:11","modified_gmt":"2025-09-10T11:51:11","slug":"bloquons-tout-la-gare-du-nord-a-paris-theatre-dechauffourees-et-affrontements-actualites","status":"publish","type":"post","link":"https:\/\/www.europesays.com\/fr\/380179\/","title":{"rendered":"\u00ab\u00a0Bloquons tout\u00a0\u00bb : la gare du Nord \u00e0 Paris th\u00e9\u00e2tre d&rsquo;\u00e9chauffour\u00e9es et affrontements : Actualit\u00e9s"},"content":{"rendered":"<p class=\"lead \"><strong>\u00c0 Paris, la mobilisation \u201cBloquons tout\u201d du 10 septembre a tourn\u00e9 \u00e0 l\u2019affrontement avec notament la gare du Nord \u00e9vacu\u00e9e sous gaz lacrymog\u00e8nes et le p\u00e9riph\u00e9rique vis\u00e9 par des tentatives de blocage.<\/strong><\/p>\n<p class=\"lead \">Le mouvement \u201cBloquons tout\u201d a touch\u00e9 Paris dans de multiples endroits et a fait intervenir manifestants et forces de l\u2019ordre le 10 septembre dans des affrontements tendus. Parmi les secteurs de la capitale propices aux manifestations du m\u00e9contentement public, la gare du Nord s\u2019illustre de fa\u00e7on tr\u00e8s nette, comme l\u2019explique <a href=\"https:\/\/www.leparisien.fr\/paris-75\/mouvement-du-10-septembre-rassemblement-et-echauffourees-aux-abords-de-la-gare-du-nord-a-paris-10-09-2025-TIJA4LRA3ZHUNAQ4QGWAZPNRD4.php\" target=\"_blank\" rel=\"noopener\">Le Parisien<\/a>.<\/p>\n<p>                                                                                                La gare du Nord propice aux blocages et \u00e0 l\u2019usage de gaz lacrymog\u00e8ne<\/p>\n<p class=\"lead \">L\u2019imposant b\u00e2timent du Xe arrondissement a vu d\u00e8s 10h30 du matin des centaines de volontaires se mobiliser, notamment dans le cadre d\u2019un appel \u00e0 manifestation de la part des cheminots.La pr\u00e9fecture de police de Paris communique que des tentatives d\u2019intrusion par des centaines de manifestants au sein de la gare parisienne ont \u00e9t\u00e9 d\u00e9jou\u00e9es peu avant 11 heures par les autorit\u00e9s, selon <a href=\"https:\/\/www.leparisien.fr\/paris-75\/mouvement-du-10-septembre-rassemblement-et-echauffourees-aux-abords-de-la-gare-du-nord-a-paris-10-09-2025-TIJA4LRA3ZHUNAQ4QGWAZPNRD4.php\" target=\"_blank\" rel=\"noopener\">Le Parisien<\/a>. La gare Transilien a \u00e9galement n\u00e9cessit\u00e9 une \u00e9vacuation encadr\u00e9e par les forces de l\u2019ordre. Des manifestants auraient par ailleurs essay\u00e9 de bloquer les multiples entr\u00e9es du b\u00e2timent.<\/p>\n<p class=\"lead \">Diverses images <a href=\"https:\/\/x.com\/TribunePop23\/status\/1965707961608839238?ref_src=twsrc%5Etfw%7Ctwcamp%5Etweetembed%7Ctwterm%5E1965707961608839238%7Ctwgr%5Eda06065c9281ddeddecf49cefabf6c556b72cc0c%7Ctwcon%5Es1_&amp;ref_url=https%3A%2F%2Fwww.leparisien.fr%2Fparis-75%2Fmouvement-du-10-septembre-rassemblement-et-echauffourees-aux-abords-de-la-gare-du-nord-a-paris-10-09-2025-TIJA4LRA3ZHUNAQ4QGWAZPNRD4.php\" target=\"_blank\">post\u00e9es sur les r\u00e9seaux sociaux<\/a> \u00e0 midi montrent les autorit\u00e9s avoir recours au gaz lacrymog\u00e8ne pour disperser des manifestants. Plusieurs manifestants auraient aussi \u00e9t\u00e9 bloqu\u00e9s par les autorit\u00e9s en haut de la rue du Faubourg Saint-Denis, proche de la gare.<\/p>\n<p>                                                                                                Des tentatives de bloquer le p\u00e9riph\u00e9rique<\/p>\n<p class=\"lead \">D\u2019autres \u00e9v\u00e9nements ont marqu\u00e9 le 10 septembre 2025 dans la capitale, \u00e0 l\u2019image de plusieurs tentatives des manifestants de bloquer la circulation sur le p\u00e9riph\u00e9rique. Plusieurs endroits comme la porte de Bagnolet, la porte de la Chapelle, la porte de Clignancourt ou encore la porte de Montreuil ont \u00e9t\u00e9 notamment vis\u00e9s par les membres du mouvement protestataire, comme l\u2019indique <a href=\"https:\/\/www.franceinfo.fr\/societe\/bloquons-tout-mouvement-du-10-septembre\/mouvement-bloquons-tout-du-10-septembre-le-point-sur-les-blocages-et-manifestations-region-par-region_7483987.html\" target=\"_blank\" rel=\"noopener\">France Info<\/a>.<\/p>\n<p class=\"lead \">N\u00e9anmoins, les manifestants ont \u00e9t\u00e9 dispers\u00e9s rapidement par les forces de l&rsquo;ordre et la circulation \u00e9tait jug\u00e9e fluide d\u00e8s 9h30 sur la majorit\u00e9 du p\u00e9riph\u00e9rique, selon la carte de Sytadin, le site d&rsquo;information routi\u00e8re de la Direction des routes d&rsquo;Ile-de-France.<\/p>\n<p class=\"small font-weight-bold text-gray3 \"> publi\u00e9 le 10 septembre \u00e0 13h32, Axel Juin, 6M\u00e9dias<\/p>\n<p>                             Partager<\/p>\n","protected":false},"excerpt":{"rendered":"\u00c0 Paris, la mobilisation \u201cBloquons tout\u201d du 10 septembre a tourn\u00e9 \u00e0 l\u2019affrontement avec notament la gare du&hellip;\n","protected":false},"author":2,"featured_media":380180,"comment_status":"","ping_status":"","sticky":false,"template":"","format":"standard","meta":{"footnotes":""},"categories":[1888],"tags":[1111,1928,11,1927,1777,674,1011,27,12,1926,626,1925,25],"class_list":{"0":"post-380179","1":"post","2":"type-post","3":"status-publish","4":"format-standard","5":"has-post-thumbnail","7":"category-paris","8":"tag-actu","9":"tag-actu-paris","10":"tag-actualites","11":"tag-actualites-paris","12":"tag-eu","13":"tag-europe","14":"tag-fr","15":"tag-france","16":"tag-news","17":"tag-news-paris","18":"tag-paris","19":"tag-paris-news","20":"tag-republique-francaise"},"share_on_mastodon":{"url":"https:\/\/pubeurope.com\/@fr\/115179859918227655","error":""},"_links":{"self":[{"href":"https:\/\/www.europesays.com\/fr\/wp-json\/wp\/v2\/posts\/380179","targetHints":{"allow":["GET"]}}],"collection":[{"href":"https:\/\/www.europesays.com\/fr\/wp-json\/wp\/v2\/posts"}],"about":[{"href":"https:\/\/www.europesays.com\/fr\/wp-json\/wp\/v2\/types\/post"}],"author":[{"embeddable":true,"href":"https:\/\/www.europesays.com\/fr\/wp-json\/wp\/v2\/users\/2"}],"replies":[{"embeddable":true,"href":"https:\/\/www.europesays.com\/fr\/wp-json\/wp\/v2\/comments?post=380179"}],"version-history":[{"count":0,"href":"https:\/\/www.europesays.com\/fr\/wp-json\/wp\/v2\/posts\/380179\/revisions"}],"wp:featuredmedia":[{"embeddable":true,"href":"https:\/\/www.europesays.com\/fr\/wp-json\/wp\/v2\/media\/380180"}],"wp:attachment":[{"href":"https:\/\/www.europesays.com\/fr\/wp-json\/wp\/v2\/media?parent=380179"}],"wp:term":[{"taxonomy":"category","embeddable":true,"href":"https:\/\/www.europesays.com\/fr\/wp-json\/wp\/v2\/categories?post=380179"},{"taxonomy":"post_tag","embeddable":true,"href":"https:\/\/www.europesays.com\/fr\/wp-json\/wp\/v2\/tags?post=380179"}],"curies":[{"name":"wp","href":"https:\/\/api.w.org\/{rel}","templated":true}]}}