{"id":380181,"date":"2025-09-10T11:52:14","date_gmt":"2025-09-10T11:52:14","guid":{"rendered":"https:\/\/www.europesays.com\/fr\/380181\/"},"modified":"2025-09-10T11:52:14","modified_gmt":"2025-09-10T11:52:14","slug":"du-periph-a-gare-du-nord-une-matinee-avec-les-militants-qui-veulent-tout-bloquer","status":"publish","type":"post","link":"https:\/\/www.europesays.com\/fr\/380181\/","title":{"rendered":"du p\u00e9riph \u00e0 Gare du Nord, une matin\u00e9e avec les militants qui veulent \u00ab tout bloquer \u00bb"},"content":{"rendered":"<p class=\"mb-4 text-lg md:leading-8 break-words\">MOBILISATION &#8211; Une journ\u00e9e pour \u00ab\u00a0tout bloquer\u00a0\u00bb. <a href=\"https:\/\/fr.news.yahoo.com\/bloquons-10-septembre-gr%C3%A8ve-carte-043012889.html\" data-ylk=\"slk:Ce 10\u00a0septembre;elm:context_link;itc:0;sec:content-canvas;outcm:mb_qualified_link;_E:mb_qualified_link;ct:story;\" class=\"link  yahoo-link\" target=\"_blank\" rel=\"noopener\">Ce 10\u00a0septembre<\/a> \u00e9tait coch\u00e9 depuis longtemps dans les agendas des mobilisations sociales. Et dans celui de <a href=\"https:\/\/fr.news.yahoo.com\/bloquons-10-septembre-bruno-retailleau-195002264.html\" data-ylk=\"slk:Bruno Retailleau;elm:context_link;itc:0;sec:content-canvas;outcm:mb_qualified_link;_E:mb_qualified_link;ct:story;\" class=\"link  yahoo-link\" target=\"_blank\" rel=\"noopener\">Bruno Retailleau<\/a> qui avait d\u00e9p\u00each\u00e9 80\u00a0000\u00a0membres des forces de l\u2019ordre pour faire face aux tentatives de blocage du pays.<\/p>\n<p class=\"mb-4 text-lg md:leading-8 break-words\">Dans la capitale, les militants se sont retrouv\u00e9s avant m\u00eame la lev\u00e9e du jour avec comme objectif num\u00e9ro un\u00a0le p\u00e9riph\u00e9rique sur lequel ils ont tent\u00e9 de s\u2019introduire \u00e0 plusieurs endroits. <strong>Mais comme vous pouvez le voir dans la vid\u00e9o en t\u00eate d\u2019article<\/strong>, les policiers sont intervenus tr\u00e8s rapidement, ici porte de Montreuil, pour permettre \u00e0 la circulation de ne pas \u00eatre interrompue.<\/p>\n<p class=\"mb-4 text-lg md:leading-8 break-words\"><a href=\"https:\/\/fr.news.yahoo.com\/j-droit-prendre-caf%C3%A9-danielle-105010552.html\" data-ylk=\"slk:\u00ab\u00a0J\u2019ai le droit de prendre un caf\u00e9\u00a0!\u00a0\u00bb\u00a0: Danielle Simonnet expuls\u00e9e d\u2019un caf\u00e9 par la Brav-M;elm:context_link;itc:0;sec:content-canvas;outcm:mb_qualified_link;_E:mb_qualified_link;ct:story;\" class=\"link  yahoo-link\" target=\"_blank\" rel=\"noopener\"> \u00ab\u00a0J\u2019ai le droit de prendre un caf\u00e9\u00a0!\u00a0\u00bb\u00a0: Danielle Simonnet expuls\u00e9e d\u2019un caf\u00e9 par la Brav-M <\/a><\/p>\n<p>Publicit\u00e9<\/p>\n<p>Publicit\u00e9<\/p>\n<p>Publicit\u00e9<\/p>\n<p>Publicit\u00e9<\/p>\n<p class=\"mb-4 text-lg md:leading-8 break-words\">\u00c0 quelques m\u00e8tres de l\u00e0 au si\u00e8ge de la CGT des revendications sociales et environnementales se faisaient entendre. Et ce n\u2019est pas <a href=\"https:\/\/fr.news.yahoo.com\/olivier-faure-raconte-emmanuel-macron-083425812.html\" data-ylk=\"slk:la nomination de S\u00e9bastien Lecornu;elm:context_link;itc:0;sec:content-canvas;outcm:mb_qualified_link;_E:mb_qualified_link;ct:story;\" class=\"link  yahoo-link\" target=\"_blank\" rel=\"noopener\">la nomination de S\u00e9bastien Lecornu<\/a> qui \u00e9tait de nature \u00e0 rassurer les personnes mobilis\u00e9es. \u00ab\u00a0Le seul Premier ministre qui devrait \u00eatre nomm\u00e9 actuellement, c\u2019est un Premier ministre qui sort des forces qui ont gagn\u00e9 aux l\u00e9gislatives\u00a0\u00bb, pointe Pascal, un militant CGT.<\/p>\n<p class=\"mb-4 text-lg md:leading-8 break-words\">Les tentatives de blocage n\u2019ont pas eu beaucoup plus d\u2019effet gare du Nord o\u00f9 un impressionnant dispositif policier a tent\u00e9 de disperser la foule \u00e0 coups de gaz lacrymog\u00e8nes. \u00c0 Paris, une manifestation plus \u00ab\u00a0classique\u00a0\u00bb est pr\u00e9vue en d\u00e9but d\u2019apr\u00e8s-midi\u00a0; un cort\u00e8ge encadr\u00e9 l\u00e0 encore par les forces de l\u2019ordre qui craignent des d\u00e9bordements. Depuis le d\u00e9but de journ\u00e9e, 295\u00a0interpellations ont eu lieu sur l\u2019ensemble du territoire.<\/p>\n<p class=\"mb-4 text-lg md:leading-8 break-words\"><a href=\"https:\/\/fr.news.yahoo.com\/bloquons-10-septembre-rn-d%C3%A9calage-034511770.html\" data-ylk=\"slk:\u00ab\u00a0Bloquons tout\u00a0\u00bb le 10\u00a0septembre\u00a0: le RN en d\u00e9calage avec sa base sur le soutien au mouvement - EXCLUSIF;elm:context_link;itc:0;sec:content-canvas;outcm:mb_qualified_link;_E:mb_qualified_link;ct:story;\" class=\"link  yahoo-link\" target=\"_blank\" rel=\"noopener\"> \u00ab\u00a0Bloquons tout\u00a0\u00bb le 10\u00a0septembre\u00a0: le RN en d\u00e9calage avec sa base sur le soutien au mouvement &#8211; EXCLUSIF <\/a><\/p>\n<p class=\"mb-4 text-lg md:leading-8 break-words\"><a href=\"https:\/\/fr.news.yahoo.com\/bloquons-10-septembre-dizaines-d-071215823.html\" data-ylk=\"slk:\u00ab\u00a0Bloquons tout\u00a0\u00bb le 10\u00a0septembre\u00a0: ce que les centaines d\u2019interpellations matinales disent de la strat\u00e9gie polici\u00e8re;elm:context_link;itc:0;sec:content-canvas;outcm:mb_qualified_link;_E:mb_qualified_link;ct:story;\" class=\"link  yahoo-link\" target=\"_blank\" rel=\"noopener\"> \u00ab\u00a0Bloquons tout\u00a0\u00bb le 10\u00a0septembre\u00a0: ce que les centaines d\u2019interpellations matinales disent de la strat\u00e9gie polici\u00e8re <\/a><\/p>\n","protected":false},"excerpt":{"rendered":"MOBILISATION &#8211; Une journ\u00e9e pour \u00ab\u00a0tout bloquer\u00a0\u00bb. Ce 10\u00a0septembre \u00e9tait coch\u00e9 depuis longtemps dans les agendas des mobilisations&hellip;\n","protected":false},"author":2,"featured_media":380182,"comment_status":"","ping_status":"","sticky":false,"template":"","format":"standard","meta":{"footnotes":""},"categories":[1888],"tags":[1111,1928,11,1927,1013,1777,674,3160,1011,27,12,1926,626,1925,5677,25,22280],"class_list":{"0":"post-380181","1":"post","2":"type-post","3":"status-publish","4":"format-standard","5":"has-post-thumbnail","7":"category-paris","8":"tag-actu","9":"tag-actu-paris","10":"tag-actualites","11":"tag-actualites-paris","12":"tag-bruno-retailleau","13":"tag-eu","14":"tag-europe","15":"tag-forces-de-lordre","16":"tag-fr","17":"tag-france","18":"tag-news","19":"tag-news-paris","20":"tag-paris","21":"tag-paris-news","22":"tag-porte-de-montreuil","23":"tag-republique-francaise","24":"tag-une-journee"},"share_on_mastodon":{"url":"https:\/\/pubeurope.com\/@fr\/115179863720173296","error":""},"_links":{"self":[{"href":"https:\/\/www.europesays.com\/fr\/wp-json\/wp\/v2\/posts\/380181","targetHints":{"allow":["GET"]}}],"collection":[{"href":"https:\/\/www.europesays.com\/fr\/wp-json\/wp\/v2\/posts"}],"about":[{"href":"https:\/\/www.europesays.com\/fr\/wp-json\/wp\/v2\/types\/post"}],"author":[{"embeddable":true,"href":"https:\/\/www.europesays.com\/fr\/wp-json\/wp\/v2\/users\/2"}],"replies":[{"embeddable":true,"href":"https:\/\/www.europesays.com\/fr\/wp-json\/wp\/v2\/comments?post=380181"}],"version-history":[{"count":0,"href":"https:\/\/www.europesays.com\/fr\/wp-json\/wp\/v2\/posts\/380181\/revisions"}],"wp:featuredmedia":[{"embeddable":true,"href":"https:\/\/www.europesays.com\/fr\/wp-json\/wp\/v2\/media\/380182"}],"wp:attachment":[{"href":"https:\/\/www.europesays.com\/fr\/wp-json\/wp\/v2\/media?parent=380181"}],"wp:term":[{"taxonomy":"category","embeddable":true,"href":"https:\/\/www.europesays.com\/fr\/wp-json\/wp\/v2\/categories?post=380181"},{"taxonomy":"post_tag","embeddable":true,"href":"https:\/\/www.europesays.com\/fr\/wp-json\/wp\/v2\/tags?post=380181"}],"curies":[{"name":"wp","href":"https:\/\/api.w.org\/{rel}","templated":true}]}}