{"id":380192,"date":"2025-09-10T11:58:11","date_gmt":"2025-09-10T11:58:11","guid":{"rendered":"https:\/\/www.europesays.com\/fr\/380192\/"},"modified":"2025-09-10T11:58:11","modified_gmt":"2025-09-10T11:58:11","slug":"jlr-royaume-uni-confirme-que-certaines-donnees-ont-ete-affectees-par-un-incident-de-cybersecurite","status":"publish","type":"post","link":"https:\/\/www.europesays.com\/fr\/380192\/","title":{"rendered":"JLR Royaume-Uni confirme que \u00ab\u00a0certaines donn\u00e9es\u00a0\u00bb ont \u00e9t\u00e9 affect\u00e9es par un incident de cybers\u00e9curit\u00e9"},"content":{"rendered":"<p>Jaguar Land Rover a annonc\u00e9 mercredi que \u00ab\u00a0certaines donn\u00e9es\u00a0\u00bb ont \u00e9t\u00e9 compromises lors d&rsquo;un incident de cybers\u00e9curit\u00e9 r\u00e9v\u00e9l\u00e9 la semaine derni\u00e8re, lequel a perturb\u00e9 la production et les ventes.<\/p>\n<p>\n\u00ab\u00a0Notre enqu\u00eate m\u00e9dico-l\u00e9gale se poursuit \u00e0 un rythme soutenu et nous contacterons toute personne concern\u00e9e si nous d\u00e9couvrons que ses donn\u00e9es ont \u00e9t\u00e9 impact\u00e9es\u00a0\u00bb, a d\u00e9clar\u00e9 le constructeur automobile britannique de luxe, propri\u00e9t\u00e9 de l&rsquo;indien Tata Motors.<\/p>\n<p>\nL&rsquo;entreprise n&rsquo;a pas fourni d&rsquo;informations suppl\u00e9mentaires.<\/p>\n<p><\/p>\n","protected":false},"excerpt":{"rendered":"Jaguar Land Rover a annonc\u00e9 mercredi que \u00ab\u00a0certaines donn\u00e9es\u00a0\u00bb ont \u00e9t\u00e9 compromises lors d&rsquo;un incident de cybers\u00e9curit\u00e9 r\u00e9v\u00e9l\u00e9&hellip;\n","protected":false},"author":2,"featured_media":380193,"comment_status":"","ping_status":"","sticky":false,"template":"","format":"standard","meta":{"footnotes":""},"categories":[1588],"tags":[11,340,1777,674,12,473,1853,1851,1850,1852],"class_list":{"0":"post-380192","1":"post","2":"type-post","3":"status-publish","4":"format-standard","5":"has-post-thumbnail","7":"category-royaume-uni","8":"tag-actualites","9":"tag-bourse","10":"tag-eu","11":"tag-europe","12":"tag-news","13":"tag-royaume-uni","14":"tag-royaume-uni-de-grande-bretagne-et-dirlande-du-nord","15":"tag-uk","16":"tag-united-kingdom","17":"tag-united-kingdom-of-great-britain-and-northern-ireland"},"share_on_mastodon":{"url":"https:\/\/pubeurope.com\/@fr\/115179887726378532","error":""},"_links":{"self":[{"href":"https:\/\/www.europesays.com\/fr\/wp-json\/wp\/v2\/posts\/380192","targetHints":{"allow":["GET"]}}],"collection":[{"href":"https:\/\/www.europesays.com\/fr\/wp-json\/wp\/v2\/posts"}],"about":[{"href":"https:\/\/www.europesays.com\/fr\/wp-json\/wp\/v2\/types\/post"}],"author":[{"embeddable":true,"href":"https:\/\/www.europesays.com\/fr\/wp-json\/wp\/v2\/users\/2"}],"replies":[{"embeddable":true,"href":"https:\/\/www.europesays.com\/fr\/wp-json\/wp\/v2\/comments?post=380192"}],"version-history":[{"count":0,"href":"https:\/\/www.europesays.com\/fr\/wp-json\/wp\/v2\/posts\/380192\/revisions"}],"wp:featuredmedia":[{"embeddable":true,"href":"https:\/\/www.europesays.com\/fr\/wp-json\/wp\/v2\/media\/380193"}],"wp:attachment":[{"href":"https:\/\/www.europesays.com\/fr\/wp-json\/wp\/v2\/media?parent=380192"}],"wp:term":[{"taxonomy":"category","embeddable":true,"href":"https:\/\/www.europesays.com\/fr\/wp-json\/wp\/v2\/categories?post=380192"},{"taxonomy":"post_tag","embeddable":true,"href":"https:\/\/www.europesays.com\/fr\/wp-json\/wp\/v2\/tags?post=380192"}],"curies":[{"name":"wp","href":"https:\/\/api.w.org\/{rel}","templated":true}]}}