{"id":380196,"date":"2025-09-10T12:00:10","date_gmt":"2025-09-10T12:00:10","guid":{"rendered":"https:\/\/www.europesays.com\/fr\/380196\/"},"modified":"2025-09-10T12:00:10","modified_gmt":"2025-09-10T12:00:10","slug":"tipa-lance-des-etiquettes-compostables-pour-les-fruits-et-legumes-en-europe","status":"publish","type":"post","link":"https:\/\/www.europesays.com\/fr\/380196\/","title":{"rendered":"TIPA lance des \u00e9tiquettes compostables pour les fruits et l\u00e9gumes en Europe"},"content":{"rendered":"<p>&#13;<br \/>\n        &#13;<br \/>\n        &#13;<br \/>\n        &#13;<br \/>\n            &#13;<br \/>\n        &#13;<br \/>\n&#13;<br \/>\n        &#13;<br \/>\n            &#13;<br \/>\n        &#13;<br \/>\n&#13;<br \/>\n&#13;<br \/>\n        &#13;<\/p>\n<p>TIPA Compostable Packaging et sa filiale europ\u00e9enne Bio4Pack ont lanc\u00e9 une \u00e9tiquette certifi\u00e9e compostable \u00e0 domicile pour les produits frais, con\u00e7ue pour une large gamme de fruits et l\u00e9gumes.<\/p>\n<p>Selon TIPA, les \u00e9tiquettes sont r\u00e9sistantes \u00e0 l&rsquo;humidit\u00e9 tout en restant flexibles. L&rsquo;adh\u00e9sif sensible \u00e0 la pression leur permet d&rsquo;adh\u00e9rer aux produits \u00e0 peau lisse tels que les bananes et les mangues, ainsi qu&rsquo;aux surfaces plus rugueuses telles que les oranges et les cantaloups, sans laisser de r\u00e9sidus.<\/p>\n<p>L&rsquo;entreprise pr\u00e9cise que les \u00e9tiquettes sont compatibles avec les presses d&rsquo;impression d&rsquo;\u00e9tiquettes conventionnelles, qu&rsquo;elles peuvent \u00eatre appliqu\u00e9es \u00e0 la main ou \u00e0 la machine et qu&rsquo;elles sont r\u00e9sistantes au froid et \u00e0 l&rsquo;humidit\u00e9. Elles sont \u00e9galement certifi\u00e9es sans danger pour les aliments et peuvent \u00eatre appliqu\u00e9es directement.<\/p>\n<p>\u00ab\u00a0Les \u00e9tiquettes appos\u00e9es sur les produits frais sont traditionnellement fabriqu\u00e9es \u00e0 partir de plastique conventionnel qui ne peut \u00eatre recycl\u00e9 et qui est souvent jet\u00e9 dans les poubelles alimentaires, contaminant les flux organiques et contribuant \u00e0 la pollution microplastique\u00a0\u00bb, a d\u00e9clar\u00e9 Daphna Nissenbaum, cofondatrice et PDG de TIPA. Elle a ajout\u00e9 : \u00ab\u00a0Nous sommes ravis de proposer ces \u00e9tiquettes de produits dans le cadre de notre portefeuille croissant de solutions durables qui fonctionnent comme les plastiques conventionnels, mais r\u00e9pondent aux normes de compostabilit\u00e9 actuelles.\u00a0\u00bb<\/p>\n<p>Au d\u00e9but de l&rsquo;ann\u00e9e 2025, TIPA a lanc\u00e9 un film \u00e0 haute barri\u00e8re compostable \u00e0 domicile pour les emballages lamin\u00e9s de snacks et de croustillants. Ce film est disponible en bobines dans le monde entier et, lorsqu&rsquo;il est associ\u00e9 \u00e0 des couches de cellulose ou de papier, il est d\u00e9crit comme l&rsquo;une des options compostables \u00e0 domicile \u00e0 deux couches les plus fines pour les snacks tels que les chips et les frites.<\/p>\n<p>D&rsquo;autres entreprises font \u00e9galement progresser l&#8217;emballage compostable. En juillet, Huhtamaki a annonc\u00e9 la mise sur le march\u00e9 de gobelets de cr\u00e8me glac\u00e9e qui sont \u00e0 la fois compostables \u00e0 domicile et industriellement, et recyclables. Ces gobelets sont fabriqu\u00e9s \u00e0 partir de carton certifi\u00e9 et recouverts d&rsquo;un mat\u00e9riau biosourc\u00e9, dans le cadre de l&rsquo;abandon par l&rsquo;entreprise des plastiques d&rsquo;origine fossile.<\/p>\n<p>Source : <a href=\"https:\/\/packagingeurope.com\/news\/tipa-and-bio4pack-announce-certified-home-compostable-label-for-fresh-produce\/13324.article\" target=\"_blank\" rel=\"noopener nofollow\">Packaging Europe<\/a><\/p>\n<p>&#13;<br \/>\n        &#13;<br \/>\n&#13;<br \/>\n        &#13;<\/p>\n<p>Photo de la premi\u00e8re page: <a href=\"#\" data-src=\"https:\/\/agfstorage.blob.core.windows.net\/misc\/AGF_nl\/2025\/09\/10\/bio4.jpg\" data-photographer=\"\u00a9 Tipa\">\u00a9 Tipa<\/a><\/p>\n<p>&#13;<br \/>\n&#13;<br \/>\n            Date de publication:&#13;<br \/>\n            &#13;<br \/>\n                mer. 10 sept. 2025&#13;<br \/>\n            &#13;<br \/>\n            <br \/>&#13;<br \/>\n&#13;<br \/>\n&#13;<br \/>\n            &#13;<br \/>\n        &#13;<br \/>\n&#13;<br \/>\n        &#13;<br \/>\n&#13;<br \/>\n&#13;<br \/>\n        &#13;<br \/>\n    &#13;<br \/>\n&#13;<\/p>\n","protected":false},"excerpt":{"rendered":"&#13; &#13; &#13; &#13; &#13; &#13; &#13; &#13; &#13; &#13; &#13; &#13; &#13; TIPA Compostable Packaging et sa&hellip;\n","protected":false},"author":2,"featured_media":380197,"comment_status":"","ping_status":"","sticky":false,"template":"","format":"standard","meta":{"footnotes":""},"categories":[1586],"tags":[11,1777,674,1011,27,12,25],"class_list":{"0":"post-380196","1":"post","2":"type-post","3":"status-publish","4":"format-standard","5":"has-post-thumbnail","7":"category-europe","8":"tag-actualites","9":"tag-eu","10":"tag-europe","11":"tag-fr","12":"tag-france","13":"tag-news","14":"tag-republique-francaise"},"share_on_mastodon":{"url":"https:\/\/pubeurope.com\/@fr\/115179895212271819","error":""},"_links":{"self":[{"href":"https:\/\/www.europesays.com\/fr\/wp-json\/wp\/v2\/posts\/380196","targetHints":{"allow":["GET"]}}],"collection":[{"href":"https:\/\/www.europesays.com\/fr\/wp-json\/wp\/v2\/posts"}],"about":[{"href":"https:\/\/www.europesays.com\/fr\/wp-json\/wp\/v2\/types\/post"}],"author":[{"embeddable":true,"href":"https:\/\/www.europesays.com\/fr\/wp-json\/wp\/v2\/users\/2"}],"replies":[{"embeddable":true,"href":"https:\/\/www.europesays.com\/fr\/wp-json\/wp\/v2\/comments?post=380196"}],"version-history":[{"count":0,"href":"https:\/\/www.europesays.com\/fr\/wp-json\/wp\/v2\/posts\/380196\/revisions"}],"wp:featuredmedia":[{"embeddable":true,"href":"https:\/\/www.europesays.com\/fr\/wp-json\/wp\/v2\/media\/380197"}],"wp:attachment":[{"href":"https:\/\/www.europesays.com\/fr\/wp-json\/wp\/v2\/media?parent=380196"}],"wp:term":[{"taxonomy":"category","embeddable":true,"href":"https:\/\/www.europesays.com\/fr\/wp-json\/wp\/v2\/categories?post=380196"},{"taxonomy":"post_tag","embeddable":true,"href":"https:\/\/www.europesays.com\/fr\/wp-json\/wp\/v2\/tags?post=380196"}],"curies":[{"name":"wp","href":"https:\/\/api.w.org\/{rel}","templated":true}]}}