{"id":380198,"date":"2025-09-10T12:01:11","date_gmt":"2025-09-10T12:01:11","guid":{"rendered":"https:\/\/www.europesays.com\/fr\/380198\/"},"modified":"2025-09-10T12:01:11","modified_gmt":"2025-09-10T12:01:11","slug":"le-rond-point-de-la-baigneuse-bloque-par-le-mouvement-bloquons-tout","status":"publish","type":"post","link":"https:\/\/www.europesays.com\/fr\/380198\/","title":{"rendered":"le rond-point de la Baigneuse bloqu\u00e9 par le mouvement \u00ab\u00a0Bloquons tout\u00a0\u00bb"},"content":{"rendered":"<p>            Par<br \/>\n        <strong><br \/>\n            <a href=\"https:\/\/actu.fr\/auteur\/jerome-buresi\" title=\"Consulter tous les articles de J\u00e9r\u00f4me Buresi\" target=\"_blank\" rel=\"noopener\">J\u00e9r\u00f4me Buresi<\/a><br \/>\n        <\/strong><\/p>\n<p>        Publi\u00e9 le<\/p>\n<p>            10 sept. 2025 \u00e0 13h02        <\/p>\n<p data-end=\"2214\">La <b>circulation est difficile<\/b> autour du r<b>ond-point de la Baigneuse<\/b>, entre <a href=\"https:\/\/actu.fr\/hauts-de-france\/mers-les-bains_80533\" target=\"_blank\" rel=\"noopener\">Mers-les-Bains<\/a> (<b>Somme<\/b>) et <a href=\"https:\/\/actu.fr\/l-informateur-d-eu\/\" target=\"_blank\" rel=\"noopener\">Eu<\/a> (<b>Seine-Maritime<\/b>). Le mouvement \u00ab\u00a0<a href=\"https:\/\/actu.fr\/tag\/bloquons-tout\" target=\"_blank\" rel=\"noopener\">Bloquons tout\u00a0\u00bb<\/a>, lanc\u00e9 mercredi 10 septembre 2025, a d\u00e9but\u00e9 d\u00e8s ce matin. Plus d\u2019une cinquantaine de personnes se relaient et d\u2019autres doivent encore arriver au cours de la journ\u00e9e pour mettre en place des <b>barrages filtrants<\/b>, durant quelques minutes, \u00e0 chaque entr\u00e9e de ce carrefour strat\u00e9gique de la vall\u00e9e de la Bresle, entre Dieppe et Abbeville. Le tout sous la surveillance des gendarmes.<\/p>\n<p>\u00ab\u00a0On le fait aussi pour nos enfants\u00a0\u00bb<br \/>\n    <img   decoding=\"async\" loading=\"lazy\" class=\"size-large\" src=\"https:\/\/www.europesays.com\/fr\/wp-content\/uploads\/2025\/09\/bef3a6e951c860304a6e951c8e604av-960x640.jpg\" alt=\"Mers bloquons tout mouvement du 10 septembre\" width=\"960\" height=\"640\"\/><br \/>\n    Des participantes, panneaux \u00e0 la main, appellent \u00e0 la d\u00e9mission d\u2019Emmanuel Macron.\u00a0 \u00a9L\u2019Informateur d\u2019Eu<\/p>\n<p data-end=\"2706\" class=\" wall-content\">Les manifestants sont <b>de tous \u00e2ges<\/b> : <b>des gilets jaunes<\/b>, des salari\u00e9s de plusieurs entreprises, des jeunes, des retrait\u00e9s.<\/p>\n<p data-end=\"2822\" class=\" wall-content\">Cette action de barrage filtrant avait d\u00e9j\u00e0 \u00e9t\u00e9 utilis\u00e9e lors des mobilisations contre la r\u00e9forme des retraites.<\/p>\n<p data-end=\"3096\" class=\" wall-content\">La mobilisation est men\u00e9e sous la houlette d\u2019<b>Herv\u00e9 Lordel<\/b>, d\u00e9l\u00e9gu\u00e9 CFDT chez Hutchinson, \u00e0 Gamaches. \u00ab\u00a0Mais je suis ici en tant que gilet jaune. Nous bloquons tout, car nous refusons la politique d\u2019Emmanuel Macron\u00a0\u00bb, explique-t-il, d\u00e9non\u00e7ant une politique jug\u00e9e injuste.<\/p>\n<blockquote class=\"ac-article-quote wall-content\">\n<p>Il n\u2019y a pas que des ch\u00f4meurs ou des \u201ccassos\u201d, comme on peut lire sur les r\u00e9seaux sociaux. Il y a aussi des salari\u00e9s et des retrait\u00e9s qui ont du mal \u00e0 boucler les fins de mois et \u00e0 payer leurs factures\u00a0<\/p>\n<\/blockquote>\n<p>Vid\u00e9os : en ce moment sur Actu<\/p>\n<p data-end=\"3653\" class=\" wall-content\">Des participantes, panneaux \u00e0 la main, appellent \u00e0 la d\u00e9mission d\u2019<b>Emmanuel Macron<\/b>. \u00ab\u00a0Nous sommes l\u00e0 pour notre pouvoir d\u2019achat, contre la <b>suppression de deux jours f\u00e9ri\u00e9s<\/b>, et contre ceux qu\u2019ils veulent instaurer\u00a0\u00bb, lancent-elles.<br data-end=\"3575\"\/>Une autre manifestante pr\u00e9cise : \u00ab\u00a0Nous le faisons aussi pour nos enfants\u00a0\u00bb.<\/p>\n<p data-end=\"3880\" class=\" wall-content\">Les manifestants se disent pr\u00eats \u00e0 reconduire le mouvement dans les prochains jours tant qu\u2019ils n\u2019obtiennent pas satisfaction.<\/p>\n<p>Votre r\u00e9gion, votre actu !<\/p>\n<p>Recevez chaque jour les infos qui comptent pour vous.<\/p>\n<p>\t<a href=\"https:\/\/actu.fr\/newsletter\" class=\"ac-btn ac-btn--corner ac-btn--medium ac-btn--blue800\" target=\"_blank\" rel=\"noopener\">S&rsquo;incrire<\/a><\/p>\n<p data-end=\"3880\" class=\" wall-content\">Des tracts sont distribu\u00e9s aux automobilistes et plusieurs klaxonnent pour marquer leur soutien.<\/p>\n<p>L\u2019union locale de la CGT devant les entreprises<\/p>\n<p data-end=\"4343\" class=\" wall-content\">Ailleurs en ville, une d\u00e9l\u00e9gation de l\u2019<b>Union locale de la CGT <\/b>s\u2019est d\u00e9plac\u00e9e devant plusieurs entreprises de Eu et de la vall\u00e9e de la Bresle pour distribuer des tracts.<\/p>\n<p data-end=\"4343\" class=\" wall-content\">Le syndicat exige l\u2019abandon du projet de budget et la mise en place de mesures d\u2019urgence autour de cinq priorit\u00e9s : justice fiscale, justice sociale, financement des services publics, augmentation des salaires, arr\u00eat des licenciements.<\/p>\n<p data-end=\"4626\" class=\" wall-content\">La CGT appelle \u00e0 un <b>rassemblement<\/b> \u00e0 Eu, jeudi 18 septembre, \u00e0 14 h 30, sur la place Guillaume-le-Conqu\u00e9rant. Une r\u00e9union publique aura lieu le 21 septembre, \u00e0 14 h, au Chapiteau de la plage, place de la Batterie, au Tr\u00e9port, \u00e0 l\u2019occasion de la journ\u00e9e internationale pour la paix.<\/p>\n<p data-end=\"4794\" class=\" wall-content\">L\u2019Union locale des syndicats CGT Vimeu Bresle appelle, de son c\u00f4t\u00e9, \u00e0 un rassemblement au ch\u00e2teau d\u2019eau de <a href=\"https:\/\/actu.fr\/hauts-de-france\/friville-escarbotin_80368\" target=\"_blank\" rel=\"noopener\">Friville-Escarbotin<\/a> (Somme), le 18 septembre 2025 \u00e0 15 h.<\/p>\n<p class=\" wall-content\">Personnalisez votre actualit\u00e9 en ajoutant vos villes et m\u00e9dias en favori avec <a href=\"https:\/\/moncompte.actu.fr\" title=\"D\u00e9couvez Mon Actu\" rel=\"nofollow noopener\" data-trk=\"{&quot;cta&quot;:{&quot;action&quot;:&quot;https:\\\/\\\/moncompte.actu.fr&quot;,&quot;category&quot;:&quot;mon compte&quot;,&quot;from&quot;:&quot;article footer&quot;,&quot;name&quot;:&quot;Mon actu&quot;,&quot;type&quot;:&quot;cta&quot;}}\" target=\"_blank\">Mon Actu<\/a>.<\/p>\n","protected":false},"excerpt":{"rendered":"Par J\u00e9r\u00f4me Buresi Publi\u00e9 le 10 sept. 2025 \u00e0 13h02 La circulation est difficile autour du rond-point de&hellip;\n","protected":false},"author":2,"featured_media":380199,"comment_status":"","ping_status":"","sticky":false,"template":"","format":"standard","meta":{"footnotes":""},"categories":[1586],"tags":[11,47212,1777,674,1779,1011,27,50957,12,25,104,1778,364,3587],"class_list":{"0":"post-380198","1":"post","2":"type-post","3":"status-publish","4":"format-standard","5":"has-post-thumbnail","7":"category-europe","8":"tag-actualites","9":"tag-bloquons-tout","10":"tag-eu","11":"tag-europe","12":"tag-european-union","13":"tag-fr","14":"tag-france","15":"tag-mouvement-du-10-septembre","16":"tag-news","17":"tag-republique-francaise","18":"tag-societe","19":"tag-ue","20":"tag-union-europeenne","21":"tag-villes-soeurs"},"share_on_mastodon":{"url":"https:\/\/pubeurope.com\/@fr\/115179899429615399","error":""},"_links":{"self":[{"href":"https:\/\/www.europesays.com\/fr\/wp-json\/wp\/v2\/posts\/380198","targetHints":{"allow":["GET"]}}],"collection":[{"href":"https:\/\/www.europesays.com\/fr\/wp-json\/wp\/v2\/posts"}],"about":[{"href":"https:\/\/www.europesays.com\/fr\/wp-json\/wp\/v2\/types\/post"}],"author":[{"embeddable":true,"href":"https:\/\/www.europesays.com\/fr\/wp-json\/wp\/v2\/users\/2"}],"replies":[{"embeddable":true,"href":"https:\/\/www.europesays.com\/fr\/wp-json\/wp\/v2\/comments?post=380198"}],"version-history":[{"count":0,"href":"https:\/\/www.europesays.com\/fr\/wp-json\/wp\/v2\/posts\/380198\/revisions"}],"wp:featuredmedia":[{"embeddable":true,"href":"https:\/\/www.europesays.com\/fr\/wp-json\/wp\/v2\/media\/380199"}],"wp:attachment":[{"href":"https:\/\/www.europesays.com\/fr\/wp-json\/wp\/v2\/media?parent=380198"}],"wp:term":[{"taxonomy":"category","embeddable":true,"href":"https:\/\/www.europesays.com\/fr\/wp-json\/wp\/v2\/categories?post=380198"},{"taxonomy":"post_tag","embeddable":true,"href":"https:\/\/www.europesays.com\/fr\/wp-json\/wp\/v2\/tags?post=380198"}],"curies":[{"name":"wp","href":"https:\/\/api.w.org\/{rel}","templated":true}]}}