{"id":380200,"date":"2025-09-10T12:02:12","date_gmt":"2025-09-10T12:02:12","guid":{"rendered":"https:\/\/www.europesays.com\/fr\/380200\/"},"modified":"2025-09-10T12:02:12","modified_gmt":"2025-09-10T12:02:12","slug":"nous-les-aurons-la-prochaine-fois-assure-en-parlant-des-dirigeants-du-hamas-lambassadeur-disrael-aux-etats-unis","status":"publish","type":"post","link":"https:\/\/www.europesays.com\/fr\/380200\/","title":{"rendered":"\u00ab\u00a0Nous les aurons la prochaine fois\u00a0\u00bb, assure, en parlant des dirigeants du Hamas, l\u2019ambassadeur d\u2019Isra\u00ebl aux Etats-Unis"},"content":{"rendered":"<p>   La Commission europ\u00e9enne va proposer une suspension partielle de\u00a0l\u2019accord d\u2019association avec Isra\u00ebl, annonce Ursula von der Leyen               <img decoding=\"async\" class=\"post__live-container--img post__space-node\"  src=\"https:\/\/www.europesays.com\/fr\/wp-content\/uploads\/2025\/09\/b781afc_ftp-import-images-1-fgqs3dbj5nxa-5846683-01-06.jpg\" data- alt=\"La pr\u00e9sidente de la Commission europ\u00e9enne, Ursula von der Leyen, au Parlement europ\u00e9en \u00e0 Strasbourg, le\u00a010\u00a0septembre\u00a02025.\"\/>   La pr\u00e9sidente de la Commission europ\u00e9enne, Ursula von der Leyen, au Parlement europ\u00e9en \u00e0 Strasbourg, le\u00a010\u00a0septembre\u00a02025. SEBASTIEN BOZON \/ AFP               <\/p>\n<p class=\"post__live-container--answer-text post__space-node\">\u00ab\u00a0Nous proposerons des sanctions contre les ministres extr\u00e9mistes et les colons violents. Nous proposerons \u00e9galement une suspension partielle de l\u2019accord d\u2019association sur les questions li\u00e9es au commerce\u00a0\u00bb, a d\u00e9clar\u00e9 mercredi la pr\u00e9sidente de la Commission europ\u00e9enne, Ursula von der Leyen, devant les eurod\u00e9put\u00e9s, \u00e0 Strasbourg. Elle a toutefois reconnu qu\u2019il serait \u00ab\u00a0difficile\u00a0\u00bb de trouver une majorit\u00e9 d\u2019Etats membres pour adopter ces mesures.<\/p>\n<p class=\"post__live-container--answer-text post__space-node\">\u00ab\u00a0La famine caus\u00e9e par l\u2019homme ne peut jamais servir d\u2019arme de guerre\u00a0\u00bb, a rappel\u00e9 Mme\u00a0von der Leyen, en \u00e9voquant une situation\u00a0\u00ab\u00a0inacceptable\u00a0\u00bb\u00a0dans la bande de Gaza.<\/p>\n<p class=\"post__live-container--answer-text post__space-node\">Les r\u00e9centes d\u00e9cisions prises par le gouvernement isra\u00e9lien, dont les derniers projets de colonisation en Cisjordanie, qui risquent de la couper en deux, sont tout aussi\u00a0\u00ab\u00a0inacceptables\u00a0\u00bb, a estim\u00e9 la pr\u00e9sidente de la Commission. \u00ab\u00a0Tout cela t\u00e9moigne d\u2019une tentative claire de saper la solution \u00e0 deux Etats\u00a0(\u2026)\u00a0Nous ne devons pas laisser une chose pareille se produire\u00a0\u00bb, a-t-elle insist\u00e9.<\/p>\n<p class=\"post__live-container--answer-text post__space-node\">Les Vingt-Sept se sont, jusqu\u2019\u00e0 pr\u00e9sent, montr\u00e9s tr\u00e8s divis\u00e9s quant \u00e0 l\u2019attitude \u00e0 adopter face \u00e0 Isra\u00ebl. La Commission a, par exemple, propos\u00e9 de suspendre un programme d\u2019aide aux start-up isra\u00e9liennes, mais m\u00eame cette mesure plut\u00f4t\u00a0\u00ab\u00a0indulgente\u00a0\u00bb, selon la cheffe de la diplomatie europ\u00e9enne, Kaja Kallas, n\u2019a pu \u00eatre adopt\u00e9e faute de majorit\u00e9.<\/p>\n<p class=\"post__live-container--answer-text post__space-node\">L\u2019Union europ\u00e9enne est le premier partenaire commercial d\u2019Isra\u00ebl. La suspension du volet commercial de l\u2019accord d\u2019association, r\u00e9clam\u00e9e de longue date par plusieurs Etats membres, dont l\u2019Espagne et la Belgique, n\u2019emp\u00eacherait pas ces \u00e9changes, mais les droits de douane pr\u00e9f\u00e9rentiels ou leurs exemptions ne seraient plus appliqu\u00e9s.<strong> <\/strong><\/p>\n","protected":false},"excerpt":{"rendered":"La Commission europ\u00e9enne va proposer une suspension partielle de\u00a0l\u2019accord d\u2019association avec Isra\u00ebl, annonce Ursula von der Leyen La&hellip;\n","protected":false},"author":2,"featured_media":380201,"comment_status":"","ping_status":"","sticky":false,"template":"","format":"standard","meta":{"footnotes":""},"categories":[2],"tags":[11,1011,27,12,25],"class_list":{"0":"post-380200","1":"post","2":"type-post","3":"status-publish","4":"format-standard","5":"has-post-thumbnail","7":"category-actualites","8":"tag-actualites","9":"tag-fr","10":"tag-france","11":"tag-news","12":"tag-republique-francaise"},"share_on_mastodon":{"url":"https:\/\/pubeurope.com\/@fr\/115179903064326997","error":""},"_links":{"self":[{"href":"https:\/\/www.europesays.com\/fr\/wp-json\/wp\/v2\/posts\/380200","targetHints":{"allow":["GET"]}}],"collection":[{"href":"https:\/\/www.europesays.com\/fr\/wp-json\/wp\/v2\/posts"}],"about":[{"href":"https:\/\/www.europesays.com\/fr\/wp-json\/wp\/v2\/types\/post"}],"author":[{"embeddable":true,"href":"https:\/\/www.europesays.com\/fr\/wp-json\/wp\/v2\/users\/2"}],"replies":[{"embeddable":true,"href":"https:\/\/www.europesays.com\/fr\/wp-json\/wp\/v2\/comments?post=380200"}],"version-history":[{"count":0,"href":"https:\/\/www.europesays.com\/fr\/wp-json\/wp\/v2\/posts\/380200\/revisions"}],"wp:featuredmedia":[{"embeddable":true,"href":"https:\/\/www.europesays.com\/fr\/wp-json\/wp\/v2\/media\/380201"}],"wp:attachment":[{"href":"https:\/\/www.europesays.com\/fr\/wp-json\/wp\/v2\/media?parent=380200"}],"wp:term":[{"taxonomy":"category","embeddable":true,"href":"https:\/\/www.europesays.com\/fr\/wp-json\/wp\/v2\/categories?post=380200"},{"taxonomy":"post_tag","embeddable":true,"href":"https:\/\/www.europesays.com\/fr\/wp-json\/wp\/v2\/tags?post=380200"}],"curies":[{"name":"wp","href":"https:\/\/api.w.org\/{rel}","templated":true}]}}