{"id":380202,"date":"2025-09-10T12:03:11","date_gmt":"2025-09-10T12:03:11","guid":{"rendered":"https:\/\/www.europesays.com\/fr\/380202\/"},"modified":"2025-09-10T12:03:11","modified_gmt":"2025-09-10T12:03:11","slug":"manifestation-violente-en-cours-les-tcl-tres-perturbes","status":"publish","type":"post","link":"https:\/\/www.europesays.com\/fr\/380202\/","title":{"rendered":"manifestation violente en cours, les TCL tr\u00e8s perturb\u00e9s"},"content":{"rendered":"<p>            Par<br \/>\n        <strong><br \/>\n            <a href=\"https:\/\/actu.fr\/auteur\/anthony-soudani\" title=\"Consulter tous les articles de Anthony Soudani\" target=\"_blank\" rel=\"noopener\">Anthony Soudani<\/a><br \/>\n        <\/strong><\/p>\n<p>        Publi\u00e9 le<\/p>\n<p>            10 sept. 2025 \u00e0 11h52<br \/>\n        ; mis \u00e0 jour le 10 sept. 2025 \u00e0 13h53    <\/p>\n<p>Le mouvement <a href=\"https:\/\/actu.fr\/auvergne-rhone-alpes\/lyon_69123\/direct-bloquons-tout-le-10-septembre-blocages-manifestations-suivez-la-journee-a-lyon_63136003.html\" target=\"_blank\" rel=\"noopener\">\u00ab\u00a0Bloquons tout le 10 septembre\u00a0\u00bb est en cours \u00e0 Lyon<\/a> et dans plusieurs villes de France. Dans la capitale des Gaules, des groupes de manifestants compos\u00e9s de blacks blocs et de militants ont tent\u00e9 plusieurs blocages, pour la plupart lev\u00e9s par l\u2019intervention des policiers et des gendarmes mobiles qui n\u2019ont pas h\u00e9sit\u00e9 \u00e0 faire <strong>usage du gaz lacrymog\u00e8ne<\/strong>.\u00a0<\/p>\n<p class=\" wall-content\">Du c\u00f4t\u00e9 des Transports en commun lyonnais (TCL), plusieurs perturbations sont constat\u00e9es et sont, pour certaines, toujours en cours. Suivez le trafic en direct sur le <a href=\"https:\/\/www.tcl.fr\/\" target=\"_blank\" rel=\"noopener\">site des TCL<\/a>.<\/p>\n<p class=\" wall-content\">Depuis 13h30, une <strong>manifestation sauvage avec des affrontements<\/strong> entre manifestants et forces de l\u2019ordre est en cours dans le 3e arrondissement, sur les quais du Rh\u00f4ne. Ce qui provoque des difficult\u00e9s de circulation.<\/p>\n<p>Les lignes T1 et T4 perturb\u00e9es<\/p>\n<p class=\" wall-content\"><strong>La ligne circule T1<\/strong> circule de Debourg \u00e0 Charpennes Charles-Hernu. Les stations du Tonkin \u00e0 IUT Feyssine ne sont plus desservies dans les deux sens de circulation. La reprise de la circulation est estim\u00e9e \u00e0 14h.<\/p>\n<p class=\" wall-content\"><strong>La ligne T4<\/strong> circule uniquement de H\u00f4p. Feyzin V\u00e9nissieux \u00e0 Charpennes Charles Hernu. Les stations de La Doua \u2013 Gaston Berger auTonkin ne sont plus desservies. La reprise de la circulation est estim\u00e9e \u00e0 14h.<\/p>\n<p class=\" wall-content\">Un obstacle est pr\u00e9sent sur les voies. En effet, des sortes de barricades ont \u00e9t\u00e9 install\u00e9es sur les rails, au niveau du campus de la Doua.<\/p>\n<p class=\" wall-content\">\n<p class=\" wall-content\">\n<p>Des lignes de Bus touch\u00e9es<\/p>\n<p class=\" wall-content\">L\u2019<strong>importante ligne TB11 est perturb\u00e9e avec un terminus Saxe \u2013 Lafayette au lieu de Laurent Bonnevay<\/strong>. Une grande partie de la ligne n\u2019est plus desservie jusqu\u2019\u00e0 17h au moins.<\/p>\n<p>Votre r\u00e9gion, votre actu !<\/p>\n<p>Recevez chaque jour les infos qui comptent pour vous.<\/p>\n<p>\t<a href=\"https:\/\/actu.fr\/newsletter\" class=\"ac-btn ac-btn--corner ac-btn--medium ac-btn--blue800\" target=\"_blank\" rel=\"noopener\">S&rsquo;incrire<\/a><\/p>\n<p class=\" wall-content\">La ligne C5 est perturb\u00e9e par la manifestation en cours \u00e0 12h30. En direction de Rillieux Semailles, les arr\u00eats de Jean-Mac\u00e9 \u00e0 Edgar-Quinet ne sont plus desservis.<\/p>\n<p class=\" wall-content\">En direction de Jean-Mac\u00e9, les arr\u00eats de Foch \u00e0 Jean-Mac\u00e9 ne sont plus desservis. La reprise de la circulation est estim\u00e9e\u00a0\u00e0 14h30.<\/p>\n<p class=\" wall-content\">La ligne C11 est perturb\u00e9e depuis 13h30 et fait son terminus \u00e0 Archives d\u00e9partementales. La reprise est annonc\u00e9e pour 15h.<\/p>\n<p class=\" wall-content\">La C12 fait son terminus Route de Vienne, la C18 et la C14 sont terminus exceptionnel \u00e0 Terrasses Presqu\u2019\u00eele.\u00a0<\/p>\n<p>Une manifestation sauvage en cours<\/p>\n<p class=\" wall-content\">Un rassemblement des syndicats et des manifestants est en cours place Guichard, dans le 3e arrondissement de <a href=\"https:\/\/actu.fr\/lyon\/\" target=\"_blank\" rel=\"noopener\">Lyon<\/a>. Un cort\u00e8ge de plusieurs milliers de manifestants est parti en direction de la place Bahadourian, dans le 3e arrondissement. Ils arrivent au niveau du cours de la Libert\u00e9 \u00e0 13h23.\u00a0<\/p>\n<p class=\" wall-content\">Les policiers commencent \u00e0 utiliser du gaz lacrymog\u00e8ne pour disperser la foule, \u00e0 13h30.<\/p>\n<p class=\" wall-content\">\n<p>    <img   decoding=\"async\" loading=\"lazy\" src=\"https:\/\/www.europesays.com\/fr\/wp-content\/uploads\/2025\/09\/manifestant-lyon-place-guichard-960x640.jpg\" alt=\"Les manifestants r\u00e9unis place Guichard, \u00e0 Lyon, dans le 3e arrondissement.\" width=\"960\" height=\"640\"\/><br \/>\n    Les manifestants r\u00e9unis place Guichard, \u00e0 Lyon, dans le 3e arrondissement. (\u00a9Th\u00e9o Zuili \/ actu Lyon)<\/p>\n<p class=\" wall-content\">De nombreuses lignes de bus ont \u00e9galement \u00e9t\u00e9 perturb\u00e9es tout au long de la matin\u00e9e. Leur circulation reprend de mani\u00e8re progressive. Voici les principales concern\u00e9es : C17, C14, C6, C9, C1, C13, C7, TB11, 70, 25, 38\u2026<\/p>\n<p>Des annulations \u00e0 l\u2019a\u00e9roport de Lyon<\/p>\n<p class=\" wall-content\">Des perturbations sont par ailleurs en cours \u00e0 l\u2019<a href=\"https:\/\/actu.fr\/auvergne-rhone-alpes\/colombier-saugnieu_69299\/bloquons-tout-le-10-septembre-l-aeroport-de-lyon-met-en-garde-les-passagers_63135629.html\" target=\"_blank\" rel=\"noopener\">a\u00e9roport de Lyon Saint-Exup\u00e9ry<\/a>. Des vols \u00e0 destinations de Barcelone ce matin et de Nice dans l\u2019apr\u00e8s-midi sont d\u00e9j\u00e0 annul\u00e9s.<\/p>\n<p class=\" wall-content\">S\u00e9tif, Porto, Lisbonne, Ajaccio, Bordeaux, Munich\u2026 de nombreux sont, eux, retard\u00e9s depuis le d\u00e9but de la matin\u00e9e.<\/p>\n<p class=\" wall-content\">C\u2019est le cas de deux vols vers Limoges, l\u2019un a \u00e9t\u00e9 retard\u00e9 de 3h et l\u2019autre, pr\u00e9vu \u00e0 20h10, annul\u00e9.<\/p>\n<p class=\" wall-content\">La direction g\u00e9n\u00e9rale de l\u2019aviation civile invite les passagers qui le peuvent \u00ab \u00e0 reporter leur voyage et \u00e0 s\u2019informer aupr\u00e8s de leur compagnie a\u00e9rienne \u00bb.<\/p>\n<p class=\" wall-content\">Personnalisez votre actualit\u00e9 en ajoutant vos villes et m\u00e9dias en favori avec <a href=\"https:\/\/moncompte.actu.fr\" title=\"D\u00e9couvez Mon Actu\" rel=\"nofollow noopener\" data-trk=\"{&quot;cta&quot;:{&quot;action&quot;:&quot;https:\\\/\\\/moncompte.actu.fr&quot;,&quot;category&quot;:&quot;mon compte&quot;,&quot;from&quot;:&quot;article footer&quot;,&quot;name&quot;:&quot;Mon actu&quot;,&quot;type&quot;:&quot;cta&quot;}}\" target=\"_blank\">Mon Actu<\/a>.<\/p>\n","protected":false},"excerpt":{"rendered":"Par Anthony Soudani Publi\u00e9 le 10 sept. 2025 \u00e0 11h52 ; mis \u00e0 jour le 10 sept. 2025&hellip;\n","protected":false},"author":2,"featured_media":380203,"comment_status":"","ping_status":"","sticky":false,"template":"","format":"standard","meta":{"footnotes":""},"categories":[2],"tags":[11,47212,1011,27,50957,12,25,104,5787],"class_list":{"0":"post-380202","1":"post","2":"type-post","3":"status-publish","4":"format-standard","5":"has-post-thumbnail","7":"category-actualites","8":"tag-actualites","9":"tag-bloquons-tout","10":"tag-fr","11":"tag-france","12":"tag-mouvement-du-10-septembre","13":"tag-news","14":"tag-republique-francaise","15":"tag-societe","16":"tag-transports-en-commun-lyonnais-tcl"},"share_on_mastodon":{"url":"https:\/\/pubeurope.com\/@fr\/115179907033652932","error":""},"_links":{"self":[{"href":"https:\/\/www.europesays.com\/fr\/wp-json\/wp\/v2\/posts\/380202","targetHints":{"allow":["GET"]}}],"collection":[{"href":"https:\/\/www.europesays.com\/fr\/wp-json\/wp\/v2\/posts"}],"about":[{"href":"https:\/\/www.europesays.com\/fr\/wp-json\/wp\/v2\/types\/post"}],"author":[{"embeddable":true,"href":"https:\/\/www.europesays.com\/fr\/wp-json\/wp\/v2\/users\/2"}],"replies":[{"embeddable":true,"href":"https:\/\/www.europesays.com\/fr\/wp-json\/wp\/v2\/comments?post=380202"}],"version-history":[{"count":0,"href":"https:\/\/www.europesays.com\/fr\/wp-json\/wp\/v2\/posts\/380202\/revisions"}],"wp:featuredmedia":[{"embeddable":true,"href":"https:\/\/www.europesays.com\/fr\/wp-json\/wp\/v2\/media\/380203"}],"wp:attachment":[{"href":"https:\/\/www.europesays.com\/fr\/wp-json\/wp\/v2\/media?parent=380202"}],"wp:term":[{"taxonomy":"category","embeddable":true,"href":"https:\/\/www.europesays.com\/fr\/wp-json\/wp\/v2\/categories?post=380202"},{"taxonomy":"post_tag","embeddable":true,"href":"https:\/\/www.europesays.com\/fr\/wp-json\/wp\/v2\/tags?post=380202"}],"curies":[{"name":"wp","href":"https:\/\/api.w.org\/{rel}","templated":true}]}}