{"id":380204,"date":"2025-09-10T12:04:11","date_gmt":"2025-09-10T12:04:11","guid":{"rendered":"https:\/\/www.europesays.com\/fr\/380204\/"},"modified":"2025-09-10T12:04:11","modified_gmt":"2025-09-10T12:04:11","slug":"equipe-de-france-le-scenario-qui-pourrait-qualifier-les-bleus-pour-le-mondial-2026-des-le-13-octobre","status":"publish","type":"post","link":"https:\/\/www.europesays.com\/fr\/380204\/","title":{"rendered":"Equipe de France\u00a0: le sc\u00e9nario qui pourrait qualifier les Bleus pour le Mondial 2026 d\u00e8s le 13 octobre"},"content":{"rendered":"<p class=\"paragraph text_align_left lp-f-body-02\">Dans sa longue histoire, la France a tr\u00e8s souvent jou\u00e9 sa qualification pour une Coupe du monde au mois de novembre. La plupart du temps, depuis un demi-si\u00e8cle, la pi\u00e8ce est d\u2019ailleurs retomb\u00e9e du bon c\u00f4t\u00e9. La bande \u00e0 Mbapp\u00e9 pourrait ce coup-ci devancer l\u2019appel. On vous explique comment.<\/p>\n<p class=\"paragraph text_align_left lp-f-body-02\"><a href=\"https:\/\/www.leparisien.fr\/sports\/football\/coupe-du-monde\/france-islande-2-1-les-bleus-souffrent-mais-assurent-lessentiel-09-09-2025-4WM3AQE3XVGQXHLKXRZ42LBPV4.php\" target=\"_self\" rel=\"noopener\">Gr\u00e2ce \u00e0 ses deux succ\u00e8s initiaux<\/a> dans le groupe D \u2013 face \u00e0 l\u2019Ukraine (2-0), puis contre l\u2019Islande (2-1) \u2013 l\u2019\u00e9quipe de France s\u2019est d\u00e9j\u00e0 offert une voie royale vers la Coupe du monde 2026.<\/p>\n<p class=\"paragraph text_align_left lp-f-body-02\">Le nul conc\u00e9d\u00e9 par l\u2019Ukraine en Azerba\u00efdjan (1-1), ce mardi 9 septembre, a encore facilit\u00e9 les affaires des Bleus. Les voil\u00e0 seuls en t\u00eate, avec six points, devant l\u2019Islande (3 unit\u00e9s). Un avantage pr\u00e9cieux dans un mini-championnat qui se joue sur un rythme acc\u00e9l\u00e9r\u00e9, six rencontres concentr\u00e9es en moins de trois mois pour les qualifications europ\u00e9ennes.<\/p>\n<p>Il faudra un nul entre l\u2019Islande et l\u2019Ukraine<\/p>\n<p class=\"paragraph text_align_left lp-f-body-02\">Dans ce contexte, les hommes de Didier Deschamps pourraient valider leur ticket pour le Mondial am\u00e9ricain d\u00e8s le prochain rassemblement, programm\u00e9 en octobre o\u00f9 <a href=\"https:\/\/www.leparisien.fr\/sports\/football\/coupe-du-monde\/equipe-de-france-tchouameni-dembele-cherki-saliba-vers-une-cascade-de-forfaits-pour-les-matchs-doctobre-10-09-2025-GKTWEJL4ZRHGNANQYEHLJK27NE.php\" target=\"_self\" rel=\"noopener\">ils devront toutefois composer avec de nombreux absents<\/a> et des incertitudes (Demb\u00e9l\u00e9, Cherki, Tchouameni, Saliba, Dou\u00e9). Ils accueilleront l\u2019Azerba\u00efdjan, consid\u00e9r\u00e9 comme la formation la plus faible de la poule, le 10 octobre au Parc des Princes, avant d\u2019aller d\u00e9fier l\u2019Islande, trois jours plus tard.<\/p>\n<p class=\"paragraph text_align_left lp-f-body-02\">Le sc\u00e9nario est simple : en cas de double victoire, la France n\u2019aurait plus qu\u2019\u00e0 miser sur un partage des points entre l\u2019Islande et l\u2019Ukraine, le 10 octobre, pour obtenir officiellement sa qualification d\u00e8s la quatri\u00e8me journ\u00e9e.<\/p>\n<p class=\"paragraph text_align_left lp-f-body-02\">Cela permettrait aux Tricolores d\u2019aborder la derni\u00e8re fen\u00eatre internationale, en novembre, sans v\u00e9ritable pression : la r\u00e9ception de l\u2019Ukraine le 13, puis un voyage en Azerba\u00efdjan le 16, qui serviraient davantage \u00e0 peaufiner les automatismes qu\u2019\u00e0 jouer leur avenir mondialiste.<\/p>\n<p class=\"paragraph text_align_left lp-f-body-02\">Le tirage au sort de la Coupe du monde 2026 aura lieu le 5 d\u00e9cembre au Kennedy Center de Washington. Pour rappel, l\u2019\u00e9preuve se tiendra aux \u00c9tats-Unis, au Mexique et au Canada du 11 juin au 19 juillet 2026.<\/p>\n","protected":false},"excerpt":{"rendered":"Dans sa longue histoire, la France a tr\u00e8s souvent jou\u00e9 sa qualification pour une Coupe du monde au&hellip;\n","protected":false},"author":2,"featured_media":380205,"comment_status":"","ping_status":"","sticky":false,"template":"","format":"standard","meta":{"footnotes":""},"categories":[4],"tags":[11,451,63,1011,27,12,25,60],"class_list":{"0":"post-380204","1":"post","2":"type-post","3":"status-publish","4":"format-standard","5":"has-post-thumbnail","7":"category-france","8":"tag-actualites","9":"tag-coupe-du-monde","10":"tag-football","11":"tag-fr","12":"tag-france","13":"tag-news","14":"tag-republique-francaise","15":"tag-sports"},"share_on_mastodon":{"url":"https:\/\/pubeurope.com\/@fr\/115179910787979436","error":""},"_links":{"self":[{"href":"https:\/\/www.europesays.com\/fr\/wp-json\/wp\/v2\/posts\/380204","targetHints":{"allow":["GET"]}}],"collection":[{"href":"https:\/\/www.europesays.com\/fr\/wp-json\/wp\/v2\/posts"}],"about":[{"href":"https:\/\/www.europesays.com\/fr\/wp-json\/wp\/v2\/types\/post"}],"author":[{"embeddable":true,"href":"https:\/\/www.europesays.com\/fr\/wp-json\/wp\/v2\/users\/2"}],"replies":[{"embeddable":true,"href":"https:\/\/www.europesays.com\/fr\/wp-json\/wp\/v2\/comments?post=380204"}],"version-history":[{"count":0,"href":"https:\/\/www.europesays.com\/fr\/wp-json\/wp\/v2\/posts\/380204\/revisions"}],"wp:featuredmedia":[{"embeddable":true,"href":"https:\/\/www.europesays.com\/fr\/wp-json\/wp\/v2\/media\/380205"}],"wp:attachment":[{"href":"https:\/\/www.europesays.com\/fr\/wp-json\/wp\/v2\/media?parent=380204"}],"wp:term":[{"taxonomy":"category","embeddable":true,"href":"https:\/\/www.europesays.com\/fr\/wp-json\/wp\/v2\/categories?post=380204"},{"taxonomy":"post_tag","embeddable":true,"href":"https:\/\/www.europesays.com\/fr\/wp-json\/wp\/v2\/tags?post=380204"}],"curies":[{"name":"wp","href":"https:\/\/api.w.org\/{rel}","templated":true}]}}