{"id":380206,"date":"2025-09-10T12:07:17","date_gmt":"2025-09-10T12:07:17","guid":{"rendered":"https:\/\/www.europesays.com\/fr\/380206\/"},"modified":"2025-09-10T12:07:17","modified_gmt":"2025-09-10T12:07:17","slug":"des-supporters-ont-vecu-un-cauchemar-face-a-lubb-avec-des-insultes-et-des-jets-de-bieres","status":"publish","type":"post","link":"https:\/\/www.europesays.com\/fr\/380206\/","title":{"rendered":"des supporters ont v\u00e9cu un cauchemar face \u00e0 l\u2019UBB avec des insultes et des jets de bi\u00e8res"},"content":{"rendered":"<p>De tristes incidents en marge de la premi\u00e8re journ\u00e9e de Top 14. L\u2019un des chocs de l\u2019ouverture de la saison opposait <a href=\"https:\/\/www.quinzemondial.com\/top-14\/ubb-brillant-pour-son-retour-woki-affiche-de-grosses-ambitions-pour-concurrencer-toulouse-818594\" target=\"_blank\" rel=\"noopener\">l\u2019Union Bordeaux-B\u00e8gles<\/a> au Stade Rochelais. Devant leur public \u00e0 Chaban-Delmas, les hommes de Yannick Bru se sont offerts un pr\u00e9cieux succ\u00e8s au terme d\u2019une<a href=\"https:\/\/www.quinzemondial.com\/top-14\/la-rochelle-jegou-annonce-un-changement-de-style-pour-le-club-les-maritimes-sont-ambitieux-818596\" target=\"_blank\" rel=\"noopener\"> rencontre ouverte et spectaculaire.<\/a><\/p>\n<p>N\u00e9anmoins, l\u2019ambiance a \u00e9t\u00e9 g\u00e2ch\u00e9e pour certains supporters maritimes. Comme le rapporte l\u2019association \u00ab\u00a0Agir avec le XV Rochelais\u00a0\u00bb, certains de leurs adh\u00e9rents ont \u00e9t\u00e9 pris \u00e0 partie par des \u00ab\u00a0supporters\u00a0\u00bb de l\u2019UBB. Ils auraient ainsi \u00e9t\u00e9 victimes de \u00ab\u00a0doigts d\u2019honneur\u00a0\u00bb, \u00ab\u00a0d\u2019insultes\u00a0\u00bb et de \u00ab\u00a0jets de bi\u00e8res\u00a0\u00bb comme le rapporte l\u2019association. Une supportrice a m\u00eame \u00e9t\u00e9 contrainte de s\u2019absenter lors de la premi\u00e8re p\u00e9riode, ne pouvant suivre que la deuxi\u00e8me mi-temps en raison de ces d\u00e9bordements.<\/p>\n<p>Un signalement d\u00e9pos\u00e9<\/p>\n<p>Le club de supporters a d\u00e9cid\u00e9 de faire un signalement \u00e0 la F\u00e9d\u00e9ration fran\u00e7aise des supporters de rugby pour d\u00e9noncer ces agissements, tout en rappelant que des fans rochelais avaient d\u00e9j\u00e0 \u00e9t\u00e9 pris \u00e0 partie l\u2019an pass\u00e9 lors de cette m\u00eame affiche, avec des voitures immatricul\u00e9es 17 ray\u00e9es aux abords du stade.<\/p>\n<p>\u00a0<\/p>\n<\/p>\n<p>\u00a0<\/p>\n<p>Partagez cette info avec vos amis et vos proches en cliquant ici<br \/>Pour r\u00e9sumer<\/p>\n<p>Des adh\u00e9rents de l\u2019association \u00ab Agir avec le XV Rochelais \u00bb ont d\u00e9nonc\u00e9 les comportements de certains supporters bordelais lors de la rencontre entre l\u2019UBB et La Rochelle, ce samedi \u00e0 Chaban-Delmas.<\/p>\n<p> <img decoding=\"async\" width=\"76\" height=\"76\" loading=\"lazy\" src=\"https:\/\/www.europesays.com\/fr\/wp-content\/uploads\/2025\/04\/avatar-quinze.png\" alt=\"La r\u00e9daction\"\/><\/p>\n","protected":false},"excerpt":{"rendered":"De tristes incidents en marge de la premi\u00e8re journ\u00e9e de Top 14. L\u2019un des chocs de l\u2019ouverture de&hellip;\n","protected":false},"author":2,"featured_media":380207,"comment_status":"","ping_status":"","sticky":false,"template":"","format":"standard","meta":{"footnotes":""},"categories":[1416],"tags":[1011,27,479,1468,60],"class_list":{"0":"post-380206","1":"post","2":"type-post","3":"status-publish","4":"format-standard","5":"has-post-thumbnail","7":"category-rugby","8":"tag-fr","9":"tag-france","10":"tag-rugby","11":"tag-rugby-football","12":"tag-sports"},"share_on_mastodon":{"url":"https:\/\/pubeurope.com\/@fr\/115179922799119141","error":""},"_links":{"self":[{"href":"https:\/\/www.europesays.com\/fr\/wp-json\/wp\/v2\/posts\/380206","targetHints":{"allow":["GET"]}}],"collection":[{"href":"https:\/\/www.europesays.com\/fr\/wp-json\/wp\/v2\/posts"}],"about":[{"href":"https:\/\/www.europesays.com\/fr\/wp-json\/wp\/v2\/types\/post"}],"author":[{"embeddable":true,"href":"https:\/\/www.europesays.com\/fr\/wp-json\/wp\/v2\/users\/2"}],"replies":[{"embeddable":true,"href":"https:\/\/www.europesays.com\/fr\/wp-json\/wp\/v2\/comments?post=380206"}],"version-history":[{"count":0,"href":"https:\/\/www.europesays.com\/fr\/wp-json\/wp\/v2\/posts\/380206\/revisions"}],"wp:featuredmedia":[{"embeddable":true,"href":"https:\/\/www.europesays.com\/fr\/wp-json\/wp\/v2\/media\/380207"}],"wp:attachment":[{"href":"https:\/\/www.europesays.com\/fr\/wp-json\/wp\/v2\/media?parent=380206"}],"wp:term":[{"taxonomy":"category","embeddable":true,"href":"https:\/\/www.europesays.com\/fr\/wp-json\/wp\/v2\/categories?post=380206"},{"taxonomy":"post_tag","embeddable":true,"href":"https:\/\/www.europesays.com\/fr\/wp-json\/wp\/v2\/tags?post=380206"}],"curies":[{"name":"wp","href":"https:\/\/api.w.org\/{rel}","templated":true}]}}